{"id":491356,"date":"2025-10-26T15:03:12","date_gmt":"2025-10-26T15:03:12","guid":{"rendered":"https:\/\/www.europesays.com\/fr\/491356\/"},"modified":"2025-10-26T15:03:12","modified_gmt":"2025-10-26T15:03:12","slug":"katy-perry-et-justin-trudeau-saffichent-main-dans-la-main-lors-dune-soiree-a-paris","status":"publish","type":"post","link":"https:\/\/www.europesays.com\/fr\/491356\/","title":{"rendered":"Katy Perry et Justin Trudeau s\u2019affichent main dans la main lors d\u2019une soir\u00e9e \u00e0 Paris"},"content":{"rendered":"<p>        <img decoding=\"async\" loading=\"lazy\" src=\"https:\/\/www.europesays.com\/fr\/wp-content\/uploads\/2025\/10\/86d9127_upload-1-0zcthcnhhgfe-design-sans-titre.jpg\"  width=\"728\" height=\"410\" alt=\"Katy Perry et Justin Trudeau s\u2019affichent main dans la main lors d\u2019une soir\u00e9e \u00e0 Paris. (montage d\u2019illustration \u00e0 partir de photos AFP)\"\/>  <\/p>\n<p>Montage Le HuffPost avec AFP<\/p>\n<p>Katy Perry et Justin Trudeau s\u2019affichent main dans la main lors d\u2019une soir\u00e9e \u00e0 Paris. (montage d\u2019illustration \u00e0 partir de photos AFP)<\/p>\n<p class=\"asset asset-text\">PEOPLE &#8211; Faut-il y voir une officialisation\u00a0? Apr\u00e8s des mois de rumeurs relay\u00e9es par la presse et sur les r\u00e9seaux sociaux, <a href=\"https:\/\/www.huffingtonpost.fr\/culture\/article\/katy-perry-va-rythmer-l-ete-2026-des-francais-en-festival-des-vieilles-charrues-au-lovely-brive-festival_255976.html\" target=\"_blank\" rel=\"noopener nofollow\" title=\"Nouvelle fen\u00eatre\">Katy Perry<\/a> et Justin Trudeau sont apparus officiellement main dans la main samedi 25\u00a0octobre \u00e0 Paris. Comme en t\u00e9moignent les images de <a href=\"https:\/\/www.parismatch.com\/People\/en-video-katy-perry-et-justin-trudeau-officialisent-leur-relation-a-paris-259167\" target=\"_blank\" rel=\"noopener nofollow\" title=\"Nouvelle fen\u00eatre\">Paris Match<\/a>, la chanteuse et l\u2019ex-Premier ministre canadien se sont rendus \u00e0 une soir\u00e9e cabaret au Crazy Horse, c\u00e9l\u00e8bre cabaret du quartier des Champs-\u00c9lys\u00e9es.<\/p>\n<p class=\"asset asset-text\">Cette apparition \u00e0 deux intervient alors que Katy Perry est de passage en France pour sa tourn\u00e9e \u00ab\u00a0Lifetimes Tour\u00a0\u00bb avec plusieurs dates \u00e0 Bercy, dont une le soir de son anniversaire. Elle est entr\u00e9e dans le <a href=\"https:\/\/www.huffingtonpost.fr\/culture\/video\/crazy-horse-on-a-rencontre-violet-chachki-premiere-star-mondiale-du-drag-a-performer-au-cabaret_235739.html\" rel=\"nofollow noopener\" target=\"_blank\">Crazy Horse<\/a> en tenant la main de Justin Trudeau. La popstar am\u00e9ricaine a accept\u00e9 une rose qu\u2019on lui tendait tandis que le Canadien saluait les photographes, <strong>comme vous pouvez le voir dans la vid\u00e9o ci-dessous<\/strong>, publi\u00e9e sur Instagram par Paris Match,<\/p>\n<p class=\"asset asset-text\">Si le magazine \u2013 tout comme Gala et Madame Figaro \u2013 voit dans cette sortie \u00e0 deux une \u00ab\u00a0officialisation\u00a0\u00bb de leur couple, c\u2019est parce que cette apparition face aux cam\u00e9ras semble plus assum\u00e9e que les photos qui fuitent dans la presse people depuis plusieurs mois. Tout a commenc\u00e9 fin juillet quand le site am\u00e9ricain <a href=\"https:\/\/www.huffingtonpost.fr\/people\/article\/la-rumeur-entre-katy-perry-et-justin-trudeau-enflamme-la-presse-apres-un-diner-une-promenade-et-le-concert_253139.html\" rel=\"nofollow noopener\" target=\"_blank\">TMZ<\/a> a publi\u00e9 une vid\u00e9o \u00e0 la vol\u00e9e de Katy Perry et Justin Trudeau dans un restaurant, alimentant les rumeurs.<\/p>\n<p> La lecture de ce contenu est susceptible d\u2019entra\u00eener un d\u00e9p\u00f4t de cookies de la part de l\u2019op\u00e9rateur tiers qui l\u2019h\u00e9berge. Compte-tenu des choix que vous avez exprim\u00e9s en mati\u00e8re de d\u00e9p\u00f4t de cookies, nous avons bloqu\u00e9 l\u2019affichage de ce contenu. Si vous souhaitez y acc\u00e9der, vous devez accepter la cat\u00e9gorie de cookies \u201cContenus tiers\u201d en cliquant sur le bouton ci-dessous. <\/p>\n<p> Lire la Vid\u00e9o        Des photos en octobre \u00e0 Santa Barbara avaient aliment\u00e9 la rumeur    <\/p>\n<p class=\"asset asset-text\">Il y a une dizaine de jours, ce sont des images de la chanteuse et de l\u2019ex-Premier ministre sur un yatch dans la baie californienne de Santa Barbara qui avaient beaucoup fait parler. <a href=\"https:\/\/www.huffingtonpost.fr\/justice\/article\/a-la-demande-de-gisele-pelicot-paris-match-va-verser-40-000-euros-a-ces-associations_251175.html\" rel=\"nofollow noopener\" target=\"_blank\">Paris Match<\/a> et plusieurs tablo\u00efds internationaux parlaient d\u2019ailleurs d\u00e9j\u00e0 d\u2019\u00ab\u00a0officialisation\u00a0\u00bb \u00e0 ce moment-l\u00e0. Si la vie sentimentale de Katy\u00a0Perry fascine \u00e0 ce point, c\u2019est aussi parce que la popstar est fra\u00eechement s\u00e9par\u00e9e de l\u2019acteur <a href=\"https:\/\/www.huffingtonpost.fr\/people\/article\/katy-perry-et-orlando-bloom-confirment-leur-separation-sans-le-dire_252232.html\" rel=\"nofollow noopener\" target=\"_blank\">Orlando Bloom<\/a>, avec qui elle formait un couple m\u00e9diatique depuis pr\u00e8s de 10\u00a0ans.<\/p>\n<p class=\"asset asset-text\">Comme le rel\u00e8ve Paris Match dans son article paru ce dimanche, Justin Trudeau n\u2019\u00e9tait pas non plus c\u00e9libataire depuis tr\u00e8s longtemps. Son divorce avec son ex-\u00e9pouse Sophie Gr\u00e9goire remonte \u00e0 l\u2019\u00e9t\u00e9 2023, quand il \u00e9tait encore Premier ministre du Canada. P\u00e8re de trois enfants, il a quitt\u00e9 le pouvoir en mars\u00a02025, au comble de l\u2019impopularit\u00e9, pour laisser la place \u00e0 <a href=\"https:\/\/www.huffingtonpost.fr\/international\/article\/donald-trump-provoque-mark-carney-qui-lui-rappelle-que-le-canada-ne-sera-jamais-a-vendre_249700.html\" rel=\"nofollow noopener\" target=\"_blank\">Mark Carney<\/a>, lui aussi membre du Parti Lib\u00e9ral et encore \u00e0 la t\u00eate du pays de l\u2019\u00e9rable.<\/p>\n","protected":false},"excerpt":{"rendered":"Montage Le HuffPost avec AFP Katy Perry et Justin Trudeau s\u2019affichent main dans la main lors d\u2019une soir\u00e9e&hellip;\n","protected":false},"author":2,"featured_media":491357,"comment_status":"","ping_status":"","sticky":false,"template":"","format":"standard","meta":{"footnotes":""},"categories":[2],"tags":[11,58,1011,27,15906,8553,12,973,25],"class_list":{"0":"post-491356","1":"post","2":"type-post","3":"status-publish","4":"format-standard","5":"has-post-thumbnail","7":"category-actualites","8":"tag-actualites","9":"tag-divertissement","10":"tag-fr","11":"tag-france","12":"tag-justin-trudeau","13":"tag-katy-perry","14":"tag-news","15":"tag-people","16":"tag-republique-francaise"},"share_on_mastodon":{"url":"https:\/\/pubeurope.com\/@fr\/115441081228042417","error":""},"_links":{"self":[{"href":"https:\/\/www.europesays.com\/fr\/wp-json\/wp\/v2\/posts\/491356","targetHints":{"allow":["GET"]}}],"collection":[{"href":"https:\/\/www.europesays.com\/fr\/wp-json\/wp\/v2\/posts"}],"about":[{"href":"https:\/\/www.europesays.com\/fr\/wp-json\/wp\/v2\/types\/post"}],"author":[{"embeddable":true,"href":"https:\/\/www.europesays.com\/fr\/wp-json\/wp\/v2\/users\/2"}],"replies":[{"embeddable":true,"href":"https:\/\/www.europesays.com\/fr\/wp-json\/wp\/v2\/comments?post=491356"}],"version-history":[{"count":0,"href":"https:\/\/www.europesays.com\/fr\/wp-json\/wp\/v2\/posts\/491356\/revisions"}],"wp:featuredmedia":[{"embeddable":true,"href":"https:\/\/www.europesays.com\/fr\/wp-json\/wp\/v2\/media\/491357"}],"wp:attachment":[{"href":"https:\/\/www.europesays.com\/fr\/wp-json\/wp\/v2\/media?parent=491356"}],"wp:term":[{"taxonomy":"category","embeddable":true,"href":"https:\/\/www.europesays.com\/fr\/wp-json\/wp\/v2\/categories?post=491356"},{"taxonomy":"post_tag","embeddable":true,"href":"https:\/\/www.europesays.com\/fr\/wp-json\/wp\/v2\/tags?post=491356"}],"curies":[{"name":"wp","href":"https:\/\/api.w.org\/{rel}","templated":true}]}}