{"id":491366,"date":"2025-10-26T15:14:15","date_gmt":"2025-10-26T15:14:15","guid":{"rendered":"https:\/\/www.europesays.com\/fr\/491366\/"},"modified":"2025-10-26T15:14:15","modified_gmt":"2025-10-26T15:14:15","slug":"cc-coupe-de-france-albi-elite-u23-femmes-2-celia-gery-1ere-actualite","status":"publish","type":"post","link":"https:\/\/www.europesays.com\/fr\/491366\/","title":{"rendered":"CC &#8211; Coupe de France &#8211; Albi &#8211; \u00c9lite &#038; U23 Femmes #2 : C\u00e9lia Gery 1\u00e8re &#8211; Actualit\u00e9"},"content":{"rendered":"<p>                                                                    <img decoding=\"async\" src=\"https:\/\/www.europesays.com\/fr\/wp-content\/uploads\/2025\/10\/68fe2d7f10127.jpg\" height=\"auto\" loading=\"lazy\"\/><br \/>\n                                                                    Cr\u00e9dit photo Fabien Lenfant &#8211; DirectVelo<\/p>\n<p class=\"images-caption\">Cr\u00e9dit photo Fabien Lenfant &#8211; DirectVelo<\/p>\n<p class=\"metadata\">\n            Par<br \/>\n        <strong class=\"text-black\">    <a href=\"https:\/\/www.directvelo.com\/auteur\/2\/nicolas-gachet\" class=\"hover-underline\" rel=\"author noopener\" target=\"_blank\">NICOLAS GACHET<\/a><br \/>\n<\/strong><br \/>\n                    <br \/>Le<br \/>\n    26 octobre 2025, 15:05<\/p>\n<p style=\"text-align: justify;\">C\u00e9lia Gery (AS Bike Racing-France Literie) a remport\u00e9, ce dimanche, \u00e0 Albi (Tarn), la deuxi\u00e8me manche de la Coupe de France \u00c9lite &amp; U23 Femmes de cyclo-cross. Elle a devanc\u00e9 sa co\u00e9quipi\u00e8re Amandine Muller et Amandine Vidon (VC Amb\u00e9rieu).<\/p>\n<p><strong>Classement non-officiel :<br \/><\/strong>1. GERY C\u00e9lia AS BIKE RACING \/ FRANCE LITERIE 53:18<br \/>2. MULLER Amandine AS BIKE RACING \/ FRANCE LITERIE +01:59<br \/>3. VIDON Amandine VELO CLUB D&rsquo;AMBERIEU +02:10<br \/>4. KLAES Lise U.V.C.A TROYES +02:44<br \/>5. MOULIN Ana\u00efs U.C. ALBENASSIENNE +02:50<br \/>6. MORICHON Ana\u00efs TEAM GUEVEL ROADBORN +02:56<br \/>7. DEVIGNE Camille CJ O&rsquo;SHEA RACING TEAM +04:11<br \/>8. VALADE Alexandra VC ELANCOURT ST QUENTIN EN YVELINES TEAM VOUSSERT +04:31<br \/>9. RIGAUX Alizee TEAM SPRINT ENERGY +05:22<br \/>10. JOUAULT Ambre CC VITREEN +05:22<br \/>11. AVELINE Enora AC LANESTER 56 +05:56<br \/>12. SOUYRIS Manon ALBI VELO SPORT +06:06<br \/>13. LAVENU Nina AG INSURANCE SOUDAL U23 +06:14<br \/>14. MOISSONNIER Marie LYON SPRINT EVOLUTION +06:31<br \/>15. BONNIN Noemie US VERN CYCLISME +06:56<br \/>16. LISABOIS Lola CYCLO CLUB DU MADIRANAIS +07:06<br \/>17. ROGER Hugoline VC FERTE MACE +07:26<br \/>18. LE BRAS Justine VC ELANCOURT ST QUENTIN EN YVELINES TEAM VOUSSERT +07:32<br \/>19. WEINGARTEN Audrey TEAM CX CHARTRES +08:04<br \/>20. LALANNE Johanna TEAM CROSS TECHNO CONCEPT URBALOC + 2 tours<br \/>21. CORABOEUF Lea AC LANESTER 56 + 2 tours<br \/>22. YANNIC Tifenn EC LANDERNEAU + 2 tours<br \/>23. CHESNEAU Romane VC ELANCOURT ST QUENTIN EN YVELINES TEAM VOUSSERT + 2 tours<br \/>24. VERDIER Juliette TEAM CX CHARTRES + 2 tours<br \/>25. VERNEZOUL Yl\u00e9a TEAM AVESNOIS + 2 tours<br \/>26. MORICEAU Clarisse DURTAL VELO SPORT + 2 tours<br \/>27. DE MIGUEL ETXEBARRIA Nahia KUSKUMENDI MTB + 2 tours<br \/>28. DAUMAS Noemie AC LANESTER 56 + 2 tours<br \/>29. REYNIER Romane U.V.C.A TROYES + 3 tours<br \/>30. LIBOREAU Manon TEAM CROSS TECHNO CONCEPT URBALOC + 3 tours<br \/>31. CORRET S\u00e9verine NATUR&rsquo;BIKE PIERREVERT + 3 tours<br \/>32. FROUARD Diane LA ROCHE SUR YON VENDEE CYCLISME + 3 tours<br \/>33. GAFFE Cassandra PARISIS A.C. 95 + 3 tours<br \/>34. BRAMOULLE Pauline UC ALENCON DAMIGNY + 3 tours<br \/>35. ROBERT Margot V.C. PIERRELATTE + 3 tours<br \/>36. BARBEREAU Juliette TEAM ALLINGES PUBLIER + 3 tours<br \/>37. LECOQ Alizea LE MANS SARTHE VELO + 3 tours<br \/>38. BRAMOULLE Manon UC ALENCON DAMIGNY + 3 tours<br \/>39. FAVREAU Pauline US ST PIERRE DES CORPS + 3 tours<br \/>40. ALMANSA Carla TEAM CROSS TECHNO CONCEPT URBALOC + 4 tours<br \/>41. BONNELLIER CARON Elsa BEAUVAIS TEAM CYCLISTE + 4 tours<br \/>42. MENANT Yulizh EC LANDERNEAU + 4 tours<br \/><strong><br \/><\/strong>Plus d&rsquo;informations \u00e0 venir.<\/p>\n<p>            En savoir plus : coureurs et \u00e9quipes associ\u00e9s<\/p>\n<p>                Coureurs<\/p>\n<p>                    <img decoding=\"async\" src=\"https:\/\/www.europesays.com\/fr\/wp-content\/uploads\/2025\/10\/6780e66148791.png\" height=\"auto\" loading=\"lazy\"\/><\/p>\n<p>                            Portrait de C\u00e9lia GERY<\/p>\n<p>                \u00c9quipes<\/p>\n","protected":false},"excerpt":{"rendered":"Cr\u00e9dit photo Fabien Lenfant &#8211; DirectVelo Cr\u00e9dit photo Fabien Lenfant &#8211; DirectVelo Par NICOLAS GACHET Le 26 octobre&hellip;\n","protected":false},"author":2,"featured_media":491367,"comment_status":"","ping_status":"","sticky":false,"template":"","format":"standard","meta":{"footnotes":""},"categories":[1411],"tags":[834,828,836,829,837,827,83,826,824,823,1154,207,814,817,815,816,822,821,832,211,839,1011,27,820,818,819,835,831,830,833,838,60,212,208,825],"class_list":{"0":"post-491366","1":"post","2":"type-post","3":"status-publish","4":"format-standard","5":"has-post-thumbnail","7":"category-cyclisme","8":"tag-attaque","9":"tag-belgique","10":"tag-braquet","11":"tag-bretagne","12":"tag-chute","13":"tag-competition","14":"tag-coupe-de-france","15":"tag-coureur","16":"tag-course-cyclisme","17":"tag-course-cycliste","18":"tag-cycling","19":"tag-cyclisme","20":"tag-direct","21":"tag-direct-velo","22":"tag-directvelo","23":"tag-directvelo-com","24":"tag-epreuve","25":"tag-epreuve-cycliste","26":"tag-federation-francaise-de-cyclisme","27":"tag-ffc","28":"tag-flandres","29":"tag-fr","30":"tag-france","31":"tag-live","32":"tag-live-course","33":"tag-live-epreuve","34":"tag-peloton","35":"tag-radio-peloton","36":"tag-radio-tour","37":"tag-ravitaillement","38":"tag-relance","39":"tag-sports","40":"tag-uci","41":"tag-velo","42":"tag-velos"},"share_on_mastodon":{"url":"https:\/\/pubeurope.com\/@fr\/115441125382243604","error":""},"_links":{"self":[{"href":"https:\/\/www.europesays.com\/fr\/wp-json\/wp\/v2\/posts\/491366","targetHints":{"allow":["GET"]}}],"collection":[{"href":"https:\/\/www.europesays.com\/fr\/wp-json\/wp\/v2\/posts"}],"about":[{"href":"https:\/\/www.europesays.com\/fr\/wp-json\/wp\/v2\/types\/post"}],"author":[{"embeddable":true,"href":"https:\/\/www.europesays.com\/fr\/wp-json\/wp\/v2\/users\/2"}],"replies":[{"embeddable":true,"href":"https:\/\/www.europesays.com\/fr\/wp-json\/wp\/v2\/comments?post=491366"}],"version-history":[{"count":0,"href":"https:\/\/www.europesays.com\/fr\/wp-json\/wp\/v2\/posts\/491366\/revisions"}],"wp:featuredmedia":[{"embeddable":true,"href":"https:\/\/www.europesays.com\/fr\/wp-json\/wp\/v2\/media\/491367"}],"wp:attachment":[{"href":"https:\/\/www.europesays.com\/fr\/wp-json\/wp\/v2\/media?parent=491366"}],"wp:term":[{"taxonomy":"category","embeddable":true,"href":"https:\/\/www.europesays.com\/fr\/wp-json\/wp\/v2\/categories?post=491366"},{"taxonomy":"post_tag","embeddable":true,"href":"https:\/\/www.europesays.com\/fr\/wp-json\/wp\/v2\/tags?post=491366"}],"curies":[{"name":"wp","href":"https:\/\/api.w.org\/{rel}","templated":true}]}}