{"id":491370,"date":"2025-10-26T15:16:19","date_gmt":"2025-10-26T15:16:19","guid":{"rendered":"https:\/\/www.europesays.com\/fr\/491370\/"},"modified":"2025-10-26T15:16:19","modified_gmt":"2025-10-26T15:16:19","slug":"il-ira-encore-plus-loin-cette-grande-decision-prise-par-le-prince-william-qui-en-dit-beaucoup-sur-son-futur-regne","status":"publish","type":"post","link":"https:\/\/www.europesays.com\/fr\/491370\/","title":{"rendered":"\u00ab\u00a0Il ira encore plus loin\u00a0\u00bb : cette grande d\u00e9cision prise par le prince William qui en dit beaucoup sur son futur r\u00e8gne"},"content":{"rendered":"<p>Le prince William semble plus <strong>d\u00e9termin\u00e9<\/strong> que<br \/>\njamais \u00e0 <strong>prot\u00e9ger la monarchie britannique<\/strong> des<br \/>\n<strong>scandales<\/strong> qui l\u2019\u00e9branlent. Selon <a href=\"https:\/\/www.mirror.co.uk\/news\/royals\/prince-william-spitting-blood-prince-36127699\" target=\"_blank\" rel=\"noopener\"><br \/>\nMirror<\/a>, <a href=\"https:\/\/www.closermag.fr\/royautes\/prince-william-impitoyable-il-serait-pret-a-tout-pour-ecarter-le-prince-andrew-de-la-famille-royale-3588376\" target=\"_blank\" rel=\"noopener\"><br \/>\nl\u2019h\u00e9ritier du tr\u00f4ne aurait jou\u00e9 un r\u00f4le cl\u00e9<\/a> dans la<br \/>\n<strong>d\u00e9cision<\/strong> de son oncle, <a href=\"https:\/\/www.closermag.fr\/royautes\/prince-andrew-cette-ultime-punition-de-la-famille-royale-il-se-retrouve-sans-domicile-3589363\" target=\"_blank\" rel=\"noopener\"><br \/>\nle prince Andrew, de renoncer \u00e0 ses titres royaux<\/a>. Cela fait<br \/>\nsuite \u00e0 des ann\u00e9es de <strong>controverses<\/strong> li\u00e9es \u00e0 son<br \/>\namiti\u00e9 avec le <a href=\"https:\/\/www.closermag.fr\/royautes\/le-prince-andrew-vise-par-une-enquete-apres-la-decouverte-de-nouveaux-e-mails-accablants-sur-son-accusatrice-3588862\" target=\"_blank\" rel=\"noopener\"><br \/>\nmilliardaire p\u00e9dophile Jeffrey Epstein<\/a>.<\/p>\n<p>D\u2019apr\u00e8s la journaliste royale Jennie Bond, le <a href=\"https:\/\/www.closermag.fr\/royautes\/prince-william-cette-menace-quil-laisse-deja-planer-sur-cinq-membres-de-la-famille-royale-3588007\" target=\"_blank\" rel=\"noopener\"><br \/>\nprince de Galles<\/a> aurait \u00e9t\u00e9 \u201cle principal moteur dans la<br \/>\nd\u00e9cision de <strong>forcer Andrew \u00e0 abandonner ses<br \/>\ntitres\u201d<\/strong>. L\u2019\u00e9poux de Kate Middleton aurait m\u00eame fait<br \/>\npart de sa profonde <strong>col\u00e8re<\/strong> face \u00e0 l\u2019image ternie<br \/>\nde la famille royale. \u201cJe pense qu\u2019il <strong>bouillonne de<br \/>\nrage<\/strong> face \u00e0 la fa\u00e7on dont ce <strong>scandale salit<br \/>\nl\u2019ensemble de la monarchi<\/strong><strong>e.\u201d<\/strong><\/p>\n<p><img loading=\"lazy\" decoding=\"async\" aria-describedby=\"caption-attachment-3519577\" itemprop=\"thumbnailUrl\" class=\"size-large wp-image-3519577 img-responsive\" src=\"https:\/\/www.europesays.com\/fr\/wp-content\/uploads\/2025\/10\/bestimage_00655790_000018-scaled-1422x1024.jpg\" alt=\"&lt;p&gt;Le prince William pr\u00e9pare d\u00e9j\u00e0 son futur r\u00f4le de roi. Et le mari de Kate Middleton a d\u00e9j\u00e0 un r\u00f4le crucial pour l\u2019avenir du prince Andrew.&lt;\/p&gt;\" width=\"1422\" height=\"1024\"\/> \u00a9 Bestimage<\/p>\n<p id=\"caption-attachment-3519577\" class=\"wp-caption-text\">Le<br \/>\nprince William pr\u00e9pare d\u00e9j\u00e0 son futur r\u00f4le de roi. Et le mari de<br \/>\nKate Middleton a d\u00e9j\u00e0 un r\u00f4le crucial pour l\u2019avenir du prince<br \/>\nAndrew.<\/p>\n<p>\u201cIl ira encore plus loin\u201d : un avertissement clair du<br \/>\nprince William pour son oncle d\u00e9chu<\/p>\n<p>Alors que <a href=\"https:\/\/www.closermag.fr\/royautes\/prince-andrew-deshonore-son-frere-charles-iii-a-menace-de-lui-faire-honte-3588504\" target=\"_blank\" rel=\"noopener\"><br \/>\nCharles III<\/a> et son fils ont organis\u00e9 des \u201c<strong>r\u00e9unions<br \/>\nde crise<\/strong>\u201d pour g\u00e9rer <strong>l\u2019affaire<br \/>\nAndrew<\/strong>, de nouvelles r\u00e9v\u00e9lations indiquent que le prince<br \/>\n<strong>William<\/strong> n\u2019h\u00e9sitera pas \u00e0 s\u00e9vir. \u201c<strong>S\u2019il<br \/>\nle faut, il ira encore plus loin quand il sera roi<\/strong>.\u201d<br \/>\nassure Jennie Bond.<\/p>\n<p>Pour le futur souverain, il s\u2019agit de <strong>d\u00e9fendre<\/strong><br \/>\nune monarchie qu\u2019il estime \u201c<strong>souill\u00e9e<\/strong>\u201d par<br \/>\nles fautes r\u00e9p\u00e9t\u00e9es de son oncle. Leur relation serait d\u2019ailleurs<br \/>\nprofond\u00e9ment <strong>tendue<\/strong>. Un r\u00e9cent \u00e9pisode au<br \/>\nfun\u00e9railles de la duchesse de Kent le montre : <strong>William<br \/>\naurait ignor\u00e9 Andrew.<\/strong> \u201cIl n\u2019y a <strong>aucun amour<br \/>\nperdu entre eux deux<\/strong>.\u201d confirme la sp\u00e9cialiste.<\/p>\n<p>Le mari de Kate Middleton en veut<br \/>\n\u00e9galement \u00e0\u2026<\/p>\n<p>Mais ce n\u2019est pas seulement le prince Andrew qui provoque la<br \/>\n<strong>col\u00e8re du prince de Galles<\/strong>. Selon Jennie Bond,<br \/>\n<a href=\"https:\/\/www.closermag.fr\/royautes\/prince-andrew-renonce-a-ses-titres-royaux-sarah-ferguson-pas-epargnee-elle-perd-gros-dans-cette-affaire-prince-andrew-renonce-a-ses-titres-royaux-sarah-ferguson-pas-epargnee-elle-perd-gros-dan-3587704\" target=\"_blank\" rel=\"noopener\"><br \/>\nSarah Ferguson, ex-\u00e9pouse du duc d\u2019York<\/a>, aurait \u00e9galement<br \/>\n<strong>d\u00e9\u00e7u William et Charles.<\/strong> Malgr\u00e9 la <strong>main<br \/>\ntendue<\/strong> par la famille royale, un email r\u00e9cemment r\u00e9v\u00e9l\u00e9<br \/>\nmontre qu\u2019elle qualifiait encore <strong>Epstein de \u201csupr\u00eame<br \/>\nami\u201d<\/strong> bien apr\u00e8s sa condamnation.<\/p>\n<p>\u201cWilliam doit <strong>regretter<\/strong> que lui et le roi<br \/>\nl\u2019aient <strong>r\u00e9int\u00e9gr\u00e9e<\/strong> dans certaines r\u00e9unions<br \/>\npriv\u00e9es, comme \u00e0 No\u00ebl.\u201d confie la journaliste britannique.<br \/>\nPour l\u2019h\u00e9ritier du tr\u00f4ne, cette nouvelle <strong>trahison<\/strong><br \/>\naccentue sa conviction : le futur roi entend <strong>bannir<br \/>\nd\u00e9finitivement le prince Andrew et Sarah Ferguson<\/strong> de la<br \/>\nvie royale, publique comme priv\u00e9e. Le Times rapporte d\u00e9j\u00e0<br \/>\nque William ne serait \u201c<strong>pas satisfait de l\u2019\u00e9tat actuel<br \/>\ndu probl\u00e8me Andrew<\/strong>\u201d et qu\u2019il compte<br \/>\n<strong>l\u2019exclure<\/strong> de tout \u00e9v\u00e9nement royal, y compris les<br \/>\ncouronnements.<\/p>\n","protected":false},"excerpt":{"rendered":"Le prince William semble plus d\u00e9termin\u00e9 que jamais \u00e0 prot\u00e9ger la monarchie britannique des scandales qui l\u2019\u00e9branlent. Selon&hellip;\n","protected":false},"author":2,"featured_media":491371,"comment_status":"","ping_status":"","sticky":false,"template":"","format":"standard","meta":{"footnotes":""},"categories":[1359],"tags":[58,59,1011,27,973,546,3936],"class_list":{"0":"post-491370","1":"post","2":"type-post","3":"status-publish","4":"format-standard","5":"has-post-thumbnail","7":"category-people","8":"tag-divertissement","9":"tag-entertainment","10":"tag-fr","11":"tag-france","12":"tag-people","13":"tag-prince-andrew","14":"tag-prince-william"},"share_on_mastodon":{"url":"https:\/\/pubeurope.com\/@fr\/115441133044794685","error":""},"_links":{"self":[{"href":"https:\/\/www.europesays.com\/fr\/wp-json\/wp\/v2\/posts\/491370","targetHints":{"allow":["GET"]}}],"collection":[{"href":"https:\/\/www.europesays.com\/fr\/wp-json\/wp\/v2\/posts"}],"about":[{"href":"https:\/\/www.europesays.com\/fr\/wp-json\/wp\/v2\/types\/post"}],"author":[{"embeddable":true,"href":"https:\/\/www.europesays.com\/fr\/wp-json\/wp\/v2\/users\/2"}],"replies":[{"embeddable":true,"href":"https:\/\/www.europesays.com\/fr\/wp-json\/wp\/v2\/comments?post=491370"}],"version-history":[{"count":0,"href":"https:\/\/www.europesays.com\/fr\/wp-json\/wp\/v2\/posts\/491370\/revisions"}],"wp:featuredmedia":[{"embeddable":true,"href":"https:\/\/www.europesays.com\/fr\/wp-json\/wp\/v2\/media\/491371"}],"wp:attachment":[{"href":"https:\/\/www.europesays.com\/fr\/wp-json\/wp\/v2\/media?parent=491370"}],"wp:term":[{"taxonomy":"category","embeddable":true,"href":"https:\/\/www.europesays.com\/fr\/wp-json\/wp\/v2\/categories?post=491370"},{"taxonomy":"post_tag","embeddable":true,"href":"https:\/\/www.europesays.com\/fr\/wp-json\/wp\/v2\/tags?post=491370"}],"curies":[{"name":"wp","href":"https:\/\/api.w.org\/{rel}","templated":true}]}}