{"id":491374,"date":"2025-10-26T15:19:19","date_gmt":"2025-10-26T15:19:19","guid":{"rendered":"https:\/\/www.europesays.com\/fr\/491374\/"},"modified":"2025-10-26T15:19:19","modified_gmt":"2025-10-26T15:19:19","slug":"a-la-fin-de-la-semaine-nous-saurons-sur-lci-olivier-faure-laisse-planer-la-menace-dune-censure-du-ps","status":"publish","type":"post","link":"https:\/\/www.europesays.com\/fr\/491374\/","title":{"rendered":"\u00ab\u00a0\u00c0 la fin de la semaine, nous saurons\u00a0\u00bb : sur LCI, Olivier Faure laisse planer la menace d&rsquo;une censure du PS"},"content":{"rendered":"<ul class=\"jsx-862013697 ArticleChapo__List\">\n<li class=\"jsx-862013697 ArticleChapo__List_Item flex\">Invit\u00e9 sur LCI ce dimanche, le premier secr\u00e9taire du PS Olivier Faure a r\u00e9affirm\u00e9 que son parti \u00e9tait pr\u00eat \u00e0 censurer le gouvernement Lecornu II d\u00e8s les prochains jours.<\/li>\n<li class=\"jsx-862013697 ArticleChapo__List_Item flex\">Il attend des concessions sur l&rsquo;imposition des plus hautes fortunes pour laisser le d\u00e9bat budg\u00e9taire aller \u00e0 son terme.<\/li>\n<\/ul>\n<p><a href=\"https:\/\/www.tf1info.fr\/actualite\/avec-l-instabilite-politique-la-france-aura-t-elle-un-budget-2026-13639\/\" rel=\"noopener\" class=\"jsx-484472199 Link jsx-1428418400 jsx-1404382745\" target=\"_blank\"><\/p>\n<p style=\"font-weight:400\" class=\"jsx-1837267516\">Suivez la couverture compl\u00e8te<\/p>\n<p style=\"font-weight:800\" class=\"jsx-1837267516\">Avec l&rsquo;instabilit\u00e9 politique, la France aura-t-elle un budget 2026 ?<\/p>\n<p><\/a><\/p>\n<p data-module=\"article-paragraph\" class=\"jsx-3046738180 Paragraph Paragraph__End\">Voil\u00e0 deux jours que les d\u00e9put\u00e9s <a href=\"https:\/\/www.tf1info.fr\/politique\/en-direct-budget-2026-plf-plfss-du-gouvernement-lecornu-reforme-des-retraites-taxe-zucman-deputes-assemblee-nationale-olivier-faure-les-dernieres-informations-dimanche-26-octobre-2025-2402765.html\" target=\"_blank\" rel=\"noopener\">ont commenc\u00e9 l&rsquo;examen du projet de loi de finances pour 2026<\/a> dans l&rsquo;h\u00e9micycle&#8230; et ils pourraient bien s&rsquo;arr\u00eater tr\u00e8s prochainement. Cette fois, aucun 49.3 ne sera en cause, le Premier ministre <a href=\"https:\/\/www.tf1info.fr\/politique\/budget-2026-sebastien-lecornu-renonce-a-utiliser-l-article-49-3-2398358.html\" target=\"_blank\" rel=\"noopener\">S\u00e9bastien Lecornu y ayant renonc\u00e9<\/a>, mais ce sont bien les socialistes qui pourraient mettre fin pr\u00e9matur\u00e9ment aux d\u00e9bats en poussant le gouvernement \u00e0 la censure. En cause ? Le PS souhaite que des recettes suppl\u00e9mentaires soient obtenues afin de diminuer l&rsquo;effort sur les Fran\u00e7ais lors de l&rsquo;examen de la partie sur les d\u00e9penses.<\/p>\n<p data-module=\"article-paragraph\" class=\"jsx-3046738180 Paragraph Paragraph__End\">\u00ab\u00a0Si nous n&rsquo;arrivons pas \u00e0 trouver des recettes suffisantes sur les grands patrimoines financiers, nous n&rsquo;aurons pas d&rsquo;argent pour soulager les Fran\u00e7ais\u00a0\u00bb, avertit son premier secr\u00e9taire <a href=\"https:\/\/www.tf1info.fr\/actualite\/olivier-faure-9795-12004\/\" target=\"_blank\" rel=\"noopener\">Olivier Faure<\/a>, invit\u00e9 ce dimanche 26 octobre de l&rsquo;\u00e9mission \u00ab\u00a0En toute franchise\u00a0\u00bb sur LCI (voir la vid\u00e9o en t\u00eate de cet article). \u00ab\u00a0L&rsquo;objectif est de faire en sorte que les Fran\u00e7ais ordinaires ne paient pas ce que les riches ne veulent pas payer.\u00a0\u00bb Or, pour l&rsquo;heure, aucune victoire pour le PS n&rsquo;a \u00e9t\u00e9 recens\u00e9e, alors que <a href=\"https:\/\/www.tf1info.fr\/politique\/budget-2026-ce-que-prevoit-le-ps-pour-imposer-les-hauts-patrimoines-en-cas-de-rejet-de-la-taxe-zucman-2402676.html\" target=\"_blank\" rel=\"noopener\">les diff\u00e9rentes versions de la taxe Zucman<\/a> ne seront abord\u00e9es qu&rsquo;en d\u00e9but de semaine prochaine.<\/p>\n<p>La taxation des hauts patrimoines, \u00ab\u00a0un casus belli\u00a0\u00bb<\/p>\n<p data-module=\"article-paragraph\" class=\"jsx-3046738180 Paragraph Paragraph__End\">Olivier Faure le dit clairement : la <a href=\"https:\/\/www.tf1info.fr\/politique\/suspension-de-la-reforme-des-retraites-une-lettre-rectificative-au-budget-de-la-secu-jeudi-en-conseil-des-ministres-annonce-le-premier-ministre-sebastien-lecornu-2401935.html\" target=\"_blank\" rel=\"noopener\">suspension de la r\u00e9forme des retraites<\/a> ne peut pas \u00eatre le seul compromis du gouvernement. \u00ab\u00a0Il faut une autre r\u00e9partition entre le capital et le travail\u00a0\u00bb, mart\u00e8le le d\u00e9put\u00e9 de Seine-et-Marne. \u00ab\u00a0Si nous n&rsquo;arrivons pas \u00e0 faire voter la taxe Zucman, nous aurons des mesures de repli. C&rsquo;est un casus belli. Si nous n&rsquo;arrivons m\u00eame pas \u00e0 r\u00e9cup\u00e9rer cinq \u00e0 sept milliards sur les hauts patrimoines, on condamne les Fran\u00e7ais.\u00a0\u00bb<\/p>\n<p data-module=\"article-paragraph\" class=\"jsx-3046738180 Paragraph Paragraph__End\">D\u00e8s lors, le budget n&rsquo;aurait aucune chance d&rsquo;\u00eatre vot\u00e9 (ou de passer avec l&rsquo;abstention d&rsquo;une partie de la gauche), ce qui pousserait le PS \u00e0 censurer. \u00ab\u00a0S&rsquo;il n&rsquo;y a pas de marge de man\u0153uvre pour corriger la loi de finances et la loi de finances de la S\u00e9curit\u00e9 sociale, ce sera termin\u00e9\u00a0\u00bb, r\u00e9affirme Olivier Faure. \u00ab\u00a0Il n&rsquo;y aura plus de possibilit\u00e9 d&rsquo;avancer, de voter le budget. Nous serons dans une situation de blocage complet.\u00a0\u00bb \u00ab\u00a0Oui\u00a0\u00bb, le PS d\u00e9posera alors une motion de censure pour \u00ab\u00a0aller \u00e0 la dissolution.\u00a0\u00bb<\/p>\n<p><a href=\"https:\/\/www.tf1info.fr\/politique\/budget-2026-les-deputes-rejettent-l-annee-blanche-et-indexent-l-impot-sur-le-revenu-sur-l-inflation-2402727.html\" rel=\"noopener\" class=\"jsx-3308031228 Link flex\" target=\"_blank\"><img decoding=\"async\" src=\"https:\/\/www.europesays.com\/fr\/wp-content\/uploads\/2025\/10\/impot-2357-c61eb3-0@1x.jpeg\" alt=\"Getty Images\/iStockphoto\" loading=\"lazy\" importance=\"low\" fetchpriority=\"low\" class=\"\" aria-hidden=\"true\"\/><\/p>\n<p class=\"jsx-3657663356 ReadMoreArticle__Title\">Lire aussi<\/p>\n<p class=\"jsx-3657663356\">Budget 2026 : les d\u00e9put\u00e9s rejettent l&rsquo;ann\u00e9e blanche et indexent l&rsquo;imp\u00f4t sur le revenu sur l&rsquo;inflation<\/p>\n<p><\/a><\/p>\n<p data-module=\"article-paragraph\" class=\"jsx-3046738180 Paragraph Paragraph__End\">Ce n&rsquo;est toutefois pas le sc\u00e9nario privil\u00e9gi\u00e9. \u00ab\u00a0Je ne cherche pas la censure, je ne cherche pas la dissolution\u00a0\u00bb, assure le patron du PS. \u00ab\u00a0Je cherche au contraire \u00e0 faire en sorte que \u00e7a marche. Mais cela ne peut pas se faire \u00e0 n&rsquo;importe quelles conditions. Le gouvernement ne peut pas imposer sa vision comme s&rsquo;il \u00e9tait majoritaire absolue.\u00a0\u00bb De l\u00e0 \u00e0 imaginer un retour aux urnes avant No\u00ebl ? \u00ab\u00a0\u00c0 la fin de cette semaine, nous saurons si nous allons \u00e0 la dissolution ou pas.\u00a0\u00bb<\/p>\n<p>Id\u00e8r NABILI<\/p>\n","protected":false},"excerpt":{"rendered":"Invit\u00e9 sur LCI ce dimanche, le premier secr\u00e9taire du PS Olivier Faure a r\u00e9affirm\u00e9 que son parti \u00e9tait&hellip;\n","protected":false},"author":2,"featured_media":491375,"comment_status":"","ping_status":"","sticky":false,"template":"","format":"standard","meta":{"footnotes":""},"categories":[1356],"tags":[1111,11,1921,416,58882,1003,58,61418,59,1011,27,1922,58883,58884,4393,3541,11067,52897,252,1364,133,4530,14843],"class_list":{"0":"post-491374","1":"post","2":"type-post","3":"status-publish","4":"format-standard","5":"has-post-thumbnail","7":"category-television","8":"tag-actu","9":"tag-actualites","10":"tag-article-video","11":"tag-assemblee-nationale","12":"tag-avec-linstabilite-politique","13":"tag-budget","14":"tag-divertissement","15":"tag-en-toute-franchise-lci","16":"tag-entertainment","17":"tag-fr","18":"tag-france","19":"tag-info","20":"tag-la-france-aura-t-elle-un-budget-2026","21":"tag-lecornu-ii-le-nouveau-gouvernement-a-lepreuve-du-budget","22":"tag-olivier-faure","23":"tag-parti-socialiste","24":"tag-sebastien-lecornu","25":"tag-taxe-zucman","26":"tag-television","27":"tag-tv","28":"tag-video","29":"tag-video-politique","30":"tag-vie-politique-francaise"},"share_on_mastodon":{"url":"https:\/\/pubeurope.com\/@fr\/115441144577032120","error":""},"_links":{"self":[{"href":"https:\/\/www.europesays.com\/fr\/wp-json\/wp\/v2\/posts\/491374","targetHints":{"allow":["GET"]}}],"collection":[{"href":"https:\/\/www.europesays.com\/fr\/wp-json\/wp\/v2\/posts"}],"about":[{"href":"https:\/\/www.europesays.com\/fr\/wp-json\/wp\/v2\/types\/post"}],"author":[{"embeddable":true,"href":"https:\/\/www.europesays.com\/fr\/wp-json\/wp\/v2\/users\/2"}],"replies":[{"embeddable":true,"href":"https:\/\/www.europesays.com\/fr\/wp-json\/wp\/v2\/comments?post=491374"}],"version-history":[{"count":0,"href":"https:\/\/www.europesays.com\/fr\/wp-json\/wp\/v2\/posts\/491374\/revisions"}],"wp:featuredmedia":[{"embeddable":true,"href":"https:\/\/www.europesays.com\/fr\/wp-json\/wp\/v2\/media\/491375"}],"wp:attachment":[{"href":"https:\/\/www.europesays.com\/fr\/wp-json\/wp\/v2\/media?parent=491374"}],"wp:term":[{"taxonomy":"category","embeddable":true,"href":"https:\/\/www.europesays.com\/fr\/wp-json\/wp\/v2\/categories?post=491374"},{"taxonomy":"post_tag","embeddable":true,"href":"https:\/\/www.europesays.com\/fr\/wp-json\/wp\/v2\/tags?post=491374"}],"curies":[{"name":"wp","href":"https:\/\/api.w.org\/{rel}","templated":true}]}}