{"id":491376,"date":"2025-10-26T15:20:12","date_gmt":"2025-10-26T15:20:12","guid":{"rendered":"https:\/\/www.europesays.com\/fr\/491376\/"},"modified":"2025-10-26T15:20:12","modified_gmt":"2025-10-26T15:20:12","slug":"il-sest-retire-de-toute-vie-publique-adel-kachermi-a-definitivement-tourne-la-page-des-2be3","status":"publish","type":"post","link":"https:\/\/www.europesays.com\/fr\/491376\/","title":{"rendered":"\u00ab\u00a0Il s&rsquo;est retir\u00e9 de toute vie publique\u00a0\u00bb : Adel Kachermi a d\u00e9finitivement tourn\u00e9 la page des 2be3"},"content":{"rendered":"<p>      R\u00e9sum\u00e9<\/p>\n<p>Adel Kachermi a choisi de quitter d\u00e9finitivement le monde du spectacle pour se consacrer \u00e0 une carri\u00e8re dans le luxe et les relations publiques, loin des projecteurs.<\/p>\n<p>        Sommaire<\/p>\n<p><strong>C&rsquo;est un trio culte, qui a marqu\u00e9 l&rsquo;histoire des boys band fran\u00e7ais<\/strong>.<a href=\"https:\/\/www.public.fr\/2be3-15-ans-apres-la-mort-de-filip-nikolic-grand-retour-inattendu-pour-frank-et-adel\" target=\"_blank\" rel=\"noopener\"> Les 2be3<\/a> ont fait chanter et danser des millions de Fran\u00e7ais en 1996 avec leur tube Partir un jour. Pendant cinq ans, ils encha\u00eenent les tourn\u00e9es \u00e0 guichets ferm\u00e9s. <strong>Mais apr\u00e8s cinq millions d&rsquo;albums vendus<\/strong>, Filip Nikolic, Frank Delay et Adel Kachermi d\u00e9cident de tout arr\u00eater. Si les deux premiers ont poursuivi dans l&rsquo;artistique malgr\u00e9 tout, le troisi\u00e8me, lui, a tout plaquer. <\/p>\n<p>En effet, d\u00e8s 2001 et pendant quatre ans, <strong>Adel Kachermi rejoint l&rsquo;\u00e9v\u00e8nementiel de luxe<\/strong>. Il produit \u00e9galement La musique fait son cin\u00e9ma au th\u00e9\u00e2tre des Champs-Elys\u00e9es. En 2006, il devient repr\u00e9sentant commercial pour des soci\u00e9t\u00e9s de location de jets priv\u00e9s, et cr\u00e9e ainsi sa propre soci\u00e9t\u00e9, Akcess. Il \u00e9tend sa soci\u00e9t\u00e9 en 2011 avec un associ\u00e9, et lance Akcess Private Office, <strong>une soci\u00e9t\u00e9 de concierge de luxe<\/strong> qu&rsquo;il base \u00e0 Gen\u00e8ve.<\/p>\n<p>Une nouvelle vie dans le luxe et les relations publiques<\/p>\n<p>Une nouvelle vie tr\u00e8s \u00e9loign\u00e9e de celle de ses comp\u00e8res. <strong>Filip Nikolic, lui, \u00e9tait devenu com\u00e9dien<\/strong> pour Navarro notamment, puis son spin-off Brigade Navarro. Il avait aussi particip\u00e9 \u00e0 l&rsquo;\u00e9mission de t\u00e9l\u00e9-r\u00e9alit\u00e9 Je suis une c\u00e9l\u00e9brit\u00e9, sortez-moi de l\u00e0. <a href=\"https:\/\/vsd.fr\/88068-filip-nikolic-sa-fille-sasha-et-son-ancien-partenaire-des-2be3-adel-atomisent-arnaud-son-presume-compagnon\/\" target=\"_blank\" rel=\"noopener\">Peu avant sa mort<\/a>, il pr\u00e9parait son retour dans la musique. Son album, L&rsquo;ange, <strong>para\u00eet finalement \u00e0 titre posthume, le 23 f\u00e9vrier 2011<\/strong>. Frank Delay, lui aussi, a continu\u00e9 sa carri\u00e8re dans les s\u00e9ries, avec Sous le soleil notamment puis Les myst\u00e8res de l&rsquo;amour.<\/p>\n<p>Mais alors que la s\u00e9rie Culte est de retour sur Amazon, et est consacr\u00e9e pour sa saison 2 au succ\u00e8s des 2be3, seul Frank Delay en assure la promotion. Au festival de la fiction de La Rochelle, <strong>Ya\u00ebl Langmann<\/strong>, cr\u00e9atrice, sc\u00e9nariste et r\u00e9alisatrice de la s\u00e9rie, a indiqu\u00e9 avoir contact\u00e9 Adel Kachermi\u2026 mais ce dernier a <strong>mis un veto \u00e0 r\u00e9appara\u00eetre m\u00e9diatiquement<\/strong>.<\/p>\n<p>Adel Kachermi a ador\u00e9 le projet<\/p>\n<p><strong>\u00ab\u00a0Adel s\u2019est retir\u00e9 de toute vie publique\u00a0\u00bb<\/strong> <strong>a ainsi expliqu\u00e9 la sc\u00e9nariste<\/strong>. Elle a toutefois rencontr\u00e9 Adel, et ce dernier s&rsquo;est montr\u00e9 emball\u00e9 par l&rsquo;id\u00e9e de faire une s\u00e9rie sur leur boys band. \u00ab\u00a0Quand on s\u2019est rencontr\u00e9s avec les gar\u00e7ons, j\u2019ai eu une chance folle : Adel avait vu ma s\u00e9rie pr\u00e9c\u00e9dente, et il l\u2019avait ador\u00e9e. Il m\u2019a dit : Je crois que tu veux raconter de belles histoires. Moi, \u00e7a me pla\u00eet\u00a0\u00bb a ainsi expliqu\u00e9 celle \u00e0 qui l&rsquo;on doit \u00e9galement le film \u00e9v\u00e8nement de Netflix Sous la Seine. Dans la s\u00e9rie Culte, Filip, Frank et Adel Kachermi sont respectivement incarn\u00e9s par <strong>Antoine Simony, Marin Judas et Namory Bakayoko<\/strong>. <\/p>\n<p>\n          Hits &amp; People en continu\n        <\/p>\n<p>\n          Public Radio\n        <\/p>\n<p>      Mentionn\u00e9s dans cet article<\/p>\n<p>      Sur le m\u00eame sujet<\/p>\n","protected":false},"excerpt":{"rendered":"R\u00e9sum\u00e9 Adel Kachermi a choisi de quitter d\u00e9finitivement le monde du spectacle pour se consacrer \u00e0 une carri\u00e8re&hellip;\n","protected":false},"author":2,"featured_media":491377,"comment_status":"","ping_status":"","sticky":false,"template":"","format":"standard","meta":{"footnotes":""},"categories":[1355],"tags":[3038,58,59,37599,1011,27,3041,1361,873],"class_list":{"0":"post-491376","1":"post","2":"type-post","3":"status-publish","4":"format-standard","5":"has-post-thumbnail","7":"category-musique","8":"tag-2be3","9":"tag-divertissement","10":"tag-entertainment","11":"tag-filip-nikolic","12":"tag-fr","13":"tag-france","14":"tag-frank-delay","15":"tag-music","16":"tag-musique"},"share_on_mastodon":{"url":"https:\/\/pubeurope.com\/@fr\/115441147674501323","error":""},"_links":{"self":[{"href":"https:\/\/www.europesays.com\/fr\/wp-json\/wp\/v2\/posts\/491376","targetHints":{"allow":["GET"]}}],"collection":[{"href":"https:\/\/www.europesays.com\/fr\/wp-json\/wp\/v2\/posts"}],"about":[{"href":"https:\/\/www.europesays.com\/fr\/wp-json\/wp\/v2\/types\/post"}],"author":[{"embeddable":true,"href":"https:\/\/www.europesays.com\/fr\/wp-json\/wp\/v2\/users\/2"}],"replies":[{"embeddable":true,"href":"https:\/\/www.europesays.com\/fr\/wp-json\/wp\/v2\/comments?post=491376"}],"version-history":[{"count":0,"href":"https:\/\/www.europesays.com\/fr\/wp-json\/wp\/v2\/posts\/491376\/revisions"}],"wp:featuredmedia":[{"embeddable":true,"href":"https:\/\/www.europesays.com\/fr\/wp-json\/wp\/v2\/media\/491377"}],"wp:attachment":[{"href":"https:\/\/www.europesays.com\/fr\/wp-json\/wp\/v2\/media?parent=491376"}],"wp:term":[{"taxonomy":"category","embeddable":true,"href":"https:\/\/www.europesays.com\/fr\/wp-json\/wp\/v2\/categories?post=491376"},{"taxonomy":"post_tag","embeddable":true,"href":"https:\/\/www.europesays.com\/fr\/wp-json\/wp\/v2\/tags?post=491376"}],"curies":[{"name":"wp","href":"https:\/\/api.w.org\/{rel}","templated":true}]}}