{"id":491380,"date":"2025-10-26T15:23:11","date_gmt":"2025-10-26T15:23:11","guid":{"rendered":"https:\/\/www.europesays.com\/fr\/491380\/"},"modified":"2025-10-26T15:23:11","modified_gmt":"2025-10-26T15:23:11","slug":"la-mortalite-du-cancer-du-foie-est-plus-elevee-chez-les-patients-les-plus-defavorises","status":"publish","type":"post","link":"https:\/\/www.europesays.com\/fr\/491380\/","title":{"rendered":"La mortalit\u00e9 du cancer du foie est plus \u00e9lev\u00e9e chez les patients les plus d\u00e9favoris\u00e9s"},"content":{"rendered":"<p>                     <img loading=\"lazy\" decoding=\"async\" src=\"https:\/\/www.europesays.com\/fr\/wp-content\/uploads\/2025\/10\/e0920f7_upload-1-5gwo9x5hcjjk-013-millerand-dscf7246.jpg\" alt=\"Dans la chambre d\u2019une patiente du service d\u2019oncologie m\u00e9dicale de l\u2019institut Curie, \u00e0 Paris, le 20\u00a0mai 2025.\"   width=\"664\" height=\"443\"\/>    Dans la chambre d\u2019une patiente du service d\u2019oncologie m\u00e9dicale de l\u2019institut Curie, \u00e0 Paris, le 20\u00a0mai 2025.  CAMILLE MILLERAND\/ DIVERGENCE POUR \u00ab\u00a0LE MONDE\u00a0\u00bb                 <\/p>\n<p class=\"article__paragraph  \">Riche ou pauvre, a-t-on les m\u00eames chances de recevoir le bon soin, dans un pays o\u00f9 la S\u00e9curit\u00e9 sociale en assure la gratuit\u00e9 \u00e0 tous ses assur\u00e9s\u00a0? Une \u00e9tude sur le cancer primitif du foie, en France, est venue apporter un nouvel \u00e9clairage sur une forme d\u2019in\u00e9galit\u00e9s sociales de sant\u00e9 souvent complexes \u00e0 documenter.<\/p>\n<p>                                   Lire aussi |  Article r\u00e9serv\u00e9 \u00e0 nos abonn\u00e9s  <a href=\"https:\/\/www.lemonde.fr\/societe\/article\/2025\/10\/26\/sante-la-difficile-lutte-contre-les-inegalites-sociales_6649650_3224.html\" class=\"js-article-read-also catcher--favoris__link\" data-premium=\"1\" id=\"article-title-3440415\" rel=\"nofollow noopener\" target=\"_blank\">Sant\u00e9\u00a0: la difficile lutte contre les in\u00e9galit\u00e9s sociales<\/a>    <\/p>\n<p>   Lire plus tard  <\/p>\n<p class=\"article__paragraph  \">Les patients les plus d\u00e9favoris\u00e9s, quand bien m\u00eame ils sont pris en charge par le syst\u00e8me de soins, ont moins de chances d\u2019acc\u00e9der \u00e0 un traitement curatif\u00a0; ils ont aussi, pour cette maladie au pronostic tr\u00e8s d\u00e9favorable, une mortalit\u00e9 plus \u00e9lev\u00e9e, selon ce travail men\u00e9 par une \u00e9quipe de l\u2019h\u00f4pital Cochin (AP-HP), associ\u00e9e \u00e0 l\u2019universit\u00e9 Paris Cit\u00e9, l\u2019Inria et l\u2019Inserm, <a href=\"https:\/\/www.jhep-reports.eu\/article\/S2589-5559(25)00267-8\/fulltext\" target=\"_blank\" rel=\"noopener nofollow\" title=\"Nouvelle fen\u00eatre\">publi\u00e9 le 5\u00a0septembre dans la revue scientifique JHEP Reports<\/a>.<\/p>\n<p class=\"article__paragraph  \">Ses deux coordinateurs, le docteur Stylianos Tzedakis, chirurgien du foie, et le professeur Vincent Mallet, h\u00e9patologue, se sont appuy\u00e9s sur la base de donn\u00e9es nationale des hospitalisations, entre 2017 et 2021, incluant tous les adultes atteints de cette maladie, soit 62\u00a0351\u00a0personnes. Parmi eux, 45\u00a0% ont \u00e9t\u00e9 class\u00e9s \u00ab\u00a0d\u00e9favoris\u00e9s\u00a0\u00bb, selon un indicateur construit autour de plusieurs variables (taux de ch\u00f4mage, proportion d\u2019ouvriers, niveau d\u2019\u00e9ducation, revenu m\u00e9dian) permettant de diviser la population en cinq\u00a0quintiles, les deux derniers repr\u00e9sentant ce groupe d\u00e9favoris\u00e9.<\/p>\n<p class=\"reading-mode-only \"><strong>Il vous reste 77.4% de cet article \u00e0 lire. La suite est r\u00e9serv\u00e9e aux abonn\u00e9s.<\/strong><\/p>\n","protected":false},"excerpt":{"rendered":"Dans la chambre d\u2019une patiente du service d\u2019oncologie m\u00e9dicale de l\u2019institut Curie, \u00e0 Paris, le 20\u00a0mai 2025. CAMILLE&hellip;\n","protected":false},"author":2,"featured_media":491381,"comment_status":"","ping_status":"","sticky":false,"template":"","format":"standard","meta":{"footnotes":""},"categories":[10],"tags":[1011,27,72,71],"class_list":{"0":"post-491380","1":"post","2":"type-post","3":"status-publish","4":"format-standard","5":"has-post-thumbnail","7":"category-sante","8":"tag-fr","9":"tag-france","10":"tag-health","11":"tag-sante"},"share_on_mastodon":{"url":"https:\/\/pubeurope.com\/@fr\/115441159827785583","error":""},"_links":{"self":[{"href":"https:\/\/www.europesays.com\/fr\/wp-json\/wp\/v2\/posts\/491380","targetHints":{"allow":["GET"]}}],"collection":[{"href":"https:\/\/www.europesays.com\/fr\/wp-json\/wp\/v2\/posts"}],"about":[{"href":"https:\/\/www.europesays.com\/fr\/wp-json\/wp\/v2\/types\/post"}],"author":[{"embeddable":true,"href":"https:\/\/www.europesays.com\/fr\/wp-json\/wp\/v2\/users\/2"}],"replies":[{"embeddable":true,"href":"https:\/\/www.europesays.com\/fr\/wp-json\/wp\/v2\/comments?post=491380"}],"version-history":[{"count":0,"href":"https:\/\/www.europesays.com\/fr\/wp-json\/wp\/v2\/posts\/491380\/revisions"}],"wp:featuredmedia":[{"embeddable":true,"href":"https:\/\/www.europesays.com\/fr\/wp-json\/wp\/v2\/media\/491381"}],"wp:attachment":[{"href":"https:\/\/www.europesays.com\/fr\/wp-json\/wp\/v2\/media?parent=491380"}],"wp:term":[{"taxonomy":"category","embeddable":true,"href":"https:\/\/www.europesays.com\/fr\/wp-json\/wp\/v2\/categories?post=491380"},{"taxonomy":"post_tag","embeddable":true,"href":"https:\/\/www.europesays.com\/fr\/wp-json\/wp\/v2\/tags?post=491380"}],"curies":[{"name":"wp","href":"https:\/\/api.w.org\/{rel}","templated":true}]}}