{"id":491391,"date":"2025-10-26T15:30:18","date_gmt":"2025-10-26T15:30:18","guid":{"rendered":"https:\/\/www.europesays.com\/fr\/491391\/"},"modified":"2025-10-26T15:30:18","modified_gmt":"2025-10-26T15:30:18","slug":"les-douanes-saisissent-800-000-euros-puis-essuient-une-tentative-de-vol","status":"publish","type":"post","link":"https:\/\/www.europesays.com\/fr\/491391\/","title":{"rendered":"Les douanes saisissent 800.000 euros puis essuient une tentative de vol"},"content":{"rendered":"<p>C\u2019est une saisie qui attise la convoitise\u00a0: Pr\u00e8s de 800.000 euros en liquide ont \u00e9t\u00e9 d\u00e9couverts le week-end dernier \u00e0 <a href=\"https:\/\/www.20minutes.fr\/sport\/biarritz\/\" class=\"c-link c-link--is-underlined\" rel=\"nofollow noopener\" target=\"_blank\">Biarritz <\/a>lors d\u2019un contr\u00f4le routier des <a href=\"https:\/\/www.20minutes.fr\/dossier\/douane\" class=\"c-link c-link--is-underlined\" rel=\"nofollow noopener\" target=\"_blank\">douanes<\/a>, qui ont \u00e9t\u00e9 ensuite la cible d\u2019un cambriolage rat\u00e9, a annonc\u00e9 ce dimanche le parquet.<\/p>\n<p>Dans la nuit du 18 au 19\u00a0octobre, la brigade des douanes de Cambo-les-Bains (<a href=\"https:\/\/www.20minutes.fr\/dossier\/pyrenees-atlantiques\" class=\"c-link c-link--is-underlined\" rel=\"nofollow noopener\" target=\"_blank\">Pyr\u00e9n\u00e9es-Atlantiques<\/a>) a saisi la somme de 799.870 euros dans un v\u00e9hicule circulant en direction de l\u2019Espagne, conduit par un individu de nationalit\u00e9 franco-alg\u00e9rienne, \u00e2g\u00e9 de 39 ans, et r\u00e9sidant en r\u00e9gion parisienne. Les petites coupures \u00e9taient conditionn\u00e9es en quatre paquets.<\/p>\n<p>Tentative de cambriolage<\/p>\n<p>Mais dans la nuit suivant le contr\u00f4le, la brigade des douanes o\u00f9 \u00e9tait stock\u00e9 l\u2019argent a \u00e9t\u00e9 vis\u00e9e par une tentative de vol par effraction, a fait savoir dans un communiqu\u00e9 le parquet de la Juridiction interr\u00e9gionale sp\u00e9cialis\u00e9e (JIRS) de Bordeaux. \u00ab\u00a0L\u2019auteur prenait la fuite sans parvenir \u00e0 entrer dans les lieux\u00a0\u00bb, a \u00e9crit Renaud Gaudeul, procureur de la R\u00e9publique \u00e0 Bordeaux.<\/p>\n<p>Une information judiciaire a \u00e9t\u00e9 ouverte mardi \u00e0 la JIRS de Bordeaux pour \u00ab\u00a0blanchiment de trafic de stup\u00e9fiants, blanchiment douanier de trafic de stup\u00e9fiants, association de malfaiteurs de d\u00e9lits punis de 10 ans d\u2019emprisonnement, transfert non-d\u00e9clar\u00e9 d\u2019argent liquide d\u2019un montant d\u2019au moins 10.000 euros et tentative de vol en bande organis\u00e9e\u00a0\u00bb.<\/p>\n<\/p>\n<p>Le chauffeur du v\u00e9hicule contr\u00f4l\u00e9 n\u2019a pas souhait\u00e9 s\u2019exprimer au cours de sa garde \u00e0 vue, selon le parquet. Pr\u00e9sent\u00e9 \u00e0 un juge d\u2019instruction, il a \u00e9t\u00e9 mis en examen et plac\u00e9 en d\u00e9tention provisoire.<\/p>\n<p>Les investigations, confi\u00e9es \u00e0 l\u2019Office national anti-fraude (Onaf) et \u00e0 l\u2019antenne de Bayonne de l\u2019Office anti-stup\u00e9fiants (Ofast), auront \u00ab\u00a0notamment pour objectif de confirmer si d\u2019autres voyages ont \u00e9t\u00e9 effectu\u00e9s, d\u2019identifier les complices et commanditaires du chauffeur ainsi que le ou les auteurs de la tentative de vol par effraction et de pr\u00e9ciser la destination finale des sommes saisies\u00a0\u00bb, souligne le procureur.<\/p>\n","protected":false},"excerpt":{"rendered":"C\u2019est une saisie qui attise la convoitise\u00a0: Pr\u00e8s de 800.000 euros en liquide ont \u00e9t\u00e9 d\u00e9couverts le week-end&hellip;\n","protected":false},"author":2,"featured_media":491392,"comment_status":"","ping_status":"","sticky":false,"template":"","format":"standard","meta":{"footnotes":""},"categories":[2],"tags":[47,11,3177,3463,1174,981,123,118,1011,27,12,2219,6375],"class_list":{"0":"post-491391","1":"post","2":"type-post","3":"status-publish","4":"format-standard","5":"has-post-thumbnail","7":"category-actualites","8":"tag-actualite","9":"tag-actualites","10":"tag-aquitaine","11":"tag-biarritz","12":"tag-cambriolage","13":"tag-douane","14":"tag-espagne","15":"tag-faits-divers","16":"tag-fr","17":"tag-france","18":"tag-news","19":"tag-nouvelle-aquitaine","20":"tag-pyrenees-atlantiques"},"share_on_mastodon":{"url":"https:\/\/pubeurope.com\/@fr\/115441187244175662","error":""},"_links":{"self":[{"href":"https:\/\/www.europesays.com\/fr\/wp-json\/wp\/v2\/posts\/491391","targetHints":{"allow":["GET"]}}],"collection":[{"href":"https:\/\/www.europesays.com\/fr\/wp-json\/wp\/v2\/posts"}],"about":[{"href":"https:\/\/www.europesays.com\/fr\/wp-json\/wp\/v2\/types\/post"}],"author":[{"embeddable":true,"href":"https:\/\/www.europesays.com\/fr\/wp-json\/wp\/v2\/users\/2"}],"replies":[{"embeddable":true,"href":"https:\/\/www.europesays.com\/fr\/wp-json\/wp\/v2\/comments?post=491391"}],"version-history":[{"count":0,"href":"https:\/\/www.europesays.com\/fr\/wp-json\/wp\/v2\/posts\/491391\/revisions"}],"wp:featuredmedia":[{"embeddable":true,"href":"https:\/\/www.europesays.com\/fr\/wp-json\/wp\/v2\/media\/491392"}],"wp:attachment":[{"href":"https:\/\/www.europesays.com\/fr\/wp-json\/wp\/v2\/media?parent=491391"}],"wp:term":[{"taxonomy":"category","embeddable":true,"href":"https:\/\/www.europesays.com\/fr\/wp-json\/wp\/v2\/categories?post=491391"},{"taxonomy":"post_tag","embeddable":true,"href":"https:\/\/www.europesays.com\/fr\/wp-json\/wp\/v2\/tags?post=491391"}],"curies":[{"name":"wp","href":"https:\/\/api.w.org\/{rel}","templated":true}]}}