{"id":491393,"date":"2025-10-26T15:31:19","date_gmt":"2025-10-26T15:31:19","guid":{"rendered":"https:\/\/www.europesays.com\/fr\/491393\/"},"modified":"2025-10-26T15:31:19","modified_gmt":"2025-10-26T15:31:19","slug":"petanque-saint-just-malmont-remporte-la-finale-de-la-coupe-des-clubs-de-lyssingelais","status":"publish","type":"post","link":"https:\/\/www.europesays.com\/fr\/491393\/","title":{"rendered":"P\u00e9tanque : Saint-Just-Malmont remporte la finale de la Coupe des clubs de l&rsquo;Yssingelais"},"content":{"rendered":"<p>\t\t\t\t\t\t\t\t\t\t\t\t\t\t\t\t\t\t\t\t\t\t\t\t\t\t\t\t\t\t\t\t\t\t\t\t\t\t\t\t\t\t\t\t\t\t\t\t\t\t\t\t\t\t\t\t\t\t\t\t\t\t\t<a href=\"https:\/\/www.lacommere43.fr\/component\/banners\/click\/1841.html\" target=\"_blank\" title=\"HPV Halloween octobre 2025\" rel=\"noopener\"><br \/>\n\t\t\t\t\t\t\t<img decoding=\"async\" loading=\"lazy\" src=\"https:\/\/www.europesays.com\/fr\/wp-content\/uploads\/2025\/10\/1761492677_276_PUB_Halloween_piscine.gif\" alt=\"HPV Halloween octobre 2025\"\/><br \/>\n\t\t\t\t\t\t<\/a><\/p>\n<p>\t\t\t\t\t\t\t\t\t\t\t\t\t\t\t\t\t\t\t\t\t\t\t\t\t\t\t\t\t\t\t\t\t\t\t\t\t\t\t\t\t\t\t\t\t\t\t\t\t\t\t\t\t\t\t\t\t\t\t\t\t\t\t<a href=\"https:\/\/www.lacommere43.fr\/component\/banners\/click\/1838.html\" target=\"_blank\" title=\"Chevalier Fr\u00e8res octobre 2025\" rel=\"noopener\"><br \/>\n\t\t\t\t\t\t\t<img decoding=\"async\" loading=\"lazy\" src=\"https:\/\/www.europesays.com\/fr\/wp-content\/uploads\/2025\/10\/chevalier-2025-toussaint.gif\" alt=\"Chevalier Fr\u00e8res octobre 2025\"\/><br \/>\n\t\t\t\t\t\t<\/a><\/p>\n<p><strong>16 \u00e9quipes \u00e9taient en lice samedi au p\u00e9tanquodrome de Marlhes pour la finale de la Coupe des clubs de l&rsquo;Yssingelais.<\/strong><\/p>\n<p>Ces seize triplettes finalistes \u00e9taient issues des quatre concours qualificatifs de Bellevue-la-Montagne, Yssingeaux, Retournac et Duni\u00e8res.<\/p>\n<p>A l&rsquo;issue des parties de poules jou\u00e9es le matin, les \u00e9quipes disputaient les quarts de finale.<\/p>\n<p>En quart, victoires de Peyron (Saint-Bonnet-le-Froid) contre Bataubert (Tiranges), Douplat Evan (Beauzac) contre Ravel (Beauzac), Mondon (Saint-Just-Malmont) contre Tardy (Saint-Just-Malmont) et Limoges (Saint-Just-Malmont) contre Poncet (Tence).<\/p>\n<p>En demi-finales, Limoges a dispos\u00e9 de Mondon et Peyron de Douplat.<\/p>\n<p>La finale a \u00e9t\u00e9 remport\u00e9e par Steven Limoges, J\u00e9r\u00f4me Groffal et Jean-Jacques Samuel de Saint-Just-Malmont, contre Dominique Peyron, Pascal Fraysse et Emmanuel Bouchet (g\u00e9rant du p\u00e9tanquodrome de Marlhes) de Saint-Bonnet-le-Froid.<\/p>\n","protected":false},"excerpt":{"rendered":"16 \u00e9quipes \u00e9taient en lice samedi au p\u00e9tanquodrome de Marlhes pour la finale de la Coupe des clubs&hellip;\n","protected":false},"author":2,"featured_media":491394,"comment_status":"","ping_status":"","sticky":false,"template":"","format":"standard","meta":{"footnotes":""},"categories":[9653],"tags":[1111,2281,11,2430,1777,674,2282,1011,27,2280,2284,2285,2283,12,25,4001],"class_list":{"0":"post-491393","1":"post","2":"type-post","3":"status-publish","4":"format-standard","5":"has-post-thumbnail","7":"category-saint-etienne","8":"tag-actu","9":"tag-actualite-43","10":"tag-actualites","11":"tag-auvergne-rhone-alpes","12":"tag-eu","13":"tag-europe","14":"tag-faits-divers-auvergne","15":"tag-fr","16":"tag-france","17":"tag-information-haute-loire","18":"tag-infos-43","19":"tag-journal-haute-loire","20":"tag-la-commere-43","21":"tag-news","22":"tag-republique-francaise","23":"tag-saint-etienne"},"share_on_mastodon":{"url":"https:\/\/pubeurope.com\/@fr\/115441191726769576","error":""},"_links":{"self":[{"href":"https:\/\/www.europesays.com\/fr\/wp-json\/wp\/v2\/posts\/491393","targetHints":{"allow":["GET"]}}],"collection":[{"href":"https:\/\/www.europesays.com\/fr\/wp-json\/wp\/v2\/posts"}],"about":[{"href":"https:\/\/www.europesays.com\/fr\/wp-json\/wp\/v2\/types\/post"}],"author":[{"embeddable":true,"href":"https:\/\/www.europesays.com\/fr\/wp-json\/wp\/v2\/users\/2"}],"replies":[{"embeddable":true,"href":"https:\/\/www.europesays.com\/fr\/wp-json\/wp\/v2\/comments?post=491393"}],"version-history":[{"count":0,"href":"https:\/\/www.europesays.com\/fr\/wp-json\/wp\/v2\/posts\/491393\/revisions"}],"wp:featuredmedia":[{"embeddable":true,"href":"https:\/\/www.europesays.com\/fr\/wp-json\/wp\/v2\/media\/491394"}],"wp:attachment":[{"href":"https:\/\/www.europesays.com\/fr\/wp-json\/wp\/v2\/media?parent=491393"}],"wp:term":[{"taxonomy":"category","embeddable":true,"href":"https:\/\/www.europesays.com\/fr\/wp-json\/wp\/v2\/categories?post=491393"},{"taxonomy":"post_tag","embeddable":true,"href":"https:\/\/www.europesays.com\/fr\/wp-json\/wp\/v2\/tags?post=491393"}],"curies":[{"name":"wp","href":"https:\/\/api.w.org\/{rel}","templated":true}]}}