{"id":491411,"date":"2025-10-26T15:43:15","date_gmt":"2025-10-26T15:43:15","guid":{"rendered":"https:\/\/www.europesays.com\/fr\/491411\/"},"modified":"2025-10-26T15:43:15","modified_gmt":"2025-10-26T15:43:15","slug":"basso-et-robert-au-mental-pour-decrocher-le-p1000-grenoble-tennis-padel-club","status":"publish","type":"post","link":"https:\/\/www.europesays.com\/fr\/491411\/","title":{"rendered":"Basso et Robert au mental pour d\u00e9crocher le P1000 Grenoble Tennis Padel Club"},"content":{"rendered":"<p>La <strong>t\u00eate de s\u00e9rie n\u00b01<\/strong>, <strong>Thomas Basso<\/strong> et <strong>J\u00e9r\u00e9my Robert<\/strong>, remporte le <strong>P1000 Grenoble Tennis Padel Club<\/strong> ce week-end, au terme d\u2019une <strong>finale intense<\/strong> face \u00e0 la <strong>t\u00eate de s\u00e9rie n\u00b03<\/strong>, <strong>Norman Sanchez<\/strong> et <strong>Lucas Potel<\/strong>, sur le score de <strong>6\/4 7\/5<\/strong>. Une victoire au mental pour les jeunes Fran\u00e7ais, qui signent l\u00e0 <strong>leur deuxi\u00e8me titre en P1000 ensemble de la saison<\/strong>.<\/p>\n<p><strong>Un premier set solide<\/strong><\/p>\n<p>La finale a d\u00e9marr\u00e9 sur un rythme soutenu, avec deux paires tr\u00e8s proches dans les \u00e9changes. Apr\u00e8s un d\u00e9but de match \u00e9quilibr\u00e9, <strong>Basso et Robert<\/strong> ont trouv\u00e9 la faille <strong>au meilleur des moments<\/strong>, en breakant \u00e0 <strong>4-4<\/strong> avant de conclure la manche <strong>6\/4<\/strong> gr\u00e2ce \u00e0 un jeu de service autoritaire.<\/p>\n<p><strong>Un second set renvers\u00e9<\/strong><\/p>\n<p>Le sc\u00e9nario s\u2019est invers\u00e9 dans la deuxi\u00e8me manche : <strong>Sanchez et Potel<\/strong> ont pris l\u2019avantage d\u00e8s le d\u00e9but et menaient <strong>5\/3<\/strong>, service \u00e0 suivre pour \u00e9galiser \u00e0 un set partout. Mais au moment de conclure, la tension a pris le dessus. Les favoris <strong>Basso et Robert<\/strong> ont saisi l\u2019occasion pour <strong>revenir dans la partie<\/strong>, encha\u00eenant <strong>quatre jeux cons\u00e9cutifs<\/strong> pour finalement s\u2019imposer <strong>7\/5<\/strong>. Une d\u00e9monstration de sang-froid et de combativit\u00e9.<\/p>\n<p><strong>Basso et Robert, une paire en confiance<\/strong><\/p>\n<p>D\u00e9j\u00e0 victorieux d\u2019un P1000 plus t\u00f4t dans la saison, <strong>Thomas Basso<\/strong> et <strong>J\u00e9r\u00e9my Robert<\/strong> confirment leur <strong>progr\u00e8s constants<\/strong>. Leur parcours \u00e0 Grenoble n\u2019aura pas \u00e9t\u00e9 de tout repos : que des matchs en trois sets, notamment une <strong>demi-finale disput\u00e9e<\/strong> conclue sur le score de <strong>5\/7 7\/6 6\/2 face \u00e0 Du Gardin \/ Roulleau <\/strong>. Une endurance et une solidit\u00e9 mentale qui leur ont permis de d\u00e9crocher le titre.<\/p>\n<p><strong>La logique respect\u00e9e avant le P2000 de Carquefou<\/strong><\/p>\n<p>En s\u2019imposant \u00e0 Grenoble, la <strong>t\u00eate de s\u00e9rie n\u00b01<\/strong> confirme son statut et repart avec <strong>1000 points pr\u00e9cieux<\/strong> avant de disputer le <strong>P2000 Urban Padel Carquefou<\/strong> dans deux semaines, un tournoi qui s\u2019annonce relev\u00e9.<\/p>\n<p><img title=\"WhatsApp Image 2025-10-26 \u00e0 160318_a8727e94 | Padel Magazine\" decoding=\"async\" src=\"https:\/\/www.europesays.com\/fr\/wp-content\/uploads\/2025\/10\/WhatsApp-Image-2025-10-26-a-160318_a8727e94.jpg\" alt=\"\" class=\"wp-image-271800\" style=\"width:749px;height:auto\"\/><img loading=\"lazy\" decoding=\"async\" data-del=\"avatar\" alt=\"Benjamin Dupouy\" src=\"https:\/\/www.europesays.com\/fr\/wp-content\/uploads\/2025\/04\/IMG_5219-150x150.jpg\" class=\"avatar pp-user-avatar avatar-100 photo \" height=\"100\" width=\"100\"\/><\/p>\n<p>J\u2019ai d\u00e9couvert le padel directement lors d\u2019un tournoi, et franchement, je n\u2019ai pas trop accroch\u00e9 au d\u00e9but. Mais la deuxi\u00e8me fois, \u00e7a a \u00e9t\u00e9 le coup de foudre, et depuis, je ne rate plus un seul match. Je suis m\u00eame pr\u00eat \u00e0 rester \u00e9veill\u00e9 jusqu\u2019\u00e0 3h du matin pour regarder une finale de Premier Padel !<\/p>\n<p class=\"related-title\">Sur le m\u00eame sujet<\/p>\n","protected":false},"excerpt":{"rendered":"La t\u00eate de s\u00e9rie n\u00b01, Thomas Basso et J\u00e9r\u00e9my Robert, remporte le P1000 Grenoble Tennis Padel Club ce&hellip;\n","protected":false},"author":2,"featured_media":491412,"comment_status":"","ping_status":"","sticky":false,"template":"","format":"standard","meta":{"footnotes":""},"categories":[9566],"tags":[1111,11,2430,1777,674,1011,27,2731,12,15168,25],"class_list":{"0":"post-491411","1":"post","2":"type-post","3":"status-publish","4":"format-standard","5":"has-post-thumbnail","7":"category-grenoble","8":"tag-actu","9":"tag-actualites","10":"tag-auvergne-rhone-alpes","11":"tag-eu","12":"tag-europe","13":"tag-fr","14":"tag-france","15":"tag-grenoble","16":"tag-news","17":"tag-p1000","18":"tag-republique-francaise"},"share_on_mastodon":{"url":"https:\/\/pubeurope.com\/@fr\/115441239501496878","error":""},"_links":{"self":[{"href":"https:\/\/www.europesays.com\/fr\/wp-json\/wp\/v2\/posts\/491411","targetHints":{"allow":["GET"]}}],"collection":[{"href":"https:\/\/www.europesays.com\/fr\/wp-json\/wp\/v2\/posts"}],"about":[{"href":"https:\/\/www.europesays.com\/fr\/wp-json\/wp\/v2\/types\/post"}],"author":[{"embeddable":true,"href":"https:\/\/www.europesays.com\/fr\/wp-json\/wp\/v2\/users\/2"}],"replies":[{"embeddable":true,"href":"https:\/\/www.europesays.com\/fr\/wp-json\/wp\/v2\/comments?post=491411"}],"version-history":[{"count":0,"href":"https:\/\/www.europesays.com\/fr\/wp-json\/wp\/v2\/posts\/491411\/revisions"}],"wp:featuredmedia":[{"embeddable":true,"href":"https:\/\/www.europesays.com\/fr\/wp-json\/wp\/v2\/media\/491412"}],"wp:attachment":[{"href":"https:\/\/www.europesays.com\/fr\/wp-json\/wp\/v2\/media?parent=491411"}],"wp:term":[{"taxonomy":"category","embeddable":true,"href":"https:\/\/www.europesays.com\/fr\/wp-json\/wp\/v2\/categories?post=491411"},{"taxonomy":"post_tag","embeddable":true,"href":"https:\/\/www.europesays.com\/fr\/wp-json\/wp\/v2\/tags?post=491411"}],"curies":[{"name":"wp","href":"https:\/\/api.w.org\/{rel}","templated":true}]}}