{"id":491413,"date":"2025-10-26T15:44:41","date_gmt":"2025-10-26T15:44:41","guid":{"rendered":"https:\/\/www.europesays.com\/fr\/491413\/"},"modified":"2025-10-26T15:44:41","modified_gmt":"2025-10-26T15:44:41","slug":"chevaigne-maire-et-administres-se-font-face-sur-scene","status":"publish","type":"post","link":"https:\/\/www.europesays.com\/fr\/491413\/","title":{"rendered":"Chevaign\u00e9. Maire et administr\u00e9s se font face sur sc\u00e8ne"},"content":{"rendered":"<p>La compagnie des Tr\u00e9teaux de l\u2019Ille jouera sur sc\u00e8ne aujourd\u2019hui et dimanche la com\u00e9die nomm\u00e9e Mal de maires, \u00e9crite par Claude Theil. \u00a0Elle est actualis\u00e9e et r\u00e9adapt\u00e9e en pi\u00e8ce interactive o\u00f9 le public aura son r\u00f4le\u00a0\u00bb, promet Pol Guimont, fondateur de la troupe.<\/p>\n<p>Avec ce texte, les dix\u00a0com\u00e9diens incarnent seize\u00a0personnages dans six\u00a0d\u00e9cors diff\u00e9rents. \u00a0Le fil rouge de l\u2019histoire s\u2019appuie sur les petits tracas et les grandes angoisses des \u00e9lus locaux et de leurs administr\u00e9s, indique Philippe H\u00e9on, pr\u00e9sident de la compagnie.\u00a0L\u2019auteur propose des sc\u00e8nes quotidiennes d\u2019\u00e9lus confront\u00e9s \u00e0 leurs concitoyens et \u00e0 une bureaucratie envahissante. Des situations cocasses, parfois absurdes, des personnages souvent d\u00e9cal\u00e9s qui donneront un mal de maires totalement d\u2019actualit\u00e9.\u00a0<\/p>\n<p>Samedi 25\u00a0octobre, \u00e0 20\u00a0h\u00a030, et <strong class=\"date\">dimanche 26\u00a0octobre<\/strong>, \u00e0 15\u00a0h, au th\u00e9\u00e2tre, en salle des Tilleuls. Tarifs\u00a0: 7\u00a0\u20ac\u00a0; gratuit jusqu\u2019\u00e0 10\u00a0ans. R\u00e9servations conseill\u00e9es, t\u00e9l.\u00a006\u00a011\u00a008\u00a090\u00a059 ou 06\u00a081\u00a080\u00a089\u00a071.<\/p>\n<p>\u00a0<\/p>\n","protected":false},"excerpt":{"rendered":"La compagnie des Tr\u00e9teaux de l\u2019Ille jouera sur sc\u00e8ne aujourd\u2019hui et dimanche la com\u00e9die nomm\u00e9e Mal de maires,&hellip;\n","protected":false},"author":2,"featured_media":491414,"comment_status":"","ping_status":"","sticky":false,"template":"","format":"standard","meta":{"footnotes":""},"categories":[2821],"tags":[1111,11,61419,829,25538,1777,674,2823,7234,1011,27,5107,12,584,25,7347],"class_list":{"0":"post-491413","1":"post","2":"type-post","3":"status-publish","4":"format-standard","5":"has-post-thumbnail","7":"category-rennes","8":"tag-actu","9":"tag-actualites","10":"tag-administres","11":"tag-bretagne","12":"tag-chevaigne","13":"tag-eu","14":"tag-europe","15":"tag-face","16":"tag-font","17":"tag-fr","18":"tag-france","19":"tag-maire","20":"tag-news","21":"tag-rennes","22":"tag-republique-francaise","23":"tag-scene"},"share_on_mastodon":{"url":"https:\/\/pubeurope.com\/@fr\/115441242292844182","error":""},"_links":{"self":[{"href":"https:\/\/www.europesays.com\/fr\/wp-json\/wp\/v2\/posts\/491413","targetHints":{"allow":["GET"]}}],"collection":[{"href":"https:\/\/www.europesays.com\/fr\/wp-json\/wp\/v2\/posts"}],"about":[{"href":"https:\/\/www.europesays.com\/fr\/wp-json\/wp\/v2\/types\/post"}],"author":[{"embeddable":true,"href":"https:\/\/www.europesays.com\/fr\/wp-json\/wp\/v2\/users\/2"}],"replies":[{"embeddable":true,"href":"https:\/\/www.europesays.com\/fr\/wp-json\/wp\/v2\/comments?post=491413"}],"version-history":[{"count":0,"href":"https:\/\/www.europesays.com\/fr\/wp-json\/wp\/v2\/posts\/491413\/revisions"}],"wp:featuredmedia":[{"embeddable":true,"href":"https:\/\/www.europesays.com\/fr\/wp-json\/wp\/v2\/media\/491414"}],"wp:attachment":[{"href":"https:\/\/www.europesays.com\/fr\/wp-json\/wp\/v2\/media?parent=491413"}],"wp:term":[{"taxonomy":"category","embeddable":true,"href":"https:\/\/www.europesays.com\/fr\/wp-json\/wp\/v2\/categories?post=491413"},{"taxonomy":"post_tag","embeddable":true,"href":"https:\/\/www.europesays.com\/fr\/wp-json\/wp\/v2\/tags?post=491413"}],"curies":[{"name":"wp","href":"https:\/\/api.w.org\/{rel}","templated":true}]}}