{"id":491422,"date":"2025-10-26T15:50:22","date_gmt":"2025-10-26T15:50:22","guid":{"rendered":"https:\/\/www.europesays.com\/fr\/491422\/"},"modified":"2025-10-26T15:50:22","modified_gmt":"2025-10-26T15:50:22","slug":"decouvrez-le-11-de-depart-de-logc-nice-face-a-rennes-pour-la-9%e1%b5%89-journee-de-ligue-1","status":"publish","type":"post","link":"https:\/\/www.europesays.com\/fr\/491422\/","title":{"rendered":"d\u00e9couvrez le 11 de d\u00e9part de l\u2019OGC Nice face \u00e0 Rennes pour la 9\u1d49 journ\u00e9e de Ligue 1"},"content":{"rendered":"<p class=\"fs-5 \">L\u2019OGC Nice se d\u00e9place au Roazhon Park ce dimanche \u00e0 17 h 15 pour le compte de la 9e journ\u00e9e de Ligue 1. En face, Rennes reste sur une s\u00e9rie de quatre nuls de rang et patine dans le ventre mou du championnat, au m\u00eame titre que les Aiglons. Battus par le Celta Vigo jeudi en Ligue Europa, ils sont rest\u00e9s en Espagne pendant trois jours avant d\u2019atterrir directement \u00e0 Rennes ce samedi soir. Et Franck Haise a donc conserv\u00e9 \u00ab le m\u00eame groupe qu\u2019\u00e0 Vigo \u00bb, dans lequel ne figuraient d\u00e9j\u00e0 pas Dante, souffrant aux genoux depuis le match contre Lyon le week-end dernier, et Hicham Boudaoui, toujours touch\u00e9 par un virus qui l\u2019affaiblit depuis le d\u00e9but de semaine.<\/p>\n<p>                                                                                <strong>Exclu jeudi, Clauss encha\u00eene \u00e0 droite<\/strong><\/p>\n<p class=\"fs-5 \">Avec ces deux absences majeures, le technicien ni\u00e7ois a opt\u00e9 pour un retour de Mendy en charni\u00e8re centrale, lui qui n\u2019avait pas d\u00e9but\u00e9 cette semaine en Coupe d\u2019Europe. Pas de surprise pour Oppong et Bard qui encha\u00eenent, et prot\u00e9geront Diouf, titulaire dans les cages. Expuls\u00e9 en Espagne mais align\u00e9 ce dimanche apr\u00e8s-midi en championnat, Jonathan Clauss a une chance de se ressaisir apr\u00e8s avoir ressass\u00e9 son carton rouge. Il est capitaine et titulaire \u00e0 droite, tandis qu\u2019Abdi, lui aussi exclu r\u00e9cemment \u00e0 Monaco, occupe le couloir gauche. Au milieu, Vanhoutte, rempla\u00e7ant \u00e0 Vigo, d\u00e9marre aux c\u00f4t\u00e9s d\u2019Abdul Samed, passeur d\u00e9cisif sur le but de Cho contre le Celta. Lequel est reconduit devant, o\u00f9 un Diop en forme olympique (4 buts, 1 passe sur ses 3 derni\u00e8res titularisations en Ligue 1) r\u00e9cup\u00e8re le poste de num\u00e9ro 9. Boga conclut ce onze, titulaire \u00e0 gauche de l\u2019attaque ni\u00e7oise.<\/p>\n<p>                                                                                <strong>Quatre changements par rapport \u00e0 jeudi<\/strong><\/p>\n<p class=\"fs-5 \">Franck Haise op\u00e8re donc quatre changements par rapport au onze face au Celta. Bah, Louchet, Sanson et Carlos, qui n\u2019ont pas convaincu, sont sur le banc. \u00c0 noter que Tanguy Ndomb\u00e9l\u00e9 sera rempla\u00e7ant. Il encha\u00eene ainsi sa troisi\u00e8me incursion de suite dans le groupe ni\u00e7ois apr\u00e8s Lyon et le Celta Vigo et une absence de longue dur\u00e9e (pubalgie d\u00e9clar\u00e9e en f\u00e9vrier et op\u00e9r\u00e9e en juillet). En cas de victoire face au Stade Rennais (9e), \u00e0 \u00e9galit\u00e9 de points (10e, 11 chacun), le Gym recollerait aux places europ\u00e9ennes.<\/p>\n<p>                                                                                <strong>La composition :<\/strong><\/p>\n<p class=\"fs-5 \">Diouf &#8211; Mendy, Oppong, Bard \u2013 Clauss (cap), Vanhoutte, Abdul Samed, Abdi \u2013 Cho, Diop, Boga.<\/p>\n<p class=\"fs-5 \">Rempla\u00e7ants : Dup\u00e9 (g), Bah, Louchet, Ndomb\u00e9l\u00e9, Sanson, Carlos, Gouveia, Jansson, Nguene.<\/p>\n","protected":false},"excerpt":{"rendered":"L\u2019OGC Nice se d\u00e9place au Roazhon Park ce dimanche \u00e0 17 h 15 pour le compte de la&hellip;\n","protected":false},"author":2,"featured_media":491423,"comment_status":"","ping_status":"","sticky":false,"template":"","format":"standard","meta":{"footnotes":""},"categories":[2819],"tags":[1111,11,1777,674,1011,27,12,2401,54521,882,25],"class_list":{"0":"post-491422","1":"post","2":"type-post","3":"status-publish","4":"format-standard","5":"has-post-thumbnail","7":"category-nice","8":"tag-actu","9":"tag-actualites","10":"tag-eu","11":"tag-europe","12":"tag-fr","13":"tag-france","14":"tag-news","15":"tag-nice","16":"tag-ogcnice","17":"tag-provence-alpes-cote-dazur","18":"tag-republique-francaise"},"share_on_mastodon":{"url":"https:\/\/pubeurope.com\/@fr\/115441265820987376","error":""},"_links":{"self":[{"href":"https:\/\/www.europesays.com\/fr\/wp-json\/wp\/v2\/posts\/491422","targetHints":{"allow":["GET"]}}],"collection":[{"href":"https:\/\/www.europesays.com\/fr\/wp-json\/wp\/v2\/posts"}],"about":[{"href":"https:\/\/www.europesays.com\/fr\/wp-json\/wp\/v2\/types\/post"}],"author":[{"embeddable":true,"href":"https:\/\/www.europesays.com\/fr\/wp-json\/wp\/v2\/users\/2"}],"replies":[{"embeddable":true,"href":"https:\/\/www.europesays.com\/fr\/wp-json\/wp\/v2\/comments?post=491422"}],"version-history":[{"count":0,"href":"https:\/\/www.europesays.com\/fr\/wp-json\/wp\/v2\/posts\/491422\/revisions"}],"wp:featuredmedia":[{"embeddable":true,"href":"https:\/\/www.europesays.com\/fr\/wp-json\/wp\/v2\/media\/491423"}],"wp:attachment":[{"href":"https:\/\/www.europesays.com\/fr\/wp-json\/wp\/v2\/media?parent=491422"}],"wp:term":[{"taxonomy":"category","embeddable":true,"href":"https:\/\/www.europesays.com\/fr\/wp-json\/wp\/v2\/categories?post=491422"},{"taxonomy":"post_tag","embeddable":true,"href":"https:\/\/www.europesays.com\/fr\/wp-json\/wp\/v2\/tags?post=491422"}],"curies":[{"name":"wp","href":"https:\/\/api.w.org\/{rel}","templated":true}]}}