{"id":491438,"date":"2025-10-26T16:03:15","date_gmt":"2025-10-26T16:03:15","guid":{"rendered":"https:\/\/www.europesays.com\/fr\/491438\/"},"modified":"2025-10-26T16:03:15","modified_gmt":"2025-10-26T16:03:15","slug":"un-coureur-de-marseille-cassis-apprend-quil-va-devenir-pere-a-la-fin-de-la-course","status":"publish","type":"post","link":"https:\/\/www.europesays.com\/fr\/491438\/","title":{"rendered":"un coureur de Marseille-Cassis apprend qu&rsquo;il va devenir p\u00e8re \u00e0 la fin de la course"},"content":{"rendered":"<p class=\"article__intro\">Ce participant \u00e0 la 46e \u00e9dition de la course, ce dimanche 26 octobre, a f\u00eat\u00e9 son anniversaire et sa paternit\u00e9 juste apr\u00e8s avoir franchi la ligne d&rsquo;arriv\u00e9e. <\/p>\n<p>\n      Les belles histoires du dimanche\n    <\/p>\n<p>\n      D\u00e9couvrez des r\u00e9cits inspirants de solidarit\u00e9 et d&rsquo;altruisme, et partez \u00e0 la rencontre de la g\u00e9n\u00e9rosit\u00e9. \u00c9motions garanties chaque dimanche !\n    <\/p>\n<p>    France T\u00e9l\u00e9visions utilise votre adresse e-mail afin de vous envoyer la newsletter \u00ab\u00a0Les belles histoires du dimanche\u00a0\u00bb. Vous pouvez vous d\u00e9sinscrire \u00e0 tout moment via le lien en bas de cette newsletter. <a target=\"_blank\" href=\"https:\/\/www.francetelevisions.fr\/groupe\/confidentialite\/politique-de-confidentialite\/politique-de-confidentialite-de-france-televisions-6503\" rel=\"noopener\">Notre politique de confidentialit\u00e9<\/a><\/p>\n<p>Il est des jours plus sp\u00e9ciaux que d&rsquo;autres pour certains. Paul* se souviendra  longtemps de <a href=\"https:\/\/france3-regions.franceinfo.fr\/sport\/course-pied\/marseille-cassis\" target=\"_blank\" rel=\"noopener noreferrer nofollow\" data-tooltip-url=\"https:\/\/france3-regions.franceinfo.fr\/sport\/course-pied\/marseille-cassis\">la 46e \u00e9dition de Marseille-Cassis, <\/a>car le jeune homme a v\u00e9cu une journ\u00e9e triplement sp\u00e9ciale, dimanche 26 octobre. Tout d&rsquo;abord, le coureur a r\u00e9ussi \u00e0 boucler les 20 km de la c\u00e9l\u00e8bre course proven\u00e7ale domin\u00e9e cette ann\u00e9e par <a href=\"https:\/\/france3-regions.franceinfo.fr\/provence-alpes-cote-d-azur\/bouches-du-rhone\/marseille\/marseille-cassis-2025-ilies-fifa-s-impose-au-terme-d-un-incroyable-finish-devant-mohamed-el-tahlaoui-3239419.html\" target=\"_blank\" rel=\"noopener noreferrer nofollow\" data-tooltip-url=\"https:\/\/france3-regions.franceinfo.fr\/provence-alpes-cote-d-azur\/bouches-du-rhone\/marseille\/marseille-cassis-2025-ilies-fifa-s-impose-au-terme-d-un-incroyable-finish-devant-mohamed-el-tahlaoui-3239419.html\">l&rsquo;Espagnol Ilias Fifa au terme d&rsquo;un finish \u00e9bouriffant.<\/a><\/p>\n<p>Mais cette journ\u00e9e marquait aussi son anniversaire, qui co\u00efncidait avec un heureux \u00e9v\u00e9nement. <\/p>\n<p>    dur\u00e9e de la vid\u00e9o : 00h00mn34s<\/p>\n<p>        <img decoding=\"async\" width=\"640\" height=\"426\" class=\"article-image not-lazy\" src=\"https:\/\/www.europesays.com\/fr\/wp-content\/uploads\/2025\/10\/7836de8f-492e-4bc9-9bde-7916e5b93aa8.jpg\" alt=\"\" fetchpriority=\"high\"\/><\/p>\n<p>              Voir la video\u00a0(34 secondes).\u00a0<br \/>\n                  34 sec<\/p>\n<p>\n          Marseille-Cassis 2025 : ce concurent file \u00e0 la maternit\u00e9 juste apr\u00e8s l&rsquo;arriv\u00e9e de sa course<\/p>\n<p>        \u2022<\/p>\n<p>              \u00a9J. Boudier \/ FTV\n      <\/p>\n<p>\u00ab\u00a0C&rsquo;est un jour tr\u00e8s particulier parce que c&rsquo;est mon anniversaire et en plus, je vais \u00eatre papa dans les heures qui vont arriver, donc l\u00e0, je file \u00e0 la maternit\u00e9, sourit Paul*, un large sourire sur son visage encore marqu\u00e9 par l&rsquo;effort. C&rsquo;\u00e9tait une course tr\u00e8s agr\u00e9able, on avait de la chance avec le vent dans le dos, donc beau temps, temp\u00e9rature id\u00e9ale, tout \u00e9tait parfait.\u00a0\u00bb<\/p>\n<p><a href=\"https:\/\/france3-regions.franceinfo.fr\/provence-alpes-cote-d-azur\/bouches-du-rhone\/marseille\/marseille-cassis-2025-les-coureurs-auront-le-vent-de-dos-ou-de-face-suivant-les-virages-le-mistral-prendra-le-depart-de-la-46-edition-3238378.html\" target=\"_blank\" rel=\"noopener noreferrer nofollow\" data-tooltip-url=\"https:\/\/france3-regions.franceinfo.fr\/provence-alpes-cote-d-azur\/bouches-du-rhone\/marseille\/marseille-cassis-2025-les-coureurs-auront-le-vent-de-dos-ou-de-face-suivant-les-virages-le-mistral-prendra-le-depart-de-la-46-edition-3238378.html\">Une journ\u00e9e d\u00e9coiffante en plein mistral<\/a> que ce sportif va longtemps garder en m\u00e9moire comme il l&rsquo;explique \u00e0 France 3 Provence-Alpes-C\u00f4te d&rsquo;Azur au moment de se prendre en photo apr\u00e8s la ligne d&rsquo;arriv\u00e9e via le photobooth mis \u00e0 disposition des coureurs. \u00ab\u00a0C&rsquo;est une histoire que je raconterai plus tard \u00e0 mes enfants, mes petits-enfants\u00a0\u00bb, rigole-t-il.<\/p>\n<p>\u00ab\u00a0Quand on est Marseillais, c&rsquo;est la course reine. Tout le monde conna\u00eet ce parcours. Sur les routes d&rsquo;entra\u00eenement, c&rsquo;est une route mythique, des paysages incroyables, donc tout \u00e9tait parfait\u00a0\u00bb, l\u00e2che-t-il avant de se rendre \u00e0 la maternit\u00e9. <\/p>\n<p>Peut-\u00eatre qu&rsquo;il courra bient\u00f4t au c\u00f4t\u00e9 de son enfant afin de se pr\u00e9parer \u00e0 affronter une nouvelle fois Marseille-Cassis ?<\/p>\n<p>                    Course Marseille-Cassis 2025<\/p>\n<p>\n                                                                Le 26 octobre 2025\n                                    <\/p>\n<p>Le semi-marathon Marseille-Cassis fait son retour dimanche 26 octobre 2025. Au d\u00e9part du stade Orange V\u00e9lodrome \u00e0 9 heures, les 20 000 participants s\u2019\u00e9lanceront pour affronter les 20 km mythiques, traversant notamment le parc national des Calanques avant de rejoindre l\u2019arriv\u00e9e \u00e0 Cassis. L\u2019\u00e9v\u00e9nement sera \u00e0 suivre en direct et en vid\u00e9o sur paca.france3.fr, avec la possibilit\u00e9 de revoir l\u2019arriv\u00e9e de chaque coureur gr\u00e2ce \u00e0 une cam\u00e9ra sp\u00e9cialement install\u00e9e sur la ligne d\u2019arriv\u00e9e.<\/p>\n<p>                voir plus<\/p>\n<p>\n                Lieu de l\u2019\u00e9v\u00e9nement:<br \/>\n                Marseille\n            <\/p>\n<p>\t\t\t\t\t\t\t\t\t\t\t\t\t\t\t\t\t\t\t\t\t\t\t\t\t<a class=\"btn btn--primary btn--large event_redirect btn--on-white\" href=\"https:\/\/france3-regions.franceinfo.fr\/sport\/course-pied\/marseille-cassis\" aria-label=\"Course Marseille-Cassis 2025. Voir la page de l\u2019\u00e9v\u00e9nement\" target=\"_blank\" rel=\"noopener\"><\/p>\n<p>              Voir la page de l\u2019\u00e9v\u00e9nement<\/p>\n<p>\t<\/a><\/p>\n","protected":false},"excerpt":{"rendered":"Ce participant \u00e0 la 46e \u00e9dition de la course, ce dimanche 26 octobre, a f\u00eat\u00e9 son anniversaire et&hellip;\n","protected":false},"author":2,"featured_media":491439,"comment_status":"","ping_status":"","sticky":false,"template":"","format":"standard","meta":{"footnotes":""},"categories":[2814],"tags":[1111,11,1777,674,1011,27,884,12,882,25],"class_list":{"0":"post-491438","1":"post","2":"type-post","3":"status-publish","4":"format-standard","5":"has-post-thumbnail","7":"category-marseille","8":"tag-actu","9":"tag-actualites","10":"tag-eu","11":"tag-europe","12":"tag-fr","13":"tag-france","14":"tag-marseille","15":"tag-news","16":"tag-provence-alpes-cote-dazur","17":"tag-republique-francaise"},"share_on_mastodon":{"url":"https:\/\/pubeurope.com\/@fr\/115441317774190416","error":""},"_links":{"self":[{"href":"https:\/\/www.europesays.com\/fr\/wp-json\/wp\/v2\/posts\/491438","targetHints":{"allow":["GET"]}}],"collection":[{"href":"https:\/\/www.europesays.com\/fr\/wp-json\/wp\/v2\/posts"}],"about":[{"href":"https:\/\/www.europesays.com\/fr\/wp-json\/wp\/v2\/types\/post"}],"author":[{"embeddable":true,"href":"https:\/\/www.europesays.com\/fr\/wp-json\/wp\/v2\/users\/2"}],"replies":[{"embeddable":true,"href":"https:\/\/www.europesays.com\/fr\/wp-json\/wp\/v2\/comments?post=491438"}],"version-history":[{"count":0,"href":"https:\/\/www.europesays.com\/fr\/wp-json\/wp\/v2\/posts\/491438\/revisions"}],"wp:featuredmedia":[{"embeddable":true,"href":"https:\/\/www.europesays.com\/fr\/wp-json\/wp\/v2\/media\/491439"}],"wp:attachment":[{"href":"https:\/\/www.europesays.com\/fr\/wp-json\/wp\/v2\/media?parent=491438"}],"wp:term":[{"taxonomy":"category","embeddable":true,"href":"https:\/\/www.europesays.com\/fr\/wp-json\/wp\/v2\/categories?post=491438"},{"taxonomy":"post_tag","embeddable":true,"href":"https:\/\/www.europesays.com\/fr\/wp-json\/wp\/v2\/tags?post=491438"}],"curies":[{"name":"wp","href":"https:\/\/api.w.org\/{rel}","templated":true}]}}