{"id":491441,"date":"2025-10-26T16:05:23","date_gmt":"2025-10-26T16:05:23","guid":{"rendered":"https:\/\/www.europesays.com\/fr\/491441\/"},"modified":"2025-10-26T16:05:23","modified_gmt":"2025-10-26T16:05:23","slug":"lyon-la-singularite-dasaf-avidan-a-lamphitheatre-3000-ce-jeudi","status":"publish","type":"post","link":"https:\/\/www.europesays.com\/fr\/491441\/","title":{"rendered":"Lyon. La singularit\u00e9 d\u2019Asaf Avidan \u00e0 l\u2019Amphith\u00e9\u00e2tre 3000 ce jeudi"},"content":{"rendered":"<p>Le New York Times  a un jour r\u00e9sum\u00e9 Asaf Avidan ainsi\u00a0: \u00ab\u00a0Un artiste qui \u00e9crit comme Leonard Cohen, chante comme Robert Plant, et poss\u00e8de le charisme d\u2019un danseur de cabaret.\u00a0\u00bb Et celui-ci s\u2019est impos\u00e9, au fil des ann\u00e9es, comme une figure unique, inclassable.<\/p>\n<p>Fort <a href=\"https:\/\/www.leprogres.fr\/culture-loisirs\/2021\/06\/30\/theo-charaf-et-asaf-avidan-une-meme-scene-et-des-memes-racines\" target=\"_blank\" rel=\"nofollow noopener\">de son retour avec<\/a> un nouvel album Unfurl , sorti le 10\u00a0octobre, et un autre \u00e0 venir, il a entam\u00e9 une tourn\u00e9e internationale qui fait escale \u00e0 Lyon ce jeudi 30\u00a0octobre, \u00e0 l\u2019Amphith\u00e9\u00e2tre 3000, de la Cit\u00e9 internationale.<\/p>\n<p>Salu\u00e9 pour sa musique singuli\u00e8re, sa voix bouleversante, ses textes po\u00e9tiques et sa pr\u00e9sence sc\u00e9nique, Avidan propose une mise en sc\u00e8ne th\u00e9\u00e2trale qui accueille un vaste m\u00e9lange de styles &#8211; folk, jazz, blues, rock, pop, et m\u00eame rap &#8211; dans un show qui puise \u00e0 la fois dans son riche r\u00e9pertoire et dans ses cr\u00e9ations les plus r\u00e9centes.<\/p>\n<p>Et pour la premi\u00e8re fois depuis trois ans, il met de c\u00f4t\u00e9 ses concerts intimistes pour revenir sur sc\u00e8ne entour\u00e9 d\u2019un groupe au complet.<\/p>\n<p class=\"note\">Jeudi 30\u00a0octobre, \u00e0 20 heures, \u00e0 l\u2019Amphith\u00e9\u00e2tre 3000, 1 quai Charles de Gaulle, \u00e0 la Cit\u00e9 Internationale, Lyon 6e. Tarif\u00a0: \u00e0 partir de 73\u00a0\u20ac. R\u00e9servations\u00a0: points de ventes et sites habituels.<\/p>\n","protected":false},"excerpt":{"rendered":"Le New York Times a un jour r\u00e9sum\u00e9 Asaf Avidan ainsi\u00a0: \u00ab\u00a0Un artiste qui \u00e9crit comme Leonard Cohen,&hellip;\n","protected":false},"author":2,"featured_media":491442,"comment_status":"","ping_status":"","sticky":false,"template":"","format":"standard","meta":{"footnotes":""},"categories":[1889],"tags":[1111,11,2430,1687,2757,1777,674,1011,27,2428,2756,873,12,25,2429],"class_list":{"0":"post-491441","1":"post","2":"type-post","3":"status-publish","4":"format-standard","5":"has-post-thumbnail","7":"category-lyon","8":"tag-actu","9":"tag-actualites","10":"tag-auvergne-rhone-alpes","11":"tag-culture-loisirs","12":"tag-edition-lyon-villeurbanne","13":"tag-eu","14":"tag-europe","15":"tag-fr","16":"tag-france","17":"tag-lyon","18":"tag-lyon-bassin","19":"tag-musique","20":"tag-news","21":"tag-republique-francaise","22":"tag-rhone"},"share_on_mastodon":{"url":"https:\/\/pubeurope.com\/@fr\/115441324705540691","error":""},"_links":{"self":[{"href":"https:\/\/www.europesays.com\/fr\/wp-json\/wp\/v2\/posts\/491441","targetHints":{"allow":["GET"]}}],"collection":[{"href":"https:\/\/www.europesays.com\/fr\/wp-json\/wp\/v2\/posts"}],"about":[{"href":"https:\/\/www.europesays.com\/fr\/wp-json\/wp\/v2\/types\/post"}],"author":[{"embeddable":true,"href":"https:\/\/www.europesays.com\/fr\/wp-json\/wp\/v2\/users\/2"}],"replies":[{"embeddable":true,"href":"https:\/\/www.europesays.com\/fr\/wp-json\/wp\/v2\/comments?post=491441"}],"version-history":[{"count":0,"href":"https:\/\/www.europesays.com\/fr\/wp-json\/wp\/v2\/posts\/491441\/revisions"}],"wp:featuredmedia":[{"embeddable":true,"href":"https:\/\/www.europesays.com\/fr\/wp-json\/wp\/v2\/media\/491442"}],"wp:attachment":[{"href":"https:\/\/www.europesays.com\/fr\/wp-json\/wp\/v2\/media?parent=491441"}],"wp:term":[{"taxonomy":"category","embeddable":true,"href":"https:\/\/www.europesays.com\/fr\/wp-json\/wp\/v2\/categories?post=491441"},{"taxonomy":"post_tag","embeddable":true,"href":"https:\/\/www.europesays.com\/fr\/wp-json\/wp\/v2\/tags?post=491441"}],"curies":[{"name":"wp","href":"https:\/\/api.w.org\/{rel}","templated":true}]}}