{"id":491443,"date":"2025-10-26T16:08:13","date_gmt":"2025-10-26T16:08:13","guid":{"rendered":"https:\/\/www.europesays.com\/fr\/491443\/"},"modified":"2025-10-26T16:08:13","modified_gmt":"2025-10-26T16:08:13","slug":"ratp-et-sncf-les-perturbations-attendues-dans-les-transports-a-paris-et-en-ile-de-france-cette-semaine-23","status":"publish","type":"post","link":"https:\/\/www.europesays.com\/fr\/491443\/","title":{"rendered":"RATP et SNCF. Les perturbations attendues dans les transports \u00e0 Paris et en \u00cele-de-France cette semaine"},"content":{"rendered":"<p>            Par<br \/>\n        <strong><br \/>\n            <a href=\"https:\/\/actu.fr\/auteur\/antoine-grotteria02\" title=\"Consulter tous les articles de Antoine Grotteria\" target=\"_blank\" rel=\"noopener\">Antoine Grotteria<\/a><br \/>\n        <\/strong><\/p>\n<p>        Publi\u00e9 le<\/p>\n<p>            26 oct. 2025 \u00e0 16h54        <\/p>\n<p>Deuxi\u00e8me semaine des vacances scolaires oblige, les <a href=\"https:\/\/actu.fr\/tag\/transport\" target=\"_blank\" rel=\"noopener\">transports en commun<\/a> ne fonctionneront pas toujours \u00e0 plein r\u00e9gime. Du m\u00e9tro au Transilien, en passant par le RER, plusieurs lignes de la <a href=\"https:\/\/actu.fr\/tag\/ratp\" target=\"_blank\" rel=\"noopener\">RATP<\/a> et de la <a href=\"https:\/\/actu.fr\/tag\/sncf\" target=\"_blank\" rel=\"noopener\">SNCF<\/a> seront perturb\u00e9es en raison des <strong>travaux<\/strong> \u00e0 <a href=\"https:\/\/actu.fr\/paris\/\" target=\"_blank\" rel=\"noopener\">Paris<\/a> et en \u00ce<a href=\"https:\/\/actu.fr\/ile-de-france\/\" target=\"_blank\" rel=\"noopener\">le-de-France<\/a>. Actu Paris fait un point sur les pr\u00e9visions.\u00a0<\/p>\n<p class=\" wall-content\"><strong>M\u00e9tro\u00a0<\/strong><\/p>\n<ul class=\" wall-content\">\n<li><strong>Ligne 6<\/strong> : jusqu\u2019au 30 octobre, le trafic est interrompu entre Place d\u2019Italie et La Motte-Picquet \u2013 Grenelle en raison de travaux de modernisation. Bus de remplacement.<\/li>\n<\/ul>\n<p class=\" wall-content\"><strong>RER<\/strong><\/p>\n<ul class=\" wall-content\">\n<li><strong>RER A<\/strong> : jusqu\u2019au 30 octobre, du lundi au vendredi d\u00e8s 22 heures, le trafic est interrompu entre Nanterre-Pr\u00e9fecture et Cergy Le-Haut et Poissy en raison de travaux. Du 28 octobre au 13 d\u00e9cembre, du mardi au samedi jusqu\u2019\u00e0 05h10, le trafic sera interrompu de Cergy\u2013Le Haut \u00e0 Maisons-Laffitte en raison de travaux. Bus de remplacement mis \u00e0 disposition de Cergy\u2013Le Haut jusqu\u2019\u00e0 Maisons-Laffitte.<\/li>\n<li><strong>RER B<\/strong> : jusqu\u2019au 12 d\u00e9cembre, du lundi au vendredi d\u00e8s 22h45, le trafic est interrompu entre Gare du Nord et A\u00e9roport Charles de Gaulle 2\u2013TGV et Mitry\u2013Claye en raison de travaux d\u2019entretien. Bus de remplacement mis en place. Retrouvez les d\u00e9tails et dates compl\u00e8tes sur MaLigneB.fr. Jusqu\u2019au 10 novembre, du lundi au vendredi d\u00e8s 22h45, le trafic est interrompu entre\u200b\u200b\u200b\u200b Ch\u00e2telet\u2006\u2013\u2006Les Halles et Mitry\u2006\u2013\u2006Claye \u2022 A\u00e9roport CDG 2 en raison de travaux de maintenance. Le week-end des samedi 1 et dimanche 2 novembre, en raison de travaux, le trafic sera interrompu entre Denfert-Rochereau et Robinson via La Croix de Berny.\u00a0<\/li>\n<li><strong>RER C<\/strong> : jusqu\u2019au 31 octobre, du lundi au vendredi d\u00e8s 23h30, le trafic est interrompu entre Gare d\u2019Austerlitz et Saint-Martin d\u2019\u00c9tampes, et entre Dourdan la For\u00eat et Gare d\u2019Austerlitz. Bus de remplacement. Jusqu\u2019au mercredi vendredi 31 octobre, e trafic est interrompu de Saint-Quentin en Yvelines vers Javel d\u00e8s 23h30. M\u00eame chose entre Javel et Versailles Ch\u00e2teau Rive Gauche. M\u00eame chose entre Paris Austerlitz et Juvisy jusqu\u2019au 31 octobre d\u00e8s 23 heures. M\u00eame chose entre Paris Austerlitz et Pont de Rungis d\u00e8s 23 heures. Le samedi 25 et le dimanche 26 octobre. Les trains sont directs de Choisy le Roi \u00e0 Juvisy. Jusqu\u2019au 11 janvier, l\u2019arr\u00eat n\u2019est pas desservi \u00e0 Issy vers Versailles Ch\u00e2teau Rive Gauche et Saint-Quentin en Yvelines \u2013 Montigny-le-Bretonneux en raison de travaux. Les samedi 25 et dimanche 26 octobre. Le trafic est interrompu de Versailles Ch\u00e2teau RG vers Invalides. Report : Ligne N ou bus de ville. Samedi 1er novembre, le trafic est interrompu entre Dourdan et Paris Austerlitz \u00e0 partir de 23h45. Samedi 1 et dimanche 2 novembre, le trafic est interrompu de Juvisy \u00e0 Versailles Ch\u00e2teau RG d\u00e8s 23h55. Samedi 01 et dimanche 2 novembre. Les trains sont directs de Juvisy \u00e0 Choisy le Roi uniquement dans ce sens. Les gares de Athis Mons, Ablon et Villeneuve le Roi ne sont pas desservies par les trains \u00e0 destination de Paris.\u00a0<\/li>\n<li><strong>RER D<\/strong> : En semaine \u00e0 partir de 23h35 du 13 octobre au vendredi 28 novembre : Trafic interrompu entre Paris Gare du Nord et Creil. Jusqu\u2019au vendredi 31 octobre, d\u00e8s 23h20, e trafic est interrompu entre Paris Gare du Nord et Creil. Jusqu\u2019au 31 octobre, du lundi au vendredi \u00e0 partir de 23h20, le trafic est interrompu entre Gare du Nord et Creil en raison de travaux. Jusqu\u2019au 31 octobre, du lundi au vendredi d\u00e8s 22h30, les arr\u00eats ne sont pas desservis \u00e0 Maisons-Alfort \u2013 Alfortville, Le Vert de Maisons, Cr\u00e9teil Pompadour et Villeneuve Triage en raison de travaux. Bus de remplacement.\u00a0<\/li>\n<li><strong>RER E<\/strong> : jusqu\u2019au 31 octobre, du lundi au vendredi d\u00e8s 22h45, le trafic est interrompu entre Nanterre-La-Folie et Chelles \u2013 Gournay. Bus de remplacement. Jusqu\u2019au 31 octobre, le trafic est interrompu entre Nanterre-La-Folie et Villiers-sur-Marne et entre Nanterre-la-Folie et Tournan. Samedi 1er et dimanche 2 novembre, le trafic est interrompu entre Nanterre-la-Folie et Villiers-sur-Marne et entre Nanterre-la-Folie et Tournan d\u00e8s 22h15. Du lundi 27 au vendredi 31 octobre 1 train sur 2 entre Nanterre-La-Folie et Villiers-sur-Marne, de 11h45 \u00e0 15h30.\u00a0<\/li>\n<\/ul>\n<p class=\" wall-content\"><strong>Transilien<\/strong><\/p>\n<ul class=\" wall-content\">\n<li><strong>Ligne H<\/strong> : 22h50 \u00e0 8h50, samedi 1er et dimanche 2 novembre, le trafic est interrompu entre Gare du Nord et Ermont\u2013Eaubonne.\u00a0<\/li>\n<li><strong>Ligne J<\/strong> : jusqu\u2019au jeudi 30 octobre, \u00e0 partir de 21 heures, le trafic est interrompu entre Argenteuil et Pontoise \u2022 Mantes-la-Jolie via Conflans-Ste-Honorine. Les deux derniers trains de Paris Saint-Lazare vers Argenteuil sont supprim\u00e9s. Les deux derniers trains au d\u00e9part de Gare Saint-Lazare et \u00e0 destination de Mantes-la-J. via Poissy sont supprim\u00e9s. Le dernier train de Mantes-la-J. via Poissy vers Gare Saint-Lazare est supprim\u00e9 d\u00e8s 22h40. Le samedi 1er et dimanche 2 novembre, le trafic est interrompu entre Conflans Sainte-Honorine  Pontoise \/ Boissy l\u2019Aillerie \/ Gisors. Un service de bus de remplacement est mis en place. Motif : travaux.<\/li>\n<li><strong>Ligne K<\/strong> : en semaine de soir\u00e9e jusqu\u2019au samedi matin, du lundi 19 mai au samedi 20 d\u00e9cembre. Le trafic est interrompu entre Gare du Nord et Cr\u00e9py-en-Valois.<\/li>\n<li><strong>Ligne L<\/strong> : jusqu\u2019au vendredi 7 novembre, le trafic est interrompu entre Paris Saint-Lazare et La D\u00e9fense d\u00e8s 21h45. Du lundi 27 au jeudi 30 octobre. Modification de desserte entre Paris Saint-Lazare et Maisons-Laffitte d\u00e8s 21h50.\u00a0<\/li>\n<li><strong>Ligne N<\/strong> : en semaine \u00e0 partir de 22h30. Dates : du lundi 27 au vendredi 31 octobre. Le trafic est interrompu entre Paris Montparnasse et Dreux. Le samedi 1er novembre, le trafic est interrompu entre Paris Montparnasse et Rambouillet.\u00a0<\/li>\n<li><strong>Ligne P<\/strong> : en semaine \u00e0 partir de 22h20, du lundi 29 septembre au vendredi 31 octobre. Le trafic est interrompu entre Paris Est et Meaux. Du lundi 29 septembre au vendredi 31 octobre, d\u00e8s 22 heures, le trafic est interrompu entre Paris Est et Ch\u00e2teau-Thierry. Du lundi 29 septembre au vendredi 31 octobre. Le trafic est interrompu entre Gare de l\u2019Est et Provins d\u00e8s 21h45. En semaine \u00e0 partir de 21h30, du lundi 15 septembre au vendredi 14 novembre. En semaine \u00e0 partir de 21h30, du lundi 18 ao\u00fbt au vendredi 19 d\u00e9cembre. Le trafic est interrompu entre Paris Est et Coulommiers. Toute la journ\u00e9e, du samedi 1er au dimanche 2 novembre. Le trafic est interrompu entre Longueville et Provins.<\/li>\n<li><strong>Ligne R<\/strong> : du lundi 20 au vendredi 31 octobre. Le trafic est interrompu entre Melun Montargis. Un service de bus de remplacement est mis en place, avec desserte des gares interm\u00e9diaires. Motif : travaux sur le r\u00e9seau ferroviaire. Du samedi 1 au dimanche 2 novembre, le trafic est interrompu entre Melun et Montereau via Moret Veneux les S. Les trains sont d\u00e9tourn\u00e9s par H\u00e9ricy et marqueront l\u2019arr\u00eat \u00e0 Champagne-sur-Seine.<\/li>\n<li><strong>Ligne U<\/strong> : du lundi 20 au vendredi 31 octobre. Le trafic est interrompu entre La Verri\u00e8re et La D\u00e9fense. Un service de bus de remplacement est mis en place. Motif : travaux sur le r\u00e9seau ferroviaire.<\/li>\n<\/ul>\n<p class=\" wall-content\"><strong>Tramway<\/strong><\/p>\n<ul class=\" wall-content\">\n<li><strong>T1<\/strong> : Le trafic est interrompu\u00a0entre Asni\u00e8res \u2013 Quatre Routes et Gare de Saint-Denis\u00a0et perturb\u00e9 sur le reste de la ligne\u00a0en raison d\u2019une d\u00e9gradation par un tiers\u00a0\u00e0 L\u2019\u00cele-Saint-Denis.\u00a0Pas de reprise pr\u00e9vue jusqu\u2019\u00e0 nouvel ordre.<\/li>\n<li><strong>T2<\/strong> : Jusqu\u2019\u00e0 fin f\u00e9vrier 2026, le trafic est interrompu entre Porte de Versailles et Suzanne Lenglen en raison d\u2019importants travaux de modernisation. Pour rejoindre la Porte de Versailles, depuis Suzanne Lenglen, rejoindre \u00e0 pied la station Balard du T3a.<\/li>\n<\/ul>\n<p class=\" wall-content\">Personnalisez votre actualit\u00e9 en ajoutant vos villes et m\u00e9dias en favori avec <a href=\"https:\/\/moncompte.actu.fr\" title=\"D\u00e9couvez Mon Actu\" rel=\"nofollow noopener\" data-trk=\"{&quot;cta&quot;:{&quot;action&quot;:&quot;https:\\\/\\\/moncompte.actu.fr&quot;,&quot;category&quot;:&quot;mon compte&quot;,&quot;from&quot;:&quot;article footer&quot;,&quot;name&quot;:&quot;Mon actu&quot;,&quot;type&quot;:&quot;cta&quot;}}\" target=\"_blank\">Mon Actu<\/a>.<\/p>\n","protected":false},"excerpt":{"rendered":"Par Antoine Grotteria Publi\u00e9 le 26 oct. 2025 \u00e0 16h54 Deuxi\u00e8me semaine des vacances scolaires oblige, les transports&hellip;\n","protected":false},"author":2,"featured_media":491444,"comment_status":"","ping_status":"","sticky":false,"template":"","format":"standard","meta":{"footnotes":""},"categories":[1592],"tags":[1111,11,1777,674,1011,27,662,12,626,625,25,2215,104,2086],"class_list":{"0":"post-491443","1":"post","2":"type-post","3":"status-publish","4":"format-standard","5":"has-post-thumbnail","7":"category-ile-de-france","8":"tag-actu","9":"tag-actualites","10":"tag-eu","11":"tag-europe","12":"tag-fr","13":"tag-france","14":"tag-ile-de-france","15":"tag-news","16":"tag-paris","17":"tag-ratp","18":"tag-republique-francaise","19":"tag-sncf","20":"tag-societe","21":"tag-travaux"},"share_on_mastodon":{"url":"https:\/\/pubeurope.com\/@fr\/115441336521371738","error":""},"_links":{"self":[{"href":"https:\/\/www.europesays.com\/fr\/wp-json\/wp\/v2\/posts\/491443","targetHints":{"allow":["GET"]}}],"collection":[{"href":"https:\/\/www.europesays.com\/fr\/wp-json\/wp\/v2\/posts"}],"about":[{"href":"https:\/\/www.europesays.com\/fr\/wp-json\/wp\/v2\/types\/post"}],"author":[{"embeddable":true,"href":"https:\/\/www.europesays.com\/fr\/wp-json\/wp\/v2\/users\/2"}],"replies":[{"embeddable":true,"href":"https:\/\/www.europesays.com\/fr\/wp-json\/wp\/v2\/comments?post=491443"}],"version-history":[{"count":0,"href":"https:\/\/www.europesays.com\/fr\/wp-json\/wp\/v2\/posts\/491443\/revisions"}],"wp:featuredmedia":[{"embeddable":true,"href":"https:\/\/www.europesays.com\/fr\/wp-json\/wp\/v2\/media\/491444"}],"wp:attachment":[{"href":"https:\/\/www.europesays.com\/fr\/wp-json\/wp\/v2\/media?parent=491443"}],"wp:term":[{"taxonomy":"category","embeddable":true,"href":"https:\/\/www.europesays.com\/fr\/wp-json\/wp\/v2\/categories?post=491443"},{"taxonomy":"post_tag","embeddable":true,"href":"https:\/\/www.europesays.com\/fr\/wp-json\/wp\/v2\/tags?post=491443"}],"curies":[{"name":"wp","href":"https:\/\/api.w.org\/{rel}","templated":true}]}}