{"id":491446,"date":"2025-10-26T16:10:12","date_gmt":"2025-10-26T16:10:12","guid":{"rendered":"https:\/\/www.europesays.com\/fr\/491446\/"},"modified":"2025-10-26T16:10:12","modified_gmt":"2025-10-26T16:10:12","slug":"notre-dame-de-paris-a-exceptionnellement-accueilli-le-mariage-dun-jeune-couple-voici-pourquoi","status":"publish","type":"post","link":"https:\/\/www.europesays.com\/fr\/491446\/","title":{"rendered":"Notre-Dame de Paris a exceptionnellement accueilli le mariage d\u2019un jeune couple, voici pourquoi"},"content":{"rendered":"<p class=\"mb-4 text-lg md:leading-8 break-words\">C\u2019est une c\u00e9r\u00e9monie qui a de quoi faire p\u00e2lir d\u2019envie les amoureux du monde entier. Un couple a re\u00e7u l\u2019autorisation exceptionnelle de c\u00e9l\u00e9brer son mariage \u00e0 <a data-i13n=\"cpos:1;pos:1\" href=\"https:\/\/fr.news.yahoo.com\/dame-paris-pass%C3%A9e-au-crible-135250505.html\" data-ylk=\"slk:Notre-Dame de Paris;cpos:1;pos:1;elm:context_link;itc:0;sec:content-canvas;outcm:mb_qualified_link;_E:mb_qualified_link;ct:story;\" class=\"link  yahoo-link\" target=\"_blank\" rel=\"noopener\">Notre-Dame de Paris<\/a> samedi 25 octobre, comme l\u2019a relat\u00e9 un reportage diffus\u00e9 par <a data-i13n=\"cpos:2;pos:1\" href=\"https:\/\/www.franceinfo.fr\/culture\/patrimoine\/incendie-de-notre-dame-de-paris\/reouverture\/notre-dame-de-paris-le-mariage-d-exception-d-un-charpentier-et-sa-compagne-celebre-dans-la-cathedrale_7575280.html\" rel=\"nofollow noopener\" target=\"_blank\" data-ylk=\"slk:France 2;cpos:2;pos:1;elm:context_link;itc:0;sec:content-canvas\" class=\"link \">France 2<\/a> <strong>et visible ci-dessous<\/strong>. Entre Henri IV et Napol\u00e9on III, plusieurs t\u00eates couronn\u00e9es ont eu l\u2019honneur de <a data-i13n=\"cpos:3;pos:1\" href=\"https:\/\/fr.news.yahoo.com\/peut-faire-pause-jour-mariage-080026368.html\" data-ylk=\"slk:c\u00e9l\u00e9brer leurs noces;cpos:3;pos:1;elm:context_link;itc:0;sec:content-canvas;outcm:mb_qualified_link;_E:mb_qualified_link;ct:story;\" class=\"link  yahoo-link\" target=\"_blank\" rel=\"noopener\">c\u00e9l\u00e9brer leurs noces<\/a> dans la cath\u00e9drale. Un privil\u00e8ge auquel les couples n\u2019ont plus acc\u00e8s\u2026 \u00e0 moins d\u2019avoir un passe-droit exceptionnel.<\/p>\n<p class=\"mb-4 text-lg md:leading-8 break-words\">Si Jade et Martin Lorentz ont eu le droit de sceller leur union dans le c\u00e9l\u00e8bre monument, c\u2019est parce que le mari\u00e9 est charpentier et a \u0153uvr\u00e9 \u00e0 sa reconstruction apr\u00e8s le terrible incendie d\u2019avril 2019. Ses trois ans de travail sur place, parfois jour et nuit, ont motiv\u00e9 <a data-i13n=\"cpos:4;pos:1\" href=\"https:\/\/fr.news.yahoo.com\/dame-tenue-l-archev%C3%AAque-paris-205907243.html\" data-ylk=\"slk:Monseigneur Ulrich;cpos:4;pos:1;elm:context_link;itc:0;sec:content-canvas;outcm:mb_qualified_link;_E:mb_qualified_link;ct:story;\" class=\"link  yahoo-link\" target=\"_blank\" rel=\"noopener\">Monseigneur Ulrich<\/a> \u00e0 donner son feu vert au couple, qui lui en avait fait la demande. \u00ab Jade et Martin, soyez les bienvenus dans cette cath\u00e9drale \u00bb, leur a lanc\u00e9 Monseigneur Ribadeau, recteur de Notre-Dame.<\/p>\n<p class=\"mb-4 text-lg md:leading-8 break-words\">\u00ab Martin, tu la connais bien, tu la connais de haut \u00bb, a-t-il poursuivi, en r\u00e9f\u00e9rence \u00e0 la mission du charpentier qui a pr\u00e9par\u00e9 les poutres pour qu\u2019elles s\u2019assemblent correctement <a data-i13n=\"cpos:5;pos:1\" href=\"https:\/\/fr.news.yahoo.com\/dame-paris-charpentes-fl%C3%A8che-retrouv%C3%A9-112341551.html\" data-ylk=\"slk:au sommet de l\u2019\u00e9difice;cpos:5;pos:1;elm:context_link;itc:0;sec:content-canvas;outcm:mb_qualified_link;_E:mb_qualified_link;ct:story;\" class=\"link  yahoo-link\" target=\"_blank\" rel=\"noopener\">au sommet de l\u2019\u00e9difice<\/a>. La c\u00e9r\u00e9monie s\u2019est achev\u00e9e sous les applaudissements des touristes et des 500 invit\u00e9s, dont beaucoup de charpentiers, venus pour certains avec leur hache.<\/p>\n<p>Pas moins de 2 000 ouvriers ont particip\u00e9 au chantier<\/p>\n<p class=\"mb-4 text-lg md:leading-8 break-words\">\u00ab C\u2019est dingue de voir que \u00e7a se fait finalement, et de retrouver les copains l\u00e0 \u00bb, a lanc\u00e9 un des artisans pr\u00e9sents au mariage, interrog\u00e9 au micro de France 2. \u00c9mu et satisfait de ce beau moment dans un des plus c\u00e9l\u00e8bres monuments au monde, Martin Lorentz a expliqu\u00e9 avoir \u00ab envie de partager [son] amour [\u2026] avec le monde entier, avec tous ceux qui en ont besoin \u00bb.<\/p>\n<p class=\"mb-4 text-lg md:leading-8 break-words\">\u00ab J\u2019ai juste envie de dire que c\u2019est le plus beau jour de ma vie. Je crois que je ne peux pas dire autre chose \u00bb, a-t-il ajout\u00e9. L\u2019union des deux tourtereaux a aussi touch\u00e9 de nombreux internautes qui leur ont adress\u00e9 leurs f\u00e9licitations sur les r\u00e9seaux sociaux ou sur le site de franceinfo. \u00ab Bonne chance aux nouveaux mari\u00e9s \u00bb, \u00ab Tous mes v\u0153ux de bonheur ! \u00bb, peut-on lire dans plusieurs commentaires.<\/p>\n<p class=\"mb-4 text-lg md:leading-8 break-words\">\u00ab C\u2019est un hommage \u00e0 tous les artisans qui ont restaur\u00e9 avec passion la belle Notre-Dame \u00bb, \u00e9crit encore un internaute. Comme le rappelait <a data-i13n=\"cpos:6;pos:1\" href=\"https:\/\/www.liberation.fr\/societe\/ville\/2-000-ouvriers-42-000-metres-carres-nettoyes-les-chiffres-cles-du-chantier-de-notre-dame-de-paris-20241207_56TGBDJJGJBYZMNTNOE3T52CXQ\/?redirected=1\" rel=\"nofollow noopener\" target=\"_blank\" data-ylk=\"slk:Lib\u00e9ration;cpos:6;pos:1;elm:context_link;itc:0;sec:content-canvas\" class=\"link \">Lib\u00e9ration<\/a> au moment de <a data-i13n=\"cpos:7;pos:1\" href=\"https:\/\/fr.news.yahoo.com\/avant-r%C3%A9ouverture-dame-chantier-r%C3%A9concili%C3%A9-060013982.html\" data-ylk=\"slk:la r\u00e9ouverture;cpos:7;pos:1;elm:context_link;itc:0;sec:content-canvas;outcm:mb_qualified_link;_E:mb_qualified_link;ct:story;\" class=\"link  yahoo-link\" target=\"_blank\" rel=\"noopener\">la r\u00e9ouverture<\/a> de la cath\u00e9drale en d\u00e9cembre 2024, pas moins de 2 000 ouvriers, compagnons et artisans \u00ab ont pris directement part aux travaux \u00bb de restauration. La t\u00e2che des charpentiers a \u00e9t\u00e9 colossale : 20 kilom\u00e8tres de <a data-i13n=\"cpos:8;pos:1\" href=\"https:\/\/fr.news.yahoo.com\/dame-paris-secrets-ch%C3%AAnes-utilis%C3%A9s-063309726.html\" data-ylk=\"slk:bois;cpos:8;pos:1;elm:context_link;itc:0;sec:content-canvas;outcm:mb_qualified_link;_E:mb_qualified_link;ct:story;\" class=\"link  yahoo-link\" target=\"_blank\" rel=\"noopener\">bois<\/a> ont \u00e9t\u00e9 utilis\u00e9s pour reconstruire la \u00ab for\u00eat \u00bb, la c\u00e9l\u00e8bre charpente du monument.<\/p>\n<p class=\"mb-4 text-lg md:leading-8 break-words\"><a data-i13n=\"cpos:9;pos:1\" href=\"https:\/\/fr.news.yahoo.com\/avant-journ%C3%A9es-patrimoine-tours-dame-190121364.html\" data-ylk=\"slk:Avant les Journ\u00e9es du patrimoine, les tours de Notre-Dame rouvertes au public apr\u00e8s cinq ans de restauration;cpos:9;pos:1;elm:context_link;itc:0;sec:content-canvas;outcm:mb_qualified_link;_E:mb_qualified_link;ct:story;\" class=\"link  yahoo-link\" target=\"_blank\" rel=\"noopener\"> Avant les Journ\u00e9es du patrimoine, les tours de Notre-Dame rouvertes au public apr\u00e8s cinq ans de restauration <\/a><\/p>\n<p class=\"mb-4 text-lg md:leading-8 break-words\"><a data-i13n=\"cpos:10;pos:1\" href=\"https:\/\/fr.news.yahoo.com\/cath%C3%A9drale-dame-paris-route-battre-065136407.html\" data-ylk=\"slk:La cath\u00e9drale Notre-Dame de Paris en route pour battre son record de fr\u00e9quentation;cpos:10;pos:1;elm:context_link;itc:0;sec:content-canvas;outcm:mb_qualified_link;_E:mb_qualified_link;ct:story;\" class=\"link  yahoo-link\" target=\"_blank\" rel=\"noopener\"> La cath\u00e9drale Notre-Dame de Paris en route pour battre son record de fr\u00e9quentation <\/a><\/p>\n","protected":false},"excerpt":{"rendered":"C\u2019est une c\u00e9r\u00e9monie qui a de quoi faire p\u00e2lir d\u2019envie les amoureux du monde entier. Un couple a&hellip;\n","protected":false},"author":2,"featured_media":491447,"comment_status":"","ping_status":"","sticky":false,"template":"","format":"standard","meta":{"footnotes":""},"categories":[1888],"tags":[1111,1928,11,1927,1777,674,1011,27,61423,61421,61422,12,1926,3341,626,1925,25],"class_list":{"0":"post-491446","1":"post","2":"type-post","3":"status-publish","4":"format-standard","5":"has-post-thumbnail","7":"category-paris","8":"tag-actu","9":"tag-actu-paris","10":"tag-actualites","11":"tag-actualites-paris","12":"tag-eu","13":"tag-europe","14":"tag-fr","15":"tag-france","16":"tag-les-amoureux-du-monde","17":"tag-martin-lorentz","18":"tag-monseigneur-ribadeau","19":"tag-news","20":"tag-news-paris","21":"tag-notre-dame-de-paris","22":"tag-paris","23":"tag-paris-news","24":"tag-republique-francaise"},"share_on_mastodon":{"url":"https:\/\/pubeurope.com\/@fr\/115441344529581989","error":""},"_links":{"self":[{"href":"https:\/\/www.europesays.com\/fr\/wp-json\/wp\/v2\/posts\/491446","targetHints":{"allow":["GET"]}}],"collection":[{"href":"https:\/\/www.europesays.com\/fr\/wp-json\/wp\/v2\/posts"}],"about":[{"href":"https:\/\/www.europesays.com\/fr\/wp-json\/wp\/v2\/types\/post"}],"author":[{"embeddable":true,"href":"https:\/\/www.europesays.com\/fr\/wp-json\/wp\/v2\/users\/2"}],"replies":[{"embeddable":true,"href":"https:\/\/www.europesays.com\/fr\/wp-json\/wp\/v2\/comments?post=491446"}],"version-history":[{"count":0,"href":"https:\/\/www.europesays.com\/fr\/wp-json\/wp\/v2\/posts\/491446\/revisions"}],"wp:featuredmedia":[{"embeddable":true,"href":"https:\/\/www.europesays.com\/fr\/wp-json\/wp\/v2\/media\/491447"}],"wp:attachment":[{"href":"https:\/\/www.europesays.com\/fr\/wp-json\/wp\/v2\/media?parent=491446"}],"wp:term":[{"taxonomy":"category","embeddable":true,"href":"https:\/\/www.europesays.com\/fr\/wp-json\/wp\/v2\/categories?post=491446"},{"taxonomy":"post_tag","embeddable":true,"href":"https:\/\/www.europesays.com\/fr\/wp-json\/wp\/v2\/tags?post=491446"}],"curies":[{"name":"wp","href":"https:\/\/api.w.org\/{rel}","templated":true}]}}