{"id":491450,"date":"2025-10-26T16:12:14","date_gmt":"2025-10-26T16:12:14","guid":{"rendered":"https:\/\/www.europesays.com\/fr\/491450\/"},"modified":"2025-10-26T16:12:14","modified_gmt":"2025-10-26T16:12:14","slug":"cet-atelier-quelle-possede-dans-paris-un-endroit-qui-lui-ressemble","status":"publish","type":"post","link":"https:\/\/www.europesays.com\/fr\/491450\/","title":{"rendered":"Cet atelier qu&rsquo;elle poss\u00e8de dans Paris, \u00ab\u00a0un endroit qui lui ressemble\u00a0\u00bb"},"content":{"rendered":"<p>\n                Val\u00e9rie Lemercier poss\u00e8de un atelier \u00ab\u00a0qui lui ressemble\u00a0\u00bb dans un quartier tr\u00e8s chic de Paris. La com\u00e9dienne de 61\u00a0ans s&rsquo;y sent particuli\u00e8rement bien, tout comme dans sa maison normande face \u00e0 la mer&#8230;            <\/p>\n<p><a href=\"https:\/\/www.journaldesfemmes.fr\/people\/personnalites\/2900779-valerie-lemercier-age-vie-privee-ou-elle-habite\/\" title=\"Val\u00e9rie Lemercier\" rel=\"nofollow noopener\" target=\"_blank\">Val\u00e9rie Lemercier<\/a> n&rsquo;est pas de celles qui sont lass\u00e9es par le tumulte de la capitale fran\u00e7aise. Au contraire, l&rsquo;actrice de 61 ans appr\u00e9cie particuli\u00e8rement l&rsquo;\u00e9nergie parisienne ! La com\u00e9dienne, qui pr\u00e9sente son nouveau one-woman-show au Th\u00e9\u00e2tre Marigny, poss\u00e8de m\u00eame un atelier dans la Ville Lumi\u00e8re, o\u00f9 elle se r\u00e9fugie r\u00e9guli\u00e8rement et o\u00f9 elle \u00e9crit&#8230;<\/p>\n<p>Val\u00e9rie Lemercier : son atelier parisien qui \u00ab\u00a0lui ressemble\u00a0\u00bb<\/p>\n<p>Celle qui est r\u00e9alisatrice et sc\u00e9nariste en plus d&rsquo;\u00eatre com\u00e9dienne a ouvert les portes de son atelier \u00e0 Palais-Royal, dans le 1er arrondissement de Paris, pour Madame Figaro. \u00ab\u00a0L&rsquo;endroit lui ressemble. Un m\u00e9lange h\u00e9t\u00e9roclite d&rsquo;objets, de miroirs, de tables \u2013 y compris \u00e0 repasser \u2013, o\u00f9 l&rsquo;ancien c\u00f4toie du mat\u00e9riel informatique dernier cri, o\u00f9 tr\u00f4ne l&rsquo;immense portrait de Marilyn nue par Bert Stern et une petite photo de Bourvil\u00a0\u00bb, lit-on dans le magazine. Une \u00ab\u00a0grande pi\u00e8ce qui donne sur les jardins historiques\u00a0\u00bb dans laquelle l&rsquo;on trouve \u00e9galement de nombreux \u00ab\u00a0mallettes et vanity beaut\u00e9\u00a0\u00bb, des essentiels pour cette passionn\u00e9e de mode, maquillage et coiffure.<\/p>\n<p>La star du film Aline ch\u00e9rit d&rsquo;autant plus cet atelier parce qu&rsquo;il se trouve \u00e0 Paris, o\u00f9 elle habite. Celle qui a grandi dans la petite commune normande de Gonzeville affectionne toujours autant l&rsquo;agitation de la capitale, o\u00f9 elle se sent plus \u00ab\u00a0libre\u00a0\u00bb. \u00ab\u00a0Dans mon village, on \u00e9tait tr\u00e8s peu nombreux. Tout le monde se connaissait, tout le monde commentait\u00a0: \u00ab\u00a0Lui fait ceci, elle fait cela&#8230;\u00a0\u00bb \u00c0 Paris, au contraire, il y a tellement de monde que personne ne se soucie vraiment de la mani\u00e8re dont vous vous habillez ou de ce que vous faites. Il y a quelque chose d&rsquo;anonyme que j&rsquo;appr\u00e9cie beaucoup. J&rsquo;aime la ville pour \u00e7a\u00a0\u00bb, avait-t-elle confi\u00e9 dans Les Rencontres du Papotin.<\/p>\n<p>Val\u00e9rie Lemercier, sa maison de bord de mer en Normandie : \u00ab\u00a0J&rsquo;aime \u00eatre enferm\u00e9e&#8230;\u00a0\u00bb<\/p>\n<p>Malgr\u00e9 tout, elle n&rsquo;oublie jamais sa Normandie natale, o\u00f9 elle poss\u00e8de \u00e9galement une belle propri\u00e9t\u00e9. \u00ab\u00a0Il y a surtout ma maison de bord de mer, o\u00f9 il m&rsquo;arrive de ne pas aller voir la mer\u00a0! Car j&rsquo;aime \u00eatre enferm\u00e9e dans un endroit et ne pas en sortir\u00a0\u00bb, avait-elle expliqu\u00e9 \u00e0 Point de Vue.<\/p>\n<p>Dans cet endroit, elle se sent au moins aussi libre qu&rsquo;\u00e0 Paris : \u00ab\u00a0L\u00e0-bas, je fais ce que je veux, \u00e0 n&rsquo;importe quelle heure. Je peux rester en pyjama jusqu&rsquo;\u00e0 huit heures du soir, ou coudre des nappes et des v\u00eatements jusqu&rsquo;\u00e0 trois heures du matin\u00a0\u00bb. Si elle a r\u00e9cemment r\u00e9v\u00e9l\u00e9 qu&rsquo;elle \u00e9tait en couple avec un jeune homme de 37 ans, Val\u00e9rie Lemercier tient \u00e0 sa libert\u00e9 et \u00e0 son ind\u00e9pendance.<\/p>\n","protected":false},"excerpt":{"rendered":"Val\u00e9rie Lemercier poss\u00e8de un atelier \u00ab\u00a0qui lui ressemble\u00a0\u00bb dans un quartier tr\u00e8s chic de Paris. La com\u00e9dienne de&hellip;\n","protected":false},"author":2,"featured_media":491451,"comment_status":"","ping_status":"","sticky":false,"template":"","format":"standard","meta":{"footnotes":""},"categories":[1888],"tags":[11,3723,61424,51761,1777,674,51763,1011,27,51766,12,51767,626,25,4094],"class_list":{"0":"post-491450","1":"post","2":"type-post","3":"status-publish","4":"format-standard","5":"has-post-thumbnail","7":"category-paris","8":"tag-actualites","9":"tag-actus","10":"tag-cms-journaldesfemmes-3245392","11":"tag-controller-content","12":"tag-eu","13":"tag-europe","14":"tag-format-papier","15":"tag-fr","16":"tag-france","17":"tag-les-histoires-du-jdf","18":"tag-news","19":"tag-parallaxeinfeed","20":"tag-paris","21":"tag-republique-francaise","22":"tag-valerie-lemercier"},"share_on_mastodon":{"url":"https:\/\/pubeurope.com\/@fr\/115441352320970392","error":""},"_links":{"self":[{"href":"https:\/\/www.europesays.com\/fr\/wp-json\/wp\/v2\/posts\/491450","targetHints":{"allow":["GET"]}}],"collection":[{"href":"https:\/\/www.europesays.com\/fr\/wp-json\/wp\/v2\/posts"}],"about":[{"href":"https:\/\/www.europesays.com\/fr\/wp-json\/wp\/v2\/types\/post"}],"author":[{"embeddable":true,"href":"https:\/\/www.europesays.com\/fr\/wp-json\/wp\/v2\/users\/2"}],"replies":[{"embeddable":true,"href":"https:\/\/www.europesays.com\/fr\/wp-json\/wp\/v2\/comments?post=491450"}],"version-history":[{"count":0,"href":"https:\/\/www.europesays.com\/fr\/wp-json\/wp\/v2\/posts\/491450\/revisions"}],"wp:featuredmedia":[{"embeddable":true,"href":"https:\/\/www.europesays.com\/fr\/wp-json\/wp\/v2\/media\/491451"}],"wp:attachment":[{"href":"https:\/\/www.europesays.com\/fr\/wp-json\/wp\/v2\/media?parent=491450"}],"wp:term":[{"taxonomy":"category","embeddable":true,"href":"https:\/\/www.europesays.com\/fr\/wp-json\/wp\/v2\/categories?post=491450"},{"taxonomy":"post_tag","embeddable":true,"href":"https:\/\/www.europesays.com\/fr\/wp-json\/wp\/v2\/tags?post=491450"}],"curies":[{"name":"wp","href":"https:\/\/api.w.org\/{rel}","templated":true}]}}