{"id":491462,"date":"2025-10-26T16:18:13","date_gmt":"2025-10-26T16:18:13","guid":{"rendered":"https:\/\/www.europesays.com\/fr\/491462\/"},"modified":"2025-10-26T16:18:13","modified_gmt":"2025-10-26T16:18:13","slug":"la-bretonne-maryse-le-gallo-soffre-un-record-deurope-sur-le-marathon-vert-de-rennes","status":"publish","type":"post","link":"https:\/\/www.europesays.com\/fr\/491462\/","title":{"rendered":"La Bretonne Maryse Le Gallo s\u2019offre un record d\u2019Europe sur le Marathon Vert de Rennes"},"content":{"rendered":"<p>Marathon Vert de Rennes<\/p>\n<p>Le record d\u2019Europe est breton. Maryse Le Gallo, engag\u00e9e ce dimanche sur le Marathon Vert de Rennes, a boucl\u00e9 ses 42, 195 km en 3 h 09\u201928\u2019\u2019, pour une moyenne de 4\u201929 au km. De quoi ravir le record d\u2019Europe dans la cat\u00e9gorie M6 (65 ans et plus), dans laquelle elle est entr\u00e9e cette ann\u00e9e.<\/p>\n<p>\u00c9videmment vainqueure dans sa cat\u00e9gorie, l\u2019\u00e9ternelle Hennebontaise a pris la 33e place chez les femmes, toutes cat\u00e9gories confondues.<\/p>\n<p>Un septi\u00e8me record<\/p>\n<p>Maryse Le Gallo compl\u00e8te, en prime, son grand chelem des records de France. Elle s\u2019\u00e9tait fix\u00e9e comme objectif pour cette saison de signer la meilleure marque sur toutes les distances de demi-fond. Avec le marathon, elle termine donc son \u00ab grand huit \u00bb, apr\u00e8s avoir sign\u00e9 le record sur 800 m, 1 500 m, 3 000 m, 5 000 m, 10 000 m et sur le semi-marathon.<\/p>\n","protected":false},"excerpt":{"rendered":"Marathon Vert de Rennes Le record d\u2019Europe est breton. Maryse Le Gallo, engag\u00e9e ce dimanche sur le Marathon&hellip;\n","protected":false},"author":2,"featured_media":491463,"comment_status":"","ping_status":"","sticky":false,"template":"","format":"standard","meta":{"footnotes":""},"categories":[1586],"tags":[11,3166,1777,674,1011,27,17980,12,584,25,7135,60],"class_list":{"0":"post-491462","1":"post","2":"type-post","3":"status-publish","4":"format-standard","5":"has-post-thumbnail","7":"category-europe","8":"tag-actualites","9":"tag-en-continu-sports","10":"tag-eu","11":"tag-europe","12":"tag-fr","13":"tag-france","14":"tag-hennebont","15":"tag-news","16":"tag-rennes","17":"tag-republique-francaise","18":"tag-running","19":"tag-sports"},"share_on_mastodon":{"url":"https:\/\/pubeurope.com\/@fr\/115441375946926902","error":""},"_links":{"self":[{"href":"https:\/\/www.europesays.com\/fr\/wp-json\/wp\/v2\/posts\/491462","targetHints":{"allow":["GET"]}}],"collection":[{"href":"https:\/\/www.europesays.com\/fr\/wp-json\/wp\/v2\/posts"}],"about":[{"href":"https:\/\/www.europesays.com\/fr\/wp-json\/wp\/v2\/types\/post"}],"author":[{"embeddable":true,"href":"https:\/\/www.europesays.com\/fr\/wp-json\/wp\/v2\/users\/2"}],"replies":[{"embeddable":true,"href":"https:\/\/www.europesays.com\/fr\/wp-json\/wp\/v2\/comments?post=491462"}],"version-history":[{"count":0,"href":"https:\/\/www.europesays.com\/fr\/wp-json\/wp\/v2\/posts\/491462\/revisions"}],"wp:featuredmedia":[{"embeddable":true,"href":"https:\/\/www.europesays.com\/fr\/wp-json\/wp\/v2\/media\/491463"}],"wp:attachment":[{"href":"https:\/\/www.europesays.com\/fr\/wp-json\/wp\/v2\/media?parent=491462"}],"wp:term":[{"taxonomy":"category","embeddable":true,"href":"https:\/\/www.europesays.com\/fr\/wp-json\/wp\/v2\/categories?post=491462"},{"taxonomy":"post_tag","embeddable":true,"href":"https:\/\/www.europesays.com\/fr\/wp-json\/wp\/v2\/tags?post=491462"}],"curies":[{"name":"wp","href":"https:\/\/api.w.org\/{rel}","templated":true}]}}