{"id":491469,"date":"2025-10-26T16:22:21","date_gmt":"2025-10-26T16:22:21","guid":{"rendered":"https:\/\/www.europesays.com\/fr\/491469\/"},"modified":"2025-10-26T16:22:21","modified_gmt":"2025-10-26T16:22:21","slug":"cc-coupe-de-france-albi-elite-u23-femmes-2-classement-actualite","status":"publish","type":"post","link":"https:\/\/www.europesays.com\/fr\/491469\/","title":{"rendered":"CC &#8211; Coupe de France &#8211; Albi &#8211; \u00c9lite &#038; U23 Femmes #2 : Classement &#8211; Actualit\u00e9"},"content":{"rendered":"<p>                                                                    <img decoding=\"async\" src=\"https:\/\/www.europesays.com\/fr\/wp-content\/uploads\/2025\/10\/68fe2d7f10127.jpg\" height=\"auto\" loading=\"lazy\"\/><br \/>\n                                                                    Cr\u00e9dit photo Fabien Lenfant &#8211; DirectVelo<\/p>\n<p class=\"images-caption\">Cr\u00e9dit photo Fabien Lenfant &#8211; DirectVelo<\/p>\n<p class=\"metadata\">\n            Par<br \/>\n        <strong class=\"text-black\">    <a href=\"https:\/\/www.directvelo.com\/auteur\/2\/nicolas-gachet\" class=\"hover-underline\" rel=\"author noopener\" target=\"_blank\">NICOLAS GACHET<\/a><br \/>\n<\/strong><br \/>\n                    <br \/>Le<br \/>\n    26 octobre 2025, 15:05<\/p>\n<p style=\"text-align: justify;\">C\u00e9lia Gery (AS Bike Racing-France Literie) a remport\u00e9, ce dimanche, \u00e0 Albi (Tarn), la deuxi\u00e8me manche de la Coupe de France \u00c9lite &amp; U23 Femmes de cyclo-cross. Elle a devanc\u00e9 sa co\u00e9quipi\u00e8re Amandine Muller et Amandine Vidon (VC Amb\u00e9rieu).<\/p>\n<p><strong>Classement :<br \/><\/strong>1. GERY C\u00e9lia AS BIKE RACING \/ FRANCE LITERIE en 53&rsquo;18\u00a0\u00bb<br \/>2. MULLER Amandine AS BIKE RACING \/ FRANCE LITERIE \u00e0 01&rsquo;59\u00a0\u00bb<br \/>3. VIDON Amandine VELO CLUB D&rsquo;AMBERIEU \u00e0 02&rsquo;10\u00a0\u00bb<br \/>4. KLAES Lise U.V.C.A TROYES \u00e0 02&rsquo;44\u00a0\u00bb<br \/>5. MOULIN Ana\u00efs U.C. ALBENASSIENNE \u00e0 02&rsquo;50\u00a0\u00bb<br \/>6. MORICHON Ana\u00efs TEAM GUEVEL ROADBORN \u00e0 02&rsquo;56\u00a0\u00bb<br \/>7. DEVIGNE Camille CJ O&rsquo;SHEA RACING TEAM \u00e0 04&rsquo;11\u00a0\u00bb<br \/>8. VALADE Alexandra VC ELANCOURT ST QUENTIN EN YVELINES TEAM VOUSSERT \u00e0 04&rsquo;31\u00a0\u00bb<br \/>9. RIGAUX Aliz\u00e9e TEAM SPRINT ENERGY \u00e0 05&rsquo;22\u00a0\u00bb<br \/>10. JOUAULT Ambre CC VITREEN\u00a0 \u00a0\u00bb\u00a0<br \/>11. AVELINE Enora AC LANESTER 56 \u00e0 05&rsquo;56\u00a0\u00bb<br \/>12. SOUYRIS Manon ALBI VELO SPORT \u00e0 06&rsquo;06\u00a0\u00bb<br \/>13. LAVENU Nina AG INSURANCE SOUDAL U23 \u00e0 06&rsquo;14\u00a0\u00bb<br \/>14. MOISSONNIER Marie LYON SPRINT EVOLUTION \u00e0 06&rsquo;31\u00a0\u00bb<br \/>15. BONNIN Noemie US VERN CYCLISME \u00e0 06&rsquo;56\u00a0\u00bb<br \/>16. LISABOIS Lola CYCLO CLUB DU MADIRANAIS \u00e0 07&rsquo;06\u00a0\u00bb<br \/>17. ROGER Hugoline VC FERTE MACE \u00e0 07&rsquo;26\u00a0\u00bb<br \/>18. LE BRAS Justine VC ELANCOURT ST QUENTIN EN YVELINES TEAM VOUSSERT \u00e0 07&rsquo;32\u00a0\u00bb<br \/>19. WEINGARTEN Audrey TEAM CX CHARTRES \u00e0 08&rsquo;04\u00a0\u00bb<br \/>20. LALANNE Johanna TEAM CROSS TECHNO CONCEPT URBALOC \u00e0 1 Tr<br \/>21. CORABOEUF Lea AC LANESTER 56 \u00e0 1 Tr<br \/>22. YANNIC Tifenn EC LANDERNEAU \u00e0 1 Tr<br \/>23. VERDIER Juliette TEAM CX CHARTRES \u00e0 1 Tr<br \/>24. CHESNEAU Romane VC ELANCOURT ST QUENTIN EN YVELINES TEAM VOUSSERT \u00e0 1 Tr<br \/>25. VERNEZOUL Yl\u00e9a TEAM AVESNOIS \u00e0 1 Tr<br \/>26. DAUMAS Noemie AC LANESTER 56 \u00e0 1 Tr<br \/>27. DE MIGUEL ETXEBARRIA Nahia KUSKUMENDI MTB \u00e0 1 Tr<br \/>28. MORICEAU Clarisse DURTAL VELO SPORT \u00e0 1 Tr<br \/>29. REYNIER Romane U.V.C.A TROYES \u00e0 2 Tr<br \/>30. CORRET S\u00e9verine NATUR&rsquo;BIKE PIERREVERT \u00e0 2 Tr<br \/>31. LIBOREAU Manon TEAM CROSS TECHNO CONCEPT URBALOC \u00e0 2 Tr<br \/>32. GAFFE Cassandra PARISIS A.C. 95 \u00e0 2 Tr<br \/>33. BRAMOULLE Pauline UC ALENCON DAMIGNY \u00e0 2 Tr<br \/>34. FROUARD Diane LA ROCHE SUR YON VENDEE CYCLISME \u00e0 2 Tr<br \/>35. ROBERT Margot V.C. PIERRELATTE \u00e0 2 Tr<br \/>36. LECOQ Aliz\u00e9a LE MANS SARTHE VELO \u00e0 2 Tr<br \/>37. BARBEREAU Juliette TEAM ALLINGES PUBLIER \u00e0 2 Tr<br \/>38. BRAMOULLE Manon UC ALENCON DAMIGNY \u00e0 2 Tr<br \/>39. FAVREAU Pauline US ST PIERRE DES CORPS \u00e0 2 Tr<br \/>40. ALMANSA Carla TEAM CROSS TECHNO CONCEPT URBALOC \u00e0 3 Tr<br \/>41. BONNELLIER CARON Elsa BEAUVAIS TEAM CYCLISTE \u00e0 3 Tr<br \/>42. MENANT Yulizh EC LANDERNEAU \u00e0 3 Tr<\/p>\n<p><strong>Abandon :<\/strong><br \/>PETITGIRARD Marl\u00e8ne VELO CLUB ORNANS\u00a0<\/p>\n<p>            En savoir plus : coureurs et \u00e9quipes associ\u00e9s<\/p>\n<p>                Coureurs<\/p>\n<p>                    <img decoding=\"async\" src=\"https:\/\/www.europesays.com\/fr\/wp-content\/uploads\/2025\/10\/6780e66148791.png\" height=\"auto\" loading=\"lazy\"\/><\/p>\n<p>                            Portrait de C\u00e9lia GERY<\/p>\n<p>                \u00c9quipes<\/p>\n","protected":false},"excerpt":{"rendered":"Cr\u00e9dit photo Fabien Lenfant &#8211; DirectVelo Cr\u00e9dit photo Fabien Lenfant &#8211; DirectVelo Par NICOLAS GACHET Le 26 octobre&hellip;\n","protected":false},"author":2,"featured_media":491367,"comment_status":"","ping_status":"","sticky":false,"template":"","format":"standard","meta":{"footnotes":""},"categories":[4],"tags":[11,834,828,836,829,837,827,83,826,824,823,207,814,817,815,816,822,821,832,211,839,1011,27,820,818,819,12,835,831,830,833,838,25,212,208,825],"class_list":{"0":"post-491469","1":"post","2":"type-post","3":"status-publish","4":"format-standard","5":"has-post-thumbnail","7":"category-france","8":"tag-actualites","9":"tag-attaque","10":"tag-belgique","11":"tag-braquet","12":"tag-bretagne","13":"tag-chute","14":"tag-competition","15":"tag-coupe-de-france","16":"tag-coureur","17":"tag-course-cyclisme","18":"tag-course-cycliste","19":"tag-cyclisme","20":"tag-direct","21":"tag-direct-velo","22":"tag-directvelo","23":"tag-directvelo-com","24":"tag-epreuve","25":"tag-epreuve-cycliste","26":"tag-federation-francaise-de-cyclisme","27":"tag-ffc","28":"tag-flandres","29":"tag-fr","30":"tag-france","31":"tag-live","32":"tag-live-course","33":"tag-live-epreuve","34":"tag-news","35":"tag-peloton","36":"tag-radio-peloton","37":"tag-radio-tour","38":"tag-ravitaillement","39":"tag-relance","40":"tag-republique-francaise","41":"tag-uci","42":"tag-velo","43":"tag-velos"},"share_on_mastodon":{"url":"","error":"Validation failed: Text character limit of 500 exceeded"},"_links":{"self":[{"href":"https:\/\/www.europesays.com\/fr\/wp-json\/wp\/v2\/posts\/491469","targetHints":{"allow":["GET"]}}],"collection":[{"href":"https:\/\/www.europesays.com\/fr\/wp-json\/wp\/v2\/posts"}],"about":[{"href":"https:\/\/www.europesays.com\/fr\/wp-json\/wp\/v2\/types\/post"}],"author":[{"embeddable":true,"href":"https:\/\/www.europesays.com\/fr\/wp-json\/wp\/v2\/users\/2"}],"replies":[{"embeddable":true,"href":"https:\/\/www.europesays.com\/fr\/wp-json\/wp\/v2\/comments?post=491469"}],"version-history":[{"count":0,"href":"https:\/\/www.europesays.com\/fr\/wp-json\/wp\/v2\/posts\/491469\/revisions"}],"wp:featuredmedia":[{"embeddable":true,"href":"https:\/\/www.europesays.com\/fr\/wp-json\/wp\/v2\/media\/491367"}],"wp:attachment":[{"href":"https:\/\/www.europesays.com\/fr\/wp-json\/wp\/v2\/media?parent=491469"}],"wp:term":[{"taxonomy":"category","embeddable":true,"href":"https:\/\/www.europesays.com\/fr\/wp-json\/wp\/v2\/categories?post=491469"},{"taxonomy":"post_tag","embeddable":true,"href":"https:\/\/www.europesays.com\/fr\/wp-json\/wp\/v2\/tags?post=491469"}],"curies":[{"name":"wp","href":"https:\/\/api.w.org\/{rel}","templated":true}]}}