{"id":491475,"date":"2025-10-26T16:30:16","date_gmt":"2025-10-26T16:30:16","guid":{"rendered":"https:\/\/www.europesays.com\/fr\/491475\/"},"modified":"2025-10-26T16:30:16","modified_gmt":"2025-10-26T16:30:16","slug":"cyclo-cross-cyclo-cross-superprestige-michael-vanthourenhout-et-sara-casasola-vainqueurs-a-overijse","status":"publish","type":"post","link":"https:\/\/www.europesays.com\/fr\/491475\/","title":{"rendered":"Cyclo-cross. Cyclo-cross. Superprestige &#8211; Michael Vanthourenhout et Sara Casasola vainqueurs \u00e0 Overijse"},"content":{"rendered":"<p><strong>Michael Vanthourenhout<\/strong> a remport\u00e9 le <strong><a href=\"https:\/\/www.cyclismactu.net\/..\/news-superprestige-cyclo-cross-vanthourenhout-et-norbert-riberolle-victorieux-ruddervoorde-90663.html\" target=\"_blank\" rel=\"noopener\">Superprestige<\/a> <\/strong>d\u2019Overijse au terme d\u2019une course ma\u00eetris\u00e9e. Le champion de Belgique a rattrap\u00e9 <strong>Pim Ronhaar <\/strong>dans le dernier tour avant de le distancer sur la derni\u00e8re mont\u00e9e. Parti prudemment, <strong>Vanthourenhout <\/strong>a progressivement combl\u00e9 son retard sur un parcours rendu pi\u00e9geux par la boue et les feuilles mortes. <strong>Ronhaar<\/strong>, longtemps en t\u00eate, a craqu\u00e9 dans les derniers hectom\u00e8tres et termine \u00e0 sept secondes.<strong> Emiel Verstrynge<\/strong> compl\u00e8te le podium apr\u00e8s avoir devanc\u00e9 <strong>Niels Vandeputte <\/strong>au sprint. Cette victoire permet \u00e0 <strong>Vanthourenhout <\/strong>de consolider sa place en t\u00eate du classement g\u00e9n\u00e9ral du <strong>Superprestige<\/strong>, \u00e0 une semaine des <strong>Championnats d\u2019Europe <\/strong>\u00e0 Middelkerke.<\/p>\n<p>Vid\u00e9o &#8211; Le sacre de Mathieu Van der Poel lors de la saison 2024-2025 Lire la suite de l&rsquo;article&#13;<\/p>\n<p>\u00a0<\/p>\n<p>&#13;<br \/>\nCasasola en surprise chez les femmes&#13;<\/p>\n<p><strong>Sara Casasola<\/strong> est devenue la premi\u00e8re Italienne \u00e0 remporter le \u201cDruivencross\u201d d\u2019Overijse. La coureuse de 25 ans a profit\u00e9 d\u2019une chute de<strong> Lucinda Brand <\/strong>dans le dernier tour pour s\u2019imposer, apr\u00e8s avoir longtemps r\u00e9sist\u00e9 au rythme impos\u00e9 par la N\u00e9erlandaise. <strong>Brand <\/strong>termine deuxi\u00e8me \u00e0 douze secondes, <strong>Aniek van Alphen<\/strong> compl\u00e8te le podium. <strong>Marion Norbert Riberolle<\/strong>, ralentie par des probl\u00e8mes m\u00e9caniques, finit dans le top 10.<\/p>\n<p>&#13;<\/p>\n<p>\u00a0<\/p>\n<p>&#13;<\/p>\n<p>&#13;<\/p>\n<p>Results powered by <a href=\"https:\/\/firstcycling.com\/race.php?r=4808&amp;y=2025\" title=\"FirstCycling.com\" target=\"_blank\" rel=\"noopener\">FirstCycling.com<\/a><\/p>\n<p>&#13;<\/p>\n<p>&#13;<\/p>\n<p>Results powered by <a href=\"https:\/\/firstcycling.com\/race.php?r=15004&amp;y=2025\" title=\"FirstCycling.com\" target=\"_blank\" rel=\"noopener\">FirstCycling.com<\/a><\/p>\n","protected":false},"excerpt":{"rendered":"Michael Vanthourenhout a remport\u00e9 le Superprestige d\u2019Overijse au terme d\u2019une course ma\u00eetris\u00e9e. Le champion de Belgique a rattrap\u00e9&hellip;\n","protected":false},"author":2,"featured_media":491476,"comment_status":"","ping_status":"","sticky":false,"template":"","format":"standard","meta":{"footnotes":""},"categories":[1411],"tags":[1154,207,59294,211,1011,27,60,61425,210,212,208,213],"class_list":{"0":"post-491475","1":"post","2":"type-post","3":"status-publish","4":"format-standard","5":"has-post-thumbnail","7":"category-cyclisme","8":"tag-cycling","9":"tag-cyclisme","10":"tag-cyclo-cross","11":"tag-ffc","12":"tag-fr","13":"tag-france","14":"tag-sports","15":"tag-superprestige","16":"tag-tour-de-france","17":"tag-uci","18":"tag-velo","19":"tag-world-tour"},"share_on_mastodon":{"url":"https:\/\/pubeurope.com\/@fr\/115441423097114529","error":""},"_links":{"self":[{"href":"https:\/\/www.europesays.com\/fr\/wp-json\/wp\/v2\/posts\/491475","targetHints":{"allow":["GET"]}}],"collection":[{"href":"https:\/\/www.europesays.com\/fr\/wp-json\/wp\/v2\/posts"}],"about":[{"href":"https:\/\/www.europesays.com\/fr\/wp-json\/wp\/v2\/types\/post"}],"author":[{"embeddable":true,"href":"https:\/\/www.europesays.com\/fr\/wp-json\/wp\/v2\/users\/2"}],"replies":[{"embeddable":true,"href":"https:\/\/www.europesays.com\/fr\/wp-json\/wp\/v2\/comments?post=491475"}],"version-history":[{"count":0,"href":"https:\/\/www.europesays.com\/fr\/wp-json\/wp\/v2\/posts\/491475\/revisions"}],"wp:featuredmedia":[{"embeddable":true,"href":"https:\/\/www.europesays.com\/fr\/wp-json\/wp\/v2\/media\/491476"}],"wp:attachment":[{"href":"https:\/\/www.europesays.com\/fr\/wp-json\/wp\/v2\/media?parent=491475"}],"wp:term":[{"taxonomy":"category","embeddable":true,"href":"https:\/\/www.europesays.com\/fr\/wp-json\/wp\/v2\/categories?post=491475"},{"taxonomy":"post_tag","embeddable":true,"href":"https:\/\/www.europesays.com\/fr\/wp-json\/wp\/v2\/tags?post=491475"}],"curies":[{"name":"wp","href":"https:\/\/api.w.org\/{rel}","templated":true}]}}