{"id":491481,"date":"2025-10-26T16:33:20","date_gmt":"2025-10-26T16:33:20","guid":{"rendered":"https:\/\/www.europesays.com\/fr\/491481\/"},"modified":"2025-10-26T16:33:20","modified_gmt":"2025-10-26T16:33:20","slug":"la-visite-privee-de-loic-prigent-guide-de-la-mode-dans-les-allees-dart-basel","status":"publish","type":"post","link":"https:\/\/www.europesays.com\/fr\/491481\/","title":{"rendered":"La visite priv\u00e9e de Lo\u00efc Prigent, guide de la mode dans les all\u00e9es d\u2019Art Basel"},"content":{"rendered":"<p>\n    Madame Figaro s\u2019est invit\u00e9 dans la visite d\u2019Art Basel imagin\u00e9e par Lo\u00efc Prigent et propos\u00e9e en exclusivit\u00e9 par Airbnb pendant la foire.<\/p>\n<p class=\"fig-paragraph\">Il peut y avoir quelque chose de vertigineux dans le fait d\u2019arpenter les all\u00e9es d\u2019une foire d\u2019art contemporain. \u00c0 la diff\u00e9rence des acheteurs qui se dirigent bille en t\u00eate vers une galerie, il n\u2019y a pas de parcours fl\u00e9ch\u00e9.\u00a0<a href=\"http:\/\/madame.lefigaro.fr\/celebrites\/culture\/couvertures-historiques-numero-xxl-madame-figaro-s-expose-a-art-basel-paris-20251023\" data-fig-type=\"Article\" data-gtm-custom-categorie=\"navigation\" data-gtm-custom-action=\"crossclick\" data-gtm-custom-label=\"Contextuel\" data-gtm-event=\"customEventSPE\" data-fig-domain=\"MADAME\" target=\"_blank\" rel=\"noopener\">Pour son \u00e9dition 2025, Art Basel Paris<\/a>\u00a0a eu l\u2019id\u00e9e de demander \u00e0 Lo\u00efc Prigent, documentariste, auteur et grand sp\u00e9cialiste des arcanes de la mode, d\u2019imaginer son parcours dans un esprit de promenade. D\u00e9veloppant en France son offre exp\u00e9rientielle, Airbnb a, de son c\u00f4t\u00e9, profit\u00e9 de l\u2019occasion pour proposer \u00e0 un groupe de visiteurs une visite pas comme les autres, en compagnie de cet \u0153il de la mode qui, pour l\u2019occasion, a rev\u00eatu les habits de curateur sympathiquement \u00e9rudit.<\/p>\n<p class=\"fig-paragraph\">L\u2019int\u00e9ress\u00e9 s\u2019est pr\u00eat\u00e9 au jeu en partant de la question \u00e9pineuse\u00a0: qu\u2019est ce qui est \u00ab\u00e0 la mode\u00bb? Pas question ici de faire le diktat du bon go\u00fbt mais d\u2019explorer ce qui r\u00e9pond \u00e0 ce th\u00e8me dans ce qui est pr\u00e9sent\u00e9 par Art Basel. Une mani\u00e8re de r\u00e9affirmer le poids du regard et de la subjectivit\u00e9. \u00abAvec Art Basel nous sommes partis d\u00e8s le mois de juin dernier d\u2019un cadre tr\u00e8s large, explique-t-il sur place, en demandant aux galeristes \u00e0 quel endroit voit-on de la mode dans les \u0153uvres et sous quelle forme? Cela donne un v\u00e9ritable jeu de pistes.\u00bb<\/p>\n<p class=\"fig-body-link&#10;    \">\n            \u00c0 lire aussi<br \/>\n        <a class=\"fig-body-link__link\" href=\"http:\/\/madame.lefigaro.fr\/cuisine\/actu-cuisine\/une-ode-a-la-lumiere-la-collection-arts-de-la-table-toute-en-porcelaine-diaphane-du-cognac-louis-xiii-20251006\" data-fig-type=\"Article\" data-gtm-custom-categorie=\"navigation\" data-gtm-custom-action=\"crossclick\" data-gtm-custom-label=\"Contextuel\" data-gtm-event=\"customEventSPE\" data-fig-domain=\"MADAME\" target=\"_blank\" rel=\"noopener\"><br \/>\n        Une ode \u00e0 la lumi\u00e8re\u00a0: la collection arts de la table toute en porcelaine diaphane du cognac Louis XIII<\/a>\n<\/p>\n<p>    Lo\u00efc Prigent d\u00e9voile son parcours Art Basel Paris 2025.<br \/>\n                C\u00e9line Cabourg<\/p>\n<p>                                    <a class=\"fig-a11y-skip a11y-hidden\" href=\"#fig-a11y-skip-main-inarticle\"><br \/>\n        Passer la publicit\u00e9<br \/>\n    <\/a><\/p>\n<p>Quand l\u2019art et la mode s\u2019en m\u00ealent<\/p>\n<p class=\"fig-paragraph\">Chemise blanche sortant de sa polaire, casquette, jean cargo, on reconna\u00eet imm\u00e9diatement la personne \u00e0 suivre. \u00c0 son look et \u00e0 ses formules savoureuses. \u00c0 ce c\u00f4t\u00e9 un peu g\u00ean\u00e9 d\u2019\u00eatre l\u00e0, lui qui conna\u00eet le Grand Palais comme sa poche pour l\u2019avoir arpent\u00e9 de long en large avec son cadreur, \u00e0 l\u2019aff\u00fbt d\u2019un bon mot ou d\u2019une image d\u00e9cal\u00e9e.<\/p>\n<p class=\"fig-paragraph\">En guise d\u2019introduction\u00a0<a href=\"https:\/\/madame.lefigaro.fr\/tag\/loic-prigent\" target=\"_blank\" data-fig-type=\"Keyword\" rel=\"sponsored noopener\" data-gtm-custom-categorie=\"navigation\" data-gtm-custom-action=\"crossclick\" data-gtm-custom-label=\"Contextuel\" data-gtm-event=\"customEventSPE\" data-fig-domain=\"MADAME\">Lo\u00efc Prigent<\/a>\u00a0rappelle au petit groupe de visiteurs qu\u2019une exposition au Louvre orchestrait d\u00e9j\u00e0 il y a quelques mois cette m\u00eame conversation entre l\u2019art et la mode, en faisant interagir silhouettes de cr\u00e9ateurs et tableaux. Les premiers jours de la foire, nombre d\u2019\u0153uvres ont d\u00e9j\u00e0 \u00e9t\u00e9 vendues, du coup le vendredi, on d\u00e9couvre de nouveaux accrochages. Un fanzine \u00abOh La La!\u00bb reprend la carte du jeu de piste, agr\u00e9ment\u00e9e de ses textes cisel\u00e9s. En guise de balises arty, des autocollants argent\u00e9s ont \u00e9t\u00e9 coll\u00e9s sur les galeries qu\u2019il a s\u00e9lectionn\u00e9es.<\/p>\n<p class=\"fig-paragraph\">Chez Almine Rech, Francesco Vezzoli d\u00e9construit dans le rose shocking de la Maison Schiaparelli (qui est une marque embl\u00e9matique comme le bleu Klein), l\u2019image cr\u00e9\u00e9e en 1937 par Leonor Fini pour la campagne du parfum et figurant l\u2019actrice Mae West. Le petit flacon original est pr\u00e9sent\u00e9 devant l\u2019\u0153uvre. De l\u2019artiste italien Prigent dit: \u00abil comprend la mode mieux que la mode ne se comprend\u00bb.<\/p>\n<p>    La foire Art Basel Paris 2025 au Grand Palais. (Paris, le 22 octobre 2025.)<br \/>\n                Luc Castel \/ Getty Images<\/p>\n<p>\u00abCela procure des \u00e9motions compl\u00e8tement diff\u00e9rentes\u00bb<\/p>\n<p class=\"fig-paragraph\">Gr\u00e2ce \u00e0 cet \u00e9clairage de la mode, on croise au fil des all\u00e9es les th\u00e8mes de l\u2019identit\u00e9, du f\u00e9minisme, du support de l\u2019art, des liens, du rapport aux communaut\u00e9s. \u00abIl y a des \u0153uvres c\u00e9r\u00e9brales, dures, t\u00e9moignages de col\u00e8re et de tristesse, d\u00e9crypte notre guide, mais aussi des choses tr\u00e8s joyeuses. Il y a du saccharose et des choses plus am\u00e8res. Cela procure des \u00e9motions compl\u00e8tement diff\u00e9rentes \u00e0 chaque fois. On r\u00e9alise que beaucoup parlent de mode et se r\u00e9pondent de fa\u00e7on al\u00e9atoire. L\u2019artiste Chakaia Booker travaille des bandes de pneus comme des drap\u00e9s. Elle c\u00f4toie les \u0153uvres de l\u2019am\u00e9ricain John Chamberlain que cite le cr\u00e9ateur Rick Owens.\u00bb\u00a0Peinture, c\u00e9ramique, la mode est partout sous toutes les formes. Devant le tableau de l\u2019artiste Steven Cohen, Lo\u00efc raconte l\u2019avoir crois\u00e9 le jour d\u2019avant, des chaussures en forme de t\u00eate de mort aux pieds et le visage enti\u00e8rement maquill\u00e9: \u00abil se d\u00e9maquille par bandes qu\u2019il pose comme un suaire. C\u2019est \u00e9tonnant, au d\u00e9part, tu ne comprends pas trop ce que tu vois, un kal\u00e9idoscope de visage, et derri\u00e8re toute sa vie.\u00bb <\/p>\n<p class=\"fig-paragraph\">Motifs color\u00e9s de cette femme \u00e9tendue peinte par l\u2019artiste mexicaine Aniza Nisenbaum, tapisserie de Diedrick Brackens, qui \u00e9voque au documentariste de mode les ponts qu\u2019a pu tisser une directrice artistique de Maison de mode comme Maria Grazia Chiuri lorsqu\u2019elle \u00e9tait chez Dior (aujourd\u2019hui chez Fendi) ou encore cette autre, incroyable r\u00e9alis\u00e9e avec des t\u00eates de brosse \u00e0 dents usag\u00e9es et des vieux boutons, que l\u2019on doit \u00e0 un artiste du Zimbabwe Moffat Takadiwa expos\u00e9 \u00e0 la galerie Semiose qui croise tout le travail d\u2019upcycling et de r\u00e9utilisation de stocks dormants qu\u2019utilise la jeune cr\u00e9ation de mode.<\/p>\n<p>                                    <a class=\"fig-a11y-skip a11y-hidden\" href=\"#fig-a11y-skip-main-inarticle_mtf\"><br \/>\n        Passer la publicit\u00e9<br \/>\n    <\/a><\/p>\n<p class=\"fig-paragraph\">Ce parcours de l\u2019art pass\u00e9 au filtre de la mode est revigorant et permet de parcourir la foire autrement. Bien s\u00fbr on peut se perdre aussi. On tombera sur les peintures de la jeune artiste Louise Sartor utilisant des supports d\u2019emballage qu\u2019elle revalorise par son trait de pinceau. Le portrait d\u2019un de ses amis en chaussettes, \u00e9voque pour le d\u00e9crypteur de v\u00eatements Prigent le tableau de Madame de R\u00e9camier Pieds nus peinte par Jacques-Louis David. Autre lien tiss\u00e9 avec la mode, l\u2019artiste fran\u00e7ais Rapha\u00ebl Barontini a collabor\u00e9 avec les m\u00e9tiers d\u2019art de Louis Vuitton et quelques-unes de ses toiles sont expos\u00e9es \u00e0 la galerie Sultana. La s\u00e9lection \u00abOh La La\u00bb est terriblement riche. Mais h\u00e9las tout a une fin et il faudra prolonger l\u2019exp\u00e9rience, seul. Lo\u00efc s\u2019en excuse. \u00abIl faut que je file \u00e0 mon mariage. Enfin&#8230; Pas le mien\u00bb, pr\u00e9cise-t-il avec ce brin de malice qui le caract\u00e9rise. \u00abJe vous invite \u00e0 voir le reste\u00bb, conclut-il les yeux toujours p\u00e9tillants.<\/p>\n","protected":false},"excerpt":{"rendered":"Madame Figaro s\u2019est invit\u00e9 dans la visite d\u2019Art Basel imagin\u00e9e par Lo\u00efc Prigent et propos\u00e9e en exclusivit\u00e9 par&hellip;\n","protected":false},"author":2,"featured_media":491482,"comment_status":"","ping_status":"","sticky":false,"template":"","format":"standard","meta":{"footnotes":""},"categories":[1358],"tags":[1396,1348,1384,1385,1386,58,59,1011,27,61426],"class_list":{"0":"post-491481","1":"post","2":"type-post","3":"status-publish","4":"format-standard","5":"has-post-thumbnail","7":"category-arts-et-design","8":"tag-art-contemporain","9":"tag-arts","10":"tag-arts-and-design","11":"tag-arts-et-design","12":"tag-design","13":"tag-divertissement","14":"tag-entertainment","15":"tag-fr","16":"tag-france","17":"tag-loic-prigent"},"share_on_mastodon":{"url":"https:\/\/pubeurope.com\/@fr\/115441434852391624","error":""},"_links":{"self":[{"href":"https:\/\/www.europesays.com\/fr\/wp-json\/wp\/v2\/posts\/491481","targetHints":{"allow":["GET"]}}],"collection":[{"href":"https:\/\/www.europesays.com\/fr\/wp-json\/wp\/v2\/posts"}],"about":[{"href":"https:\/\/www.europesays.com\/fr\/wp-json\/wp\/v2\/types\/post"}],"author":[{"embeddable":true,"href":"https:\/\/www.europesays.com\/fr\/wp-json\/wp\/v2\/users\/2"}],"replies":[{"embeddable":true,"href":"https:\/\/www.europesays.com\/fr\/wp-json\/wp\/v2\/comments?post=491481"}],"version-history":[{"count":0,"href":"https:\/\/www.europesays.com\/fr\/wp-json\/wp\/v2\/posts\/491481\/revisions"}],"wp:featuredmedia":[{"embeddable":true,"href":"https:\/\/www.europesays.com\/fr\/wp-json\/wp\/v2\/media\/491482"}],"wp:attachment":[{"href":"https:\/\/www.europesays.com\/fr\/wp-json\/wp\/v2\/media?parent=491481"}],"wp:term":[{"taxonomy":"category","embeddable":true,"href":"https:\/\/www.europesays.com\/fr\/wp-json\/wp\/v2\/categories?post=491481"},{"taxonomy":"post_tag","embeddable":true,"href":"https:\/\/www.europesays.com\/fr\/wp-json\/wp\/v2\/tags?post=491481"}],"curies":[{"name":"wp","href":"https:\/\/api.w.org\/{rel}","templated":true}]}}