{"id":491489,"date":"2025-10-26T16:38:16","date_gmt":"2025-10-26T16:38:16","guid":{"rendered":"https:\/\/www.europesays.com\/fr\/491489\/"},"modified":"2025-10-26T16:38:16","modified_gmt":"2025-10-26T16:38:16","slug":"atteinte-de-la-maladie-de-parkinson-une-femme-joue-de-la-clarinette-en-plein-milieu-de-son-operation-et-obtient-des-resultats-immediats","status":"publish","type":"post","link":"https:\/\/www.europesays.com\/fr\/491489\/","title":{"rendered":"Atteinte de la maladie de Parkinson, une femme joue de la clarinette en plein milieu de son op\u00e9ration et obtient des r\u00e9sultats imm\u00e9diats"},"content":{"rendered":"<p class=\"mb-4 text-lg md:leading-8 break-words\">Denise Bacon, \u00e2g\u00e9e de 65 ans et vivant dans l\u2019East Sussex, est atteinte, comme <strong>12 millions<\/strong> d\u2019autres personnes dans le monde, de la maladie de Parkinson. Diagnostiqu\u00e9 en 2014, l\u2019orthophoniste \u00e0 la retraite a vu ses capacit\u00e9s \u00e0 marcher, \u00e0 nager, \u00e0 danser, mais aussi \u00e0 jouer de la clarinette, \u00eatre affect\u00e9es. Alors qu\u2019elle avait l\u2019habitude de jouer dans l\u2019East Grinstead Concert Band, elle a d\u00fb arr\u00eater la pratique de son instrument d\u00e8s l\u2019apparition des premiers sympt\u00f4mes.<\/p>\n<p>Parkinson : quels sont les sympt\u00f4mes ?<\/p>\n<p class=\"mb-4 text-lg md:leading-8 break-words\">La maladie neurod\u00e9g\u00e9n\u00e9rative chronique se traduit par <strong>une destruction progressive des neurones \u00e0 dopamine<\/strong> dans une zone du cerveau appel\u00e9 \u00ab substance noire \u00bb, qui participe notamment, au <strong>contr\u00f4le de la motricit\u00e9<\/strong>.<\/p>\n<p class=\"mb-4 text-lg md:leading-8 break-words\">Les sympt\u00f4mes de la maladie de Parkinson ne se r\u00e9sument pas \u00e0 un tremblement involontaire au niveau des mains, de la t\u00eate et des jambes, ou \u00e0 une <strong>raideur musculaire et articulaire<\/strong>, mais il y a une multitude de sympt\u00f4mes. Parmi ceux-ci, une <strong>lenteur des mouvements<\/strong>, qui deviennent discontinus et difficiles \u00e0 r\u00e9aliser (akin\u00e9sie), des <strong>pertes d\u2019\u00e9quilibre<\/strong>, des <strong>troubles du langage<\/strong>, des difficult\u00e9s \u00e0 \u00e9crire, des troubles de la m\u00e9moire et de la concentration, un ralentissement de la pens\u00e9e, un visage souvent fig\u00e9, et une bouche entrouverte.<\/p>\n<p>La stimulation c\u00e9r\u00e9brale profonde, \u00ab l\u2019une des th\u00e9rapies les plus efficaces \u00bb.<\/p>\n<p class=\"mb-4 text-lg md:leading-8 break-words\">Denise&#8230;<\/p>\n<p class=\"mb-4 text-lg md:leading-8 break-words\"><a data-i13n=\"cpos:1;pos:1\" href=\"https:\/\/www.santemagazine.fr\/actualites\/actualites-sante\/atteinte-de-la-maladie-de-parkinson-une-femme-joue-de-la-clarinette-en-plein-milieu-de-son-operation-et-obtient-des-resultats-immediats-1141761#at_medium=affiliate&amp;at_campaign=flux_rss&amp;at_type=Yahoo\" rel=\"nofollow noopener\" target=\"_blank\" data-ylk=\"slk:Lire la suite;cpos:1;pos:1;elm:context_link;itc:0;sec:content-canvas\" class=\"link \">Lire la suite<\/a><\/p>\n","protected":false},"excerpt":{"rendered":"Denise Bacon, \u00e2g\u00e9e de 65 ans et vivant dans l\u2019East Sussex, est atteinte, comme 12 millions d\u2019autres personnes&hellip;\n","protected":false},"author":2,"featured_media":491490,"comment_status":"","ping_status":"","sticky":false,"template":"","format":"standard","meta":{"footnotes":""},"categories":[10],"tags":[1011,27,72,27172,71,29416],"class_list":{"0":"post-491489","1":"post","2":"type-post","3":"status-publish","4":"format-standard","5":"has-post-thumbnail","7":"category-sante","8":"tag-fr","9":"tag-france","10":"tag-health","11":"tag-maladie-de-parkinson","12":"tag-sante","13":"tag-troubles-de-la-memoire"},"share_on_mastodon":{"url":"https:\/\/pubeurope.com\/@fr\/115441454571742146","error":""},"_links":{"self":[{"href":"https:\/\/www.europesays.com\/fr\/wp-json\/wp\/v2\/posts\/491489","targetHints":{"allow":["GET"]}}],"collection":[{"href":"https:\/\/www.europesays.com\/fr\/wp-json\/wp\/v2\/posts"}],"about":[{"href":"https:\/\/www.europesays.com\/fr\/wp-json\/wp\/v2\/types\/post"}],"author":[{"embeddable":true,"href":"https:\/\/www.europesays.com\/fr\/wp-json\/wp\/v2\/users\/2"}],"replies":[{"embeddable":true,"href":"https:\/\/www.europesays.com\/fr\/wp-json\/wp\/v2\/comments?post=491489"}],"version-history":[{"count":0,"href":"https:\/\/www.europesays.com\/fr\/wp-json\/wp\/v2\/posts\/491489\/revisions"}],"wp:featuredmedia":[{"embeddable":true,"href":"https:\/\/www.europesays.com\/fr\/wp-json\/wp\/v2\/media\/491490"}],"wp:attachment":[{"href":"https:\/\/www.europesays.com\/fr\/wp-json\/wp\/v2\/media?parent=491489"}],"wp:term":[{"taxonomy":"category","embeddable":true,"href":"https:\/\/www.europesays.com\/fr\/wp-json\/wp\/v2\/categories?post=491489"},{"taxonomy":"post_tag","embeddable":true,"href":"https:\/\/www.europesays.com\/fr\/wp-json\/wp\/v2\/tags?post=491489"}],"curies":[{"name":"wp","href":"https:\/\/api.w.org\/{rel}","templated":true}]}}