{"id":491493,"date":"2025-10-26T16:40:12","date_gmt":"2025-10-26T16:40:12","guid":{"rendered":"https:\/\/www.europesays.com\/fr\/491493\/"},"modified":"2025-10-26T16:40:12","modified_gmt":"2025-10-26T16:40:12","slug":"a-combien-seleve-la-cagnotte-de-cyprien-c-2","status":"publish","type":"post","link":"https:\/\/www.europesays.com\/fr\/491493\/","title":{"rendered":"\u00e0 combien s&rsquo;\u00e9l\u00e8ve la cagnotte de Cyprien c &#8230;"},"content":{"rendered":"<p>EN BREF<\/p>\n<ul class=\"bloc_resume_post_list\">\n<li>Cyprien est le nouveau Ma\u00eetre de midi des 12 coups depuis<br \/>\nle 19 septembre 2025.<\/li>\n<li>Le jeune \u00e9tudiant de 22 ans est f\u00e9ru de musique et chef<br \/>\nd\u00a0\u00bborchestre.<\/li>\n<li>Quel est le montant de sa cagnotte actuelle ?<\/li>\n<\/ul>\n<p><strong>Cyprien est le nouveau Ma\u00eetre de midi depuis le 19<br \/>\nseptembre dernier.<\/strong> Le jeune homme de 22 ans, originaire de<br \/>\nFontenay-sous-Bois (Val-de-Marne), a pris le pouvoir dans <a href=\"https:\/\/www.telestar.fr\/actu-tv\/12-coups-de-midi\" target=\"_blank\" rel=\"noopener\">Les 12 coups de<br \/>\nmidi<\/a> en prenant la place de Zakia, que l&rsquo;on voyait pourtant<br \/>\nfaire un tr\u00e8s beau parcours. Une arriv\u00e9e en fanfare pour cet<br \/>\n\u00e9tudiant passionn\u00e9 de musique et chef d&rsquo;orchestre en herbe dont le<br \/>\nr\u00eave est un jour de mettre sur pied un op\u00e9ra.<\/p>\n<p>\u00ab\u00a0Je suis tomb\u00e9 dans la musique quand j\u2019\u00e9tais petit. J\u2019ai une<br \/>\nm\u00e8re et un p\u00e8re qui faisaient du th\u00e9\u00e2tre et j\u2019ai une s\u0153ur qui fait<br \/>\nde la danse. Donc on est un peu des enfants de la balle d\u2019une<br \/>\ncertaine mani\u00e8re\u00a0\u00bb, a-t-il confi\u00e9 \u00e0 son arriv\u00e9e dans<br \/>\nl&rsquo;\u00e9mission. Un parcours qui pour l&rsquo;instant se passe sans encombre<br \/>\net qui lui permet, apr\u00e8s l&rsquo;\u00e9mission du 26 octobre, d&rsquo;\u00eatre \u00e0 la t\u00eate<br \/>\nd&rsquo;une cagnotte s&rsquo;\u00e9levant \u00e0 <strong>177 845 euros<\/strong>.<\/p>\n<p>Cyprien (Les 12 coups de midi) est-il<br \/>\nen couple ?<\/p>\n<p>Interrog\u00e9 par <a href=\"https:\/\/www.telestar.fr\/actu_tv\/les-12-coups-de-midi-jean-luc-reichmann-a-un-veritable-coup-de-coeur-pour-le-nouveau-maitre-de-midi-1736618\" target=\"_blank\" rel=\"noopener\"><br \/>\nJean-Luc Reichmann<\/a> sur sa vie priv\u00e9e, Cyprien n&rsquo;a pas eu de<br \/>\nprobl\u00e8me \u00e0 r\u00e9v\u00e9ler qu&rsquo;il \u00e9tait encore <a href=\"https:\/\/www.telestar.fr\/actu_tv\/cyprien-le-maitre-des-12-coups-de-midi-est-il-en-couple-1738984\" target=\"_blank\" rel=\"noopener\"><br \/>\nun coeur \u00e0 prendre<\/a>. Nul doute que son parcours dans Les 12<br \/>\ncoups de midi va lui apporter une m\u00e9diatisation qui risque de<br \/>\nchanger sa vie.<\/p>\n<p>Un chamboulement qui ne sera peut-\u00eatre pas du niveau de celui<br \/>\nqu&rsquo;a connu <a href=\"https:\/\/www.telestar.fr\/actu_tv\/exclu-emilien-les-12-coups-de-midi-a-la-tete-de-son-propre-jeu-ce-projet-precis-quil-a-en-tete-1730851\" target=\"_blank\" rel=\"noopener\"><br \/>\nEmilien<\/a>, <strong>le plus grand champion de l&rsquo;histoire des jeux<br \/>\nt\u00e9l\u00e9vis\u00e9s en France<\/strong>, qui a connu au d\u00e9but de mois de<br \/>\njuillet 2025 la fin de son incroyable parcours dans l&rsquo;\u00e9mission de<br \/>\nTF1. Si l&rsquo;on ne risque pas de revoir de sit\u00f4t une aventure<br \/>\ncomparable \u00e0 celle de l&rsquo;\u00e9tudiant en histoire, le parcours de<br \/>\nCyprien est \u00e0 surveiller de pr\u00e8s.<\/p>\n","protected":false},"excerpt":{"rendered":"EN BREF Cyprien est le nouveau Ma\u00eetre de midi des 12 coups depuis le 19 septembre 2025. Le&hellip;\n","protected":false},"author":2,"featured_media":491494,"comment_status":"","ping_status":"","sticky":false,"template":"","format":"standard","meta":{"footnotes":""},"categories":[8],"tags":[548,58,59,1011,27,466,199],"class_list":{"0":"post-491493","1":"post","2":"type-post","3":"status-publish","4":"format-standard","5":"has-post-thumbnail","7":"category-divertissement","8":"tag-article-simple","9":"tag-divertissement","10":"tag-entertainment","11":"tag-fr","12":"tag-france","13":"tag-les-12-coups-de-midi","14":"tag-tf1"},"share_on_mastodon":{"url":"https:\/\/pubeurope.com\/@fr\/115441462449763564","error":""},"_links":{"self":[{"href":"https:\/\/www.europesays.com\/fr\/wp-json\/wp\/v2\/posts\/491493","targetHints":{"allow":["GET"]}}],"collection":[{"href":"https:\/\/www.europesays.com\/fr\/wp-json\/wp\/v2\/posts"}],"about":[{"href":"https:\/\/www.europesays.com\/fr\/wp-json\/wp\/v2\/types\/post"}],"author":[{"embeddable":true,"href":"https:\/\/www.europesays.com\/fr\/wp-json\/wp\/v2\/users\/2"}],"replies":[{"embeddable":true,"href":"https:\/\/www.europesays.com\/fr\/wp-json\/wp\/v2\/comments?post=491493"}],"version-history":[{"count":0,"href":"https:\/\/www.europesays.com\/fr\/wp-json\/wp\/v2\/posts\/491493\/revisions"}],"wp:featuredmedia":[{"embeddable":true,"href":"https:\/\/www.europesays.com\/fr\/wp-json\/wp\/v2\/media\/491494"}],"wp:attachment":[{"href":"https:\/\/www.europesays.com\/fr\/wp-json\/wp\/v2\/media?parent=491493"}],"wp:term":[{"taxonomy":"category","embeddable":true,"href":"https:\/\/www.europesays.com\/fr\/wp-json\/wp\/v2\/categories?post=491493"},{"taxonomy":"post_tag","embeddable":true,"href":"https:\/\/www.europesays.com\/fr\/wp-json\/wp\/v2\/tags?post=491493"}],"curies":[{"name":"wp","href":"https:\/\/api.w.org\/{rel}","templated":true}]}}