{"id":491499,"date":"2025-10-26T16:43:12","date_gmt":"2025-10-26T16:43:12","guid":{"rendered":"https:\/\/www.europesays.com\/fr\/491499\/"},"modified":"2025-10-26T16:43:12","modified_gmt":"2025-10-26T16:43:12","slug":"israel-affirme-son-droit-de-veto-sur-une-force-internationale-a-gaza-actualites","status":"publish","type":"post","link":"https:\/\/www.europesays.com\/fr\/491499\/","title":{"rendered":"Isra\u00ebl affirme son droit de veto sur une force internationale \u00e0 Gaza : Actualit\u00e9s"},"content":{"rendered":"<p class=\"lead \">Le Premier ministre isra\u00e9lien Benjamin Netanyahu a affirm\u00e9 dimanche son droit de veto sur les membres de la force internationale qui devrait s\u00e9curiser l&rsquo;apr\u00e8s-guerre dans la bande de Gaza, que son alli\u00e9 am\u00e9ricain tente de mettre en place.<\/p>\n<p class=\"lead \">Isra\u00ebl, qui contr\u00f4le tous les acc\u00e8s du territoire palestinien, a permis \u00e0 un convoi \u00e9gyptien d&rsquo;y entrer pour aider \u00e0 retrouver les d\u00e9pouilles d&rsquo;otages toujours aux mains du mouvement islamiste palestinien Hamas.<\/p>\n<p class=\"lead \">Ce dernier les retient depuis son attaque sans pr\u00e9c\u00e9dent men\u00e9e contre Isra\u00ebl le 7 octobre 2023, qui avait d\u00e9clench\u00e9 la guerre \u00e0 Gaza.<\/p>\n<p class=\"lead \">En vertu du plan du pr\u00e9sident Donald Trump, sur lequel est bas\u00e9 l&rsquo;accord de cessez-le-feu, une force internationale de stabilisation, form\u00e9e principalement de troupes de pays arabes et musulmans, doit se d\u00e9ployer \u00e0 Gaza \u00e0 mesure que l&rsquo;arm\u00e9e isra\u00e9lienne s&rsquo;en retirera.<\/p>\n<p class=\"lead \">\u00ab\u00a0Nous avons (&#8230;) clairement indiqu\u00e9 au sujet des forces internationales qu&rsquo;Isra\u00ebl d\u00e9ciderait quelles forces sont inacceptables pour nous\u00a0\u00bb, a d\u00e9clar\u00e9 M. Netanyahu, oppos\u00e9 au d\u00e9ploiement de forces de Turquie, pays qui entretient des liens \u00e9troits avec le Hamas.<\/p>\n<p class=\"lead \">\u00ab\u00a0Nous sommes un Etat ind\u00e9pendant\u00a0\u00bb, a-t-il martel\u00e9 devant ses ministres. \u00ab\u00a0Notre politique de s\u00e9curit\u00e9 est entre nos mains.\u00a0\u00bb<\/p>\n<p class=\"lead \">Vendredi, le secr\u00e9taire d&rsquo;Etat Marco Rubio a dit au sujet de cette force qu&rsquo;il faudrait \u00ab\u00a0que ce soient des personnes ou des pays avec lesquels Isra\u00ebl se sente \u00e0 l&rsquo;aise\u00a0\u00bb, apr\u00e8s qu&rsquo;une source du minist\u00e8re turc de la D\u00e9fense avait fait \u00e9tat de discussions sur une participation turque.<\/p>\n<p class=\"lead \">La premi\u00e8re phase de l&rsquo;accord de cessez-le-feu, entr\u00e9 en vigueur le 10 octobre, pr\u00e9voit, outre le cessez-le-feu, la lib\u00e9ration de tous les otages, vivants et morts, des retraits isra\u00e9liens dans Gaza et l&rsquo;afflux d&rsquo;aides humanitaires \u00e0 Gaza.<\/p>\n<p class=\"lead \">&#8211; \u00ab\u00a0Pas d&rsquo;excuse\u00a0\u00bb &#8211;<\/p>\n<p class=\"lead \">Le Hamas a lib\u00e9r\u00e9 au 13 octobre l&rsquo;ensemble des 20 otages vivants. Il devait aussi rendre \u00e0 cette date les 28 corps des captifs qu&rsquo;il retient, mais il n&rsquo;en a restitu\u00e9 que 15 jusque-l\u00e0, arguant de difficult\u00e9s pour trouver les d\u00e9pouilles dans le territoire ravag\u00e9 par l&rsquo;offensive isra\u00e9lienne de repr\u00e9sailles.<\/p>\n<p class=\"lead \">Dimanche avant l&rsquo;aube, des v\u00e9hicules et des camions \u00e9gyptiens transportant des engins lourds de chantier sont entr\u00e9s dans Gaza et se sont dirig\u00e9s vers Al-Zawayda (centre), o\u00f9 ils seront bas\u00e9s.<\/p>\n<p class=\"lead \">Une \u00e9quipe technique \u00e9gyptienne a \u00e9t\u00e9 \u00ab\u00a0autoris\u00e9e \u00e0 entrer au-del\u00e0 de la ligne jaune\u00a0\u00bb qui d\u00e9limite la zone contr\u00f4l\u00e9e par Isra\u00ebl dans Gaza, \u00ab\u00a0pour rechercher nos otages\u00a0\u00bb, a confirm\u00e9 Shosh Bedrosian, porte-parole du bureau de M. Netanyahu.<\/p>\n<p class=\"lead \">\u00ab\u00a0Nous ne donnerons pas \u00e0 l&rsquo;occupation (isra\u00e9lienne) une excuse pour reprendre la guerre. De nouvelles zones seront accessibles pour rechercher certains des corps\u00a0\u00bb d&rsquo;otages, a indiqu\u00e9 le n\u00e9gociateur du Hamas, Khalil al-Hayya.<\/p>\n<p class=\"lead \">Les phases ult\u00e9rieures du plan Trump pr\u00e9voient, outre le d\u00e9ploiement d&rsquo;une force internationale, des nouveaux retraits isra\u00e9liens dans Gaza, le d\u00e9sarmement du Hamas, ainsi que la reconstruction du territoire notamment.<\/p>\n<p class=\"lead \">Le Hamas, qui a pris le pouvoir \u00e0 Gaza en 2007, a jusqu&rsquo;\u00e0 pr\u00e9sent refus\u00e9 d&rsquo;envisager son d\u00e9sarmement, alors que M. Netanyahu veut le chasser du territoire.<\/p>\n<p class=\"lead \">Jeudi, le vice-pr\u00e9sident am\u00e9ricain JD Vance a d\u00e9clar\u00e9 que la force internationale devrait \u00eatre en premi\u00e8re ligne pour assurer le d\u00e9sarmement du Hamas.<\/p>\n<p class=\"lead \">\u00ab\u00a0Gaza sera d\u00e9militaris\u00e9e\u00a0\u00bb et cela \u00ab\u00a0se fera de mani\u00e8re facile ou \u00e0 la dure\u00a0\u00bb, a r\u00e9p\u00e9t\u00e9 Mme Bedrosian en r\u00e9affirmant qu&rsquo;Isra\u00ebl \u00ab\u00a0exercera un contr\u00f4le s\u00e9curitaire total sur Gaza\u00a0\u00bb.<\/p>\n<p class=\"lead \">&#8211; \u00ab\u00a0Ils ont oubli\u00e9 comment jouer\u00a0\u00bb &#8211;<\/p>\n<p class=\"lead \">Malgr\u00e9 l&rsquo;entr\u00e9e en vigueur du cessez-le-feu, les habitants du territoire palestinien assi\u00e9g\u00e9 par Isra\u00ebl continuent de vivre dans des conditions tr\u00e8s dures. <\/p>\n<p class=\"lead \">\u00ab\u00a0La faim est toujours pr\u00e9sente\u00a0\u00bb car L&rsquo;aide humanitaire entrant \u00e0 Gaza est \u00ab\u00a0insuffisante\u00a0\u00bb selon l&rsquo;ONU.<\/p>\n<p class=\"lead \">Hiam Moqdad, une grand-m\u00e8re de 62 ans, est retourn\u00e9e \u00e0 Gaza-ville, o\u00f9 elle a, avec sa famille, install\u00e9 une tente sur les d\u00e9combres de leur maison d\u00e9truite pendant la guerre.<\/p>\n<p class=\"lead \">\u00ab\u00a0On souffre pour avoir de l&rsquo;eau (&#8230;) J&rsquo;ai cuisin\u00e9 des p\u00e2tes pour nourrir les enfants, mais je ne peux pas acheter ni l\u00e9gumes ni autre car nous n&rsquo;avons ni argent ni revenu. Nous n&rsquo;avons ni matelas ni rien. J&rsquo;allume une bougie parce que je n&rsquo;ai ni \u00e9lectricit\u00e9 ni batterie (&#8230;)\u00a0\u00bb. <\/p>\n<p class=\"lead \">\u00ab\u00a0Les enfants ne disent plus +je veux aller \u00e0 l&rsquo;\u00e9cole+, mais plut\u00f4t +je veux aller chercher de l&rsquo;eau ou des colis alimentaires+. Ils ont oubli\u00e9 leur \u00e9ducation. Ils ont m\u00eame oubli\u00e9 comment jouer.\u00a0\u00bb<\/p>\n<p class=\"lead \">L&rsquo;attaque du 7-Octobre a entra\u00een\u00e9 c\u00f4t\u00e9 isra\u00e9lien la mort de 1.221 personnes, en majorit\u00e9 des civils, selon un bilan \u00e9tabli par l&rsquo;AFP \u00e0 partir de donn\u00e9es officielles.  <\/p>\n<p class=\"lead \">L&rsquo;offensive isra\u00e9lienne men\u00e9e en repr\u00e9sailles a fait 68.519 morts \u00e0 Gaza, en majorit\u00e9 des civils, selon les chiffres du minist\u00e8re de la Sant\u00e9 du Hamas.<\/p>\n<p class=\"small font-weight-bold text-gray3 \"> publi\u00e9 le 26 octobre \u00e0 16h50, AFP<\/p>\n<p>                             Partager<\/p>\n","protected":false},"excerpt":{"rendered":"Le Premier ministre isra\u00e9lien Benjamin Netanyahu a affirm\u00e9 dimanche son droit de veto sur les membres de la&hellip;\n","protected":false},"author":2,"featured_media":491500,"comment_status":"","ping_status":"","sticky":false,"template":"","format":"standard","meta":{"footnotes":""},"categories":[5],"tags":[11,2120,4303,1011,27,14,3819,12,7621,3496,308,28],"class_list":{"0":"post-491499","1":"post","2":"type-post","3":"status-publish","4":"format-standard","5":"has-post-thumbnail","7":"category-international","8":"tag-actualites","9":"tag-conflit","10":"tag-egypte","11":"tag-fr","12":"tag-france","13":"tag-international","14":"tag-isral","15":"tag-news","16":"tag-palestiniens","17":"tag-turquie","18":"tag-usa","19":"tag-world"},"share_on_mastodon":{"url":"https:\/\/pubeurope.com\/@fr\/115441474211514915","error":""},"_links":{"self":[{"href":"https:\/\/www.europesays.com\/fr\/wp-json\/wp\/v2\/posts\/491499","targetHints":{"allow":["GET"]}}],"collection":[{"href":"https:\/\/www.europesays.com\/fr\/wp-json\/wp\/v2\/posts"}],"about":[{"href":"https:\/\/www.europesays.com\/fr\/wp-json\/wp\/v2\/types\/post"}],"author":[{"embeddable":true,"href":"https:\/\/www.europesays.com\/fr\/wp-json\/wp\/v2\/users\/2"}],"replies":[{"embeddable":true,"href":"https:\/\/www.europesays.com\/fr\/wp-json\/wp\/v2\/comments?post=491499"}],"version-history":[{"count":0,"href":"https:\/\/www.europesays.com\/fr\/wp-json\/wp\/v2\/posts\/491499\/revisions"}],"wp:featuredmedia":[{"embeddable":true,"href":"https:\/\/www.europesays.com\/fr\/wp-json\/wp\/v2\/media\/491500"}],"wp:attachment":[{"href":"https:\/\/www.europesays.com\/fr\/wp-json\/wp\/v2\/media?parent=491499"}],"wp:term":[{"taxonomy":"category","embeddable":true,"href":"https:\/\/www.europesays.com\/fr\/wp-json\/wp\/v2\/categories?post=491499"},{"taxonomy":"post_tag","embeddable":true,"href":"https:\/\/www.europesays.com\/fr\/wp-json\/wp\/v2\/tags?post=491499"}],"curies":[{"name":"wp","href":"https:\/\/api.w.org\/{rel}","templated":true}]}}