{"id":491509,"date":"2025-10-26T16:50:28","date_gmt":"2025-10-26T16:50:28","guid":{"rendered":"https:\/\/www.europesays.com\/fr\/491509\/"},"modified":"2025-10-26T16:50:28","modified_gmt":"2025-10-26T16:50:28","slug":"sous-sols-enfumes-un-depart-de-feu-a-lhotel-de-police-de-nancy","status":"publish","type":"post","link":"https:\/\/www.europesays.com\/fr\/491509\/","title":{"rendered":"Sous-sols enfum\u00e9s, un d\u00e9part de feu \u00e0 l\u2019h\u00f4tel de police de Nancy"},"content":{"rendered":"<p>        <strong>FAITS DIVERS. Un incendie s\u2019est d\u00e9clar\u00e9 ce dimanche vers 12h30 dans les sous-sols de l\u2019h\u00f4tel de police de Nancy.\u00a0L\u2019incident, rapidement ma\u00eetris\u00e9 par les pompiers, a n\u00e9cessit\u00e9 l\u2019\u00e9vacuation du b\u00e2timent, sans faire de bless\u00e9s.<\/strong><\/p>\n<p>Un d\u00e9part de feu d\u2019origine \u00e9lectrique s\u2019est produit ce dimanche 26 octobre, vers 12 h 30, dans les sous-sols de l\u2019h\u00f4tel de police de Nancy.\u00a0<\/p>\n<p>Les sapeurs-pompiers du centre de secours Rives-de-Meurthe sont intervenus rapidement, mobilisant deux fourgons d\u2019incendie, une \u00e9chelle et dix-sept hommes.\u00a0En raison d\u2019un important d\u00e9gagement de fum\u00e9e, le b\u00e2timent a \u00e9t\u00e9 \u00e9vacu\u00e9 par pr\u00e9caution.<\/p>\n<p>Les locaux en sous-sol, peu ventil\u00e9s, ont rendu les op\u00e9rations plus d\u00e9licates, sans pour autant entraver l\u2019extinction du feu, nous a pr\u00e9cis\u00e9 le capitaine Husson, officier des sapeurs-pompiers. Une ventilation du commissariat a ensuite \u00e9t\u00e9 effectu\u00e9e afin d\u2019\u00e9vacuer les fum\u00e9es. Les \u00e9quipes ont \u00e9galement proc\u00e9d\u00e9 \u00e0 des mesures de monoxyde de carbone.<\/p>\n<p>Aucune personne n\u2019a \u00e9t\u00e9 incommod\u00e9e par les fum\u00e9es et aucune prise en charge m\u00e9dicale n\u2019a \u00e9t\u00e9 n\u00e9cessaire, selon le m\u00eame officier.<\/p>\n<p>Pendant l\u2019intervention, l\u2019accueil du public a \u00e9t\u00e9 temporairement suspendu, sans impact sur la continuit\u00e9 du service. Les personnes gard\u00e9es \u00e0 vue ont \u00e9t\u00e9 transf\u00e9r\u00e9es vers d\u2019autres commissariats de l\u2019agglom\u00e9ration nanc\u00e9ienne. Le service de police-secours (17) est rest\u00e9 op\u00e9rationnel, assur\u00e9 depuis le Centre d\u2019information et de commandement (CIC), a ajout\u00e9 le charg\u00e9 de communication de la DIPN 54.<\/p>\n<p>Une fois l\u2019incendie totalement ma\u00eetris\u00e9 et les v\u00e9rifications termin\u00e9es, les locaux de l&rsquo;h\u00f4tel de police de Nancy devaient rouvrir progressivement au public.<\/p>\n<p>\t\t\t\t\t\t<a href=\"https:\/\/www.pinterest.com\/pin\/create\/button\/\" data-pin-do=\"buttonBookmark\" data-pin-color=\"red\" target=\"_blank\" rel=\"noopener\"><img decoding=\"async\" src=\"https:\/\/www.europesays.com\/fr\/wp-content\/uploads\/2025\/04\/pinit_fg_en_rect_red_20.png\" alt=\"Pin It\"\/><\/a><\/p>\n","protected":false},"excerpt":{"rendered":"FAITS DIVERS. Un incendie s\u2019est d\u00e9clar\u00e9 ce dimanche vers 12h30 dans les sous-sols de l\u2019h\u00f4tel de police de&hellip;\n","protected":false},"author":2,"featured_media":80324,"comment_status":"","ping_status":"","sticky":false,"template":"","format":"standard","meta":{"footnotes":""},"categories":[9635],"tags":[1111,11,1777,674,1011,27,775,1702,12,25],"class_list":{"0":"post-491509","1":"post","2":"type-post","3":"status-publish","4":"format-standard","5":"has-post-thumbnail","7":"category-nancy","8":"tag-actu","9":"tag-actualites","10":"tag-eu","11":"tag-europe","12":"tag-fr","13":"tag-france","14":"tag-grand-est","15":"tag-nancy","16":"tag-news","17":"tag-republique-francaise"},"share_on_mastodon":{"url":"https:\/\/pubeurope.com\/@fr\/115441502524588941","error":""},"_links":{"self":[{"href":"https:\/\/www.europesays.com\/fr\/wp-json\/wp\/v2\/posts\/491509","targetHints":{"allow":["GET"]}}],"collection":[{"href":"https:\/\/www.europesays.com\/fr\/wp-json\/wp\/v2\/posts"}],"about":[{"href":"https:\/\/www.europesays.com\/fr\/wp-json\/wp\/v2\/types\/post"}],"author":[{"embeddable":true,"href":"https:\/\/www.europesays.com\/fr\/wp-json\/wp\/v2\/users\/2"}],"replies":[{"embeddable":true,"href":"https:\/\/www.europesays.com\/fr\/wp-json\/wp\/v2\/comments?post=491509"}],"version-history":[{"count":0,"href":"https:\/\/www.europesays.com\/fr\/wp-json\/wp\/v2\/posts\/491509\/revisions"}],"wp:featuredmedia":[{"embeddable":true,"href":"https:\/\/www.europesays.com\/fr\/wp-json\/wp\/v2\/media\/80324"}],"wp:attachment":[{"href":"https:\/\/www.europesays.com\/fr\/wp-json\/wp\/v2\/media?parent=491509"}],"wp:term":[{"taxonomy":"category","embeddable":true,"href":"https:\/\/www.europesays.com\/fr\/wp-json\/wp\/v2\/categories?post=491509"},{"taxonomy":"post_tag","embeddable":true,"href":"https:\/\/www.europesays.com\/fr\/wp-json\/wp\/v2\/tags?post=491509"}],"curies":[{"name":"wp","href":"https:\/\/api.w.org\/{rel}","templated":true}]}}