{"id":491516,"date":"2025-10-26T16:55:09","date_gmt":"2025-10-26T16:55:09","guid":{"rendered":"https:\/\/www.europesays.com\/fr\/491516\/"},"modified":"2025-10-26T16:55:09","modified_gmt":"2025-10-26T16:55:09","slug":"explosion-mysterieuse-pont-guillaume-greve-chez-astuce-les-infos-de-la-semaine-a-rouen","status":"publish","type":"post","link":"https:\/\/www.europesays.com\/fr\/491516\/","title":{"rendered":"Explosion myst\u00e9rieuse, pont Guillaume, gr\u00e8ve chez Astuce&#8230; Les infos de la semaine \u00e0 Rouen"},"content":{"rendered":"<p>            Par<br \/>\n        <strong><br \/>\n            <a href=\"https:\/\/actu.fr\/auteur\/yann-rivallan\" title=\"Consulter tous les articles de Yann Rivallan\" rel=\"nofollow noopener\" target=\"_blank\">Yann Rivallan<\/a><br \/>\n        <\/strong><\/p>\n<p>        Publi\u00e9 le<\/p>\n<p>            26 oct. 2025 \u00e0 17h34        <\/p>\n<p>Nouvelle semaine charg\u00e9e en actualit\u00e9s \u00e0 <a href=\"https:\/\/actu.fr\/normandie\/rouen_76540\" rel=\"nofollow noopener\" target=\"_blank\">Rouen<\/a>. Que ce soit avec des faits divers, comme ces <strong>myst\u00e9rieuses explosions<\/strong> qui agitent la ville, ou encore la fin des travaux sur le <strong>pont Guillaume-le-Conqu\u00e9rant<\/strong>, il y a eu de quoi faire. Vous n\u2019avez pas pu tout suivre\u2009? On fait le point dans cet article, comme chaque semaine.<\/p>\n<p>Les informations de la semaine<\/p>\n<p class=\"expresso-item wall-content\"><a title=\"Lire l&#039;article\" href=\"https:\/\/actu.fr\/normandie\/rouen_76540\/rouen-on-en-sait-plus-sur-le-116-ce-grand-projet-immobilier-qui-veut-transformer-le-quartier-pasteur_63310237.html\" rel=\"nofollow noopener\" target=\"_blank\"><strong>Rouen. On en sait plus sur le 116, ce grand projet immobilier qui veut transformer le quartier Pasteur<\/strong><\/a><br \/>Le 116 est un projet immobilier qui doit voir le jour dans les quartiers ouest de Rouen. Au total, il pr\u00e9voit un total de 250 logements, dont une r\u00e9sidence \u00e9tudiante et une senior.<\/p>\n<p class=\"expresso-item wall-content\"><a title=\"Lire l&#039;article\" href=\"https:\/\/actu.fr\/normandie\/rouen_76540\/ils-l-enlevent-en-pleine-rue-et-le-rouent-de-coups-pour-une-dette-quatre-hommes-condamnes-a-rouen_63322276.html\" rel=\"nofollow noopener\" target=\"_blank\"><strong>Ils l\u2019enl\u00e8vent en pleine rue et le rouent de coups pour une dette\u2009: quatre hommes condamn\u00e9s \u00e0 Rouen<\/strong><\/a><br \/>Quatre hommes ont \u00e9t\u00e9 jug\u00e9s par le tribunal de Rouen (Seine-Maritime) pour avoir men\u00e9 une exp\u00e9dition punitive contre un homme \u00e0 Barentin au mois d\u2019ao\u00fbt\u00a02025.<\/p>\n<p class=\"expresso-item wall-content\"><a title=\"Lire l&#039;article\" href=\"https:\/\/actu.fr\/normandie\/rouen_76540\/faut-il-fermer-les-volieres-du-jardin-des-plantes-a-rouen-une-asso-saisit-la-justice_63324943.html\" rel=\"nofollow noopener\" target=\"_blank\"><strong>Faut-il fermer les voli\u00e8res du Jardin des plantes \u00e0 Rouen\u2009? Une asso saisit la justice<\/strong><\/a><br \/>La\u00a0Paz, une association de d\u00e9fense des animaux, est en col\u00e8re contre la municipalit\u00e9 de Rouen. Elle r\u00e9clame la fermeture des voli\u00e8res du Jardin des plantes.<\/p>\n<p class=\"expresso-item wall-content\"><a title=\"Lire l&#039;article\" href=\"https:\/\/actu.fr\/normandie\/rouen_76540\/greve-dans-les-transports-a-rouen-des-perturbations-annoncees-pour-le-debut-de-la-foire-saint-romain_63328280.html\" rel=\"nofollow noopener\" target=\"_blank\"><strong>Gr\u00e8ve dans les transports \u00e0 Rouen\u2009: des perturbations annonc\u00e9es pour le d\u00e9but de la foire Saint-Romain<\/strong><\/a><br \/>Le pr\u00e9avis de gr\u00e8ve d\u00e9pos\u00e9 par la CGT du R\u00e9seau Astuce d\u00e9marre ce samedi 25\u00a0octobre 2025. Des perturbations sont annonc\u00e9es pour le premier week-end de la foire \u00e0 Rouen.<\/p>\n<p class=\"expresso-item wall-content\"><a title=\"Lire l&#039;article\" href=\"https:\/\/actu.fr\/normandie\/rouen_76540\/deux-ans-apres-un-accident-avec-une-grue-ce-pont-de-rouen-va-rouvrir-completement-a-la-circulation_63330114.html\" rel=\"nofollow noopener\" target=\"_blank\"><strong>Deux ans apr\u00e8s un accident avec une grue, ce pont de Rouen va rouvrir compl\u00e8tement \u00e0 la circulation<\/strong><\/a><br \/>Le pont Guillaume-le-Conqu\u00e9rant de Rouen va rouvrir compl\u00e8tement \u00e0 la circulation fin novembre. Une partie du pont \u00e9tait ferm\u00e9e depuis deux ans \u00e0 cause d\u2019un accident avec une grue.<\/p>\n<p class=\"expresso-item wall-content\"><a title=\"Lire l&#039;article\" href=\"https:\/\/actu.fr\/normandie\/rouen_76540\/info-76actu-une-nouvelle-explosion-mysterieuse-fait-deux-blesses-a-rouen-ca-commence-a-faire-peur_63333000.html\" rel=\"nofollow noopener\" target=\"_blank\"><strong>INFO 76ACTU. Une nouvelle explosion myst\u00e9rieuse fait deux bless\u00e9s \u00e0 Rouen\u2009: \u00ab\u2009\u00c7a commence \u00e0 faire peur\u2009\u00bb<\/strong><\/a><br \/>Une nouvelle explosion est survenue en centre-ville de Rouen, dans la soir\u00e9e du mardi 21\u00a0octobre 2025. Deux personnes ont \u00e9t\u00e9 bless\u00e9es et transport\u00e9es \u00e0 l\u2019h\u00f4pital.<\/p>\n<p class=\"expresso-item wall-content\"><a title=\"Lire l&#039;article\" href=\"https:\/\/actu.fr\/normandie\/rouen_76540\/tourmente-a-emergences-les-salaries-ont-peur-et-vont-se-mettre-en-greve_63335647.html\" rel=\"nofollow noopener\" target=\"_blank\"><strong>Tourmente \u00e0 \u00c9mergences\u2009: \u00ab\u2009les salari\u00e9s ont peur\u2009\u00bb et vont se mettre en gr\u00e8ve<\/strong><\/a><br \/>L\u2019association \u00c9mergences de Rouen, plac\u00e9e en redressement judiciaire en mars\u00a02025, est dans une situation d\u00e9licate. Des salari\u00e9s seront en gr\u00e8ves ce jeudi 23\u00a0octobre 2025.<\/p>\n<p class=\"expresso-item wall-content\"><a title=\"Lire l&#039;article\" href=\"https:\/\/actu.fr\/normandie\/rouen_76540\/a-rouen-le-restaurant-inclusif-le-xxi-lance-un-appel-a-l-aide-on-nous-a-un-peu-oublies_63337099.html\" rel=\"nofollow noopener\" target=\"_blank\"><strong>\u00c0 Rouen, le restaurant inclusif le XXI lance un appel \u00e0 l\u2019aide\u2009: \u00ab\u2009On nous a un peu oubli\u00e9s\u2009\u00bb<\/strong><\/a><br \/>\u00c0 Rouen (Seine-Maritime), le XXI, restaurant inclusif de la rue aux Ours, est en proie \u00e0 des difficult\u00e9s financi\u00e8res. Pour sa survie, 20\u2009000\u00a0euros sont recherch\u00e9s.\u00a0T\u00e9moignages.<\/p>\n<p>Bon \u00e0 savoir \u00e0 Rouen<\/p>\n<p class=\"expresso-item wall-content\"><a title=\"Lire l&#039;article\" href=\"https:\/\/actu.fr\/normandie\/rouen_76540\/decouvrez-jaja-le-bar-a-vin-qui-remplace-le-p-tit-verdot-a-rouen_63325669.html\" rel=\"nofollow noopener\" target=\"_blank\"><strong>D\u00e9couvrez Jaja, le bar \u00e0 vin qui remplace Le P\u2019tit Verdot \u00e0 Rouen<\/strong><\/a><br \/>Un nouveau bar \u00e0 vin s\u2019appr\u00eate \u00e0 ouvrir ses portes ce 22\u00a0octobre 2025 \u00e0 Rouen. Il s\u2019agit de Jaja, qui prend la place du P\u2019tit Verdot. On vous le pr\u00e9sente.<\/p>\n<p class=\"expresso-item wall-content\"><a title=\"Lire l&#039;article\" href=\"https:\/\/actu.fr\/normandie\/rouen_76540\/comment-se-porte-le-commerce-rue-jeanne-d-arc-a-rouen-probablement-l-une-des-rues-qui-changera-le-plus_63309807.html\" rel=\"nofollow noopener\" target=\"_blank\"><strong>Comment se porte le commerce rue Jeanne-d\u2019Arc \u00e0 Rouen\u2009? \u00ab\u2009Probablement l\u2019une des rues qui changera le plus\u2009\u00bb<\/strong><\/a><br \/>Art\u00e8re du c\u0153ur de Rouen (Seine-Maritime), la rue Jeanne-d\u2019Arc comprend de nombreuses banques, agences immobili\u00e8res, assurances\u2026 mais pas que.<\/p>\n<p class=\"expresso-item wall-content\"><a title=\"Lire l&#039;article\" href=\"https:\/\/actu.fr\/normandie\/rouen_76540\/cet-appartement-a-l-histoire-insolite-est-en-vente-a-rouen-guy-de-maupassant-y-a-vecu_63330525.html\" rel=\"nofollow noopener\" target=\"_blank\"><strong>Cet appartement \u00e0 l\u2019histoire insolite est en vente \u00e0 Rouen\u2009: \u00ab\u2009Guy de Maupassant y a v\u00e9cu\u2009\u00bb<\/strong><\/a><br \/>Un appartement de luxe est \u00e0 vendre en plein centre pi\u00e9ton de Rouen. Sa particularit\u00e9\u2009? Il a connu une riche histoire et a m\u00eame accueilli Guy de Maupassant. D\u00e9tails.<\/p>\n<p class=\"expresso-item wall-content\"><a title=\"Lire l&#039;article\" href=\"https:\/\/actu.fr\/normandie\/rouen_76540\/une-enseigne-de-parfumerie-bien-connue-remplace-mad-vintage-dans-le-centre-ville-de-rouen_63344930.html\" rel=\"nofollow noopener\" target=\"_blank\"><strong>Une enseigne de parfumerie bien connue remplace Mad Vintage dans le centre-ville de Rouen<\/strong><\/a><br \/>Une enseigne de parfumerie bien connue va s\u2019installer dans le centre-ville de Rouen, quelques semaines apr\u00e8s la fermeture de la friperie Mad Vintage. Voici ce qu\u2019il faut savoir.<\/p>\n<p class=\"expresso-item wall-content\"><a title=\"Lire l&#039;article\" href=\"https:\/\/actu.fr\/normandie\/rouen_76540\/ou-manger-les-meilleures-frites-a-rouen-notre-critique-culinaire-donne-son-top-3_62923534.html\" rel=\"nofollow noopener\" target=\"_blank\"><strong>O\u00f9 trouver les meilleures frites \u00e0 Rouen\u2009? Voici le top\u00a03 de notre critique culinaire<\/strong><\/a><br \/>Nous avons demand\u00e9 \u00e0 notre critique culinaire de d\u00e9signer son top\u00a03 des meilleures frites \u00e0 d\u00e9guster \u00e0 Rouen (Seine-Maritime). Une mission pas facile\u2009!, mais voici son top\u00a03.<\/p>\n<p class=\" wall-content\">Personnalisez votre actualit\u00e9 en ajoutant vos villes et m\u00e9dias en favori avec <a href=\"https:\/\/moncompte.actu.fr\" title=\"D\u00e9couvez Mon Actu\" rel=\"nofollow noopener\" data-trk=\"{&quot;cta&quot;:{&quot;action&quot;:&quot;https:\\\/\\\/moncompte.actu.fr&quot;,&quot;category&quot;:&quot;mon compte&quot;,&quot;from&quot;:&quot;article footer&quot;,&quot;name&quot;:&quot;Mon actu&quot;,&quot;type&quot;:&quot;cta&quot;}}\" target=\"_blank\">Mon Actu<\/a>.<\/p>\n","protected":false},"excerpt":{"rendered":"Par Yann Rivallan Publi\u00e9 le 26 oct. 2025 \u00e0 17h34 Nouvelle semaine charg\u00e9e en actualit\u00e9s \u00e0 Rouen. Que&hellip;\n","protected":false},"author":2,"featured_media":491517,"comment_status":"","ping_status":"","sticky":false,"template":"","format":"standard","meta":{"footnotes":""},"categories":[9587],"tags":[1111,11,9086,1777,674,1011,27,12,5161,25,9590,104],"class_list":{"0":"post-491516","1":"post","2":"type-post","3":"status-publish","4":"format-standard","5":"has-post-thumbnail","7":"category-rouen","8":"tag-actu","9":"tag-actualites","10":"tag-bon-plan-a-rouen","11":"tag-eu","12":"tag-europe","13":"tag-fr","14":"tag-france","15":"tag-news","16":"tag-normandie","17":"tag-republique-francaise","18":"tag-rouen","19":"tag-societe"},"share_on_mastodon":{"url":"https:\/\/pubeurope.com\/@fr\/115441521308814319","error":""},"_links":{"self":[{"href":"https:\/\/www.europesays.com\/fr\/wp-json\/wp\/v2\/posts\/491516","targetHints":{"allow":["GET"]}}],"collection":[{"href":"https:\/\/www.europesays.com\/fr\/wp-json\/wp\/v2\/posts"}],"about":[{"href":"https:\/\/www.europesays.com\/fr\/wp-json\/wp\/v2\/types\/post"}],"author":[{"embeddable":true,"href":"https:\/\/www.europesays.com\/fr\/wp-json\/wp\/v2\/users\/2"}],"replies":[{"embeddable":true,"href":"https:\/\/www.europesays.com\/fr\/wp-json\/wp\/v2\/comments?post=491516"}],"version-history":[{"count":0,"href":"https:\/\/www.europesays.com\/fr\/wp-json\/wp\/v2\/posts\/491516\/revisions"}],"wp:featuredmedia":[{"embeddable":true,"href":"https:\/\/www.europesays.com\/fr\/wp-json\/wp\/v2\/media\/491517"}],"wp:attachment":[{"href":"https:\/\/www.europesays.com\/fr\/wp-json\/wp\/v2\/media?parent=491516"}],"wp:term":[{"taxonomy":"category","embeddable":true,"href":"https:\/\/www.europesays.com\/fr\/wp-json\/wp\/v2\/categories?post=491516"},{"taxonomy":"post_tag","embeddable":true,"href":"https:\/\/www.europesays.com\/fr\/wp-json\/wp\/v2\/tags?post=491516"}],"curies":[{"name":"wp","href":"https:\/\/api.w.org\/{rel}","templated":true}]}}