{"id":491519,"date":"2025-10-26T16:58:24","date_gmt":"2025-10-26T16:58:24","guid":{"rendered":"https:\/\/www.europesays.com\/fr\/491519\/"},"modified":"2025-10-26T16:58:24","modified_gmt":"2025-10-26T16:58:24","slug":"les-emotions-partagees-en-foret","status":"publish","type":"post","link":"https:\/\/www.europesays.com\/fr\/491519\/","title":{"rendered":"les \u00e9motions partag\u00e9es en for\u00eat"},"content":{"rendered":"<p>En parall\u00e8le du festival des Forestivit\u00e9s, l\u2019espace Malraux &#8211; La Base accueille dans son entr\u00e9e l\u2019exposition \u201cEntre les branches, \u00e0 l\u2019aff\u00fbt des \u00e9motions partag\u00e9es en for\u00eat\u201d r\u00e9alis\u00e9e par le parc naturel r\u00e9gional du massif des Bauges. Cette exposition propose diff\u00e9rents tableaux pour approcher la for\u00eat dans ses diff\u00e9rentes dimensions\u00a0: le travail du bois, le bien-\u00eatre en for\u00eat, la for\u00eat comme ressource avec ses tr\u00e9sors, l\u2019immersion sensorielle en for\u00eat, et la for\u00eat comme terrain de jeu. Des usagers d\u00e9voilent les liens uniques qu\u2019ils entretiennent avec la for\u00eat, pour trouver un \u00e9quilibre entre usages et respect de ce patrimoine naturel commun. Cette exposition est accessible \u00e0 tous avec des lectures et des espaces de manipulations et de jeux.<\/p>\n<p class=\"note\">Exposition. Jusqu\u2019au 8\u00a0novembre \u00e0 l\u2019espace Malraux &#8211; La Base. Le mardi, mercredi, jeudi et vendredi de 9\u00a0h \u00e0 18\u00a0h. Le samedi de 14\u00a0h \u00e0 18\u00a0h. Entr\u00e9e libre.<\/p>\n","protected":false},"excerpt":{"rendered":"En parall\u00e8le du festival des Forestivit\u00e9s, l\u2019espace Malraux &#8211; La Base accueille dans son entr\u00e9e l\u2019exposition \u201cEntre les&hellip;\n","protected":false},"author":2,"featured_media":491520,"comment_status":"","ping_status":"","sticky":false,"template":"","format":"standard","meta":{"footnotes":""},"categories":[9566],"tags":[1111,11,2430,5509,12844,1687,7001,1777,674,2271,1011,27,2731,12,25],"class_list":{"0":"post-491519","1":"post","2":"type-post","3":"status-publish","4":"format-standard","5":"has-post-thumbnail","7":"category-grenoble","8":"tag-actu","9":"tag-actualites","10":"tag-auvergne-rhone-alpes","11":"tag-chambery","12":"tag-chambery-bassin","13":"tag-culture-loisirs","14":"tag-edition-chambery-aix-les-bains","15":"tag-eu","16":"tag-europe","17":"tag-exposition-arts-plastiques","18":"tag-fr","19":"tag-france","20":"tag-grenoble","21":"tag-news","22":"tag-republique-francaise"},"share_on_mastodon":{"url":"https:\/\/pubeurope.com\/@fr\/115441533275071938","error":""},"_links":{"self":[{"href":"https:\/\/www.europesays.com\/fr\/wp-json\/wp\/v2\/posts\/491519","targetHints":{"allow":["GET"]}}],"collection":[{"href":"https:\/\/www.europesays.com\/fr\/wp-json\/wp\/v2\/posts"}],"about":[{"href":"https:\/\/www.europesays.com\/fr\/wp-json\/wp\/v2\/types\/post"}],"author":[{"embeddable":true,"href":"https:\/\/www.europesays.com\/fr\/wp-json\/wp\/v2\/users\/2"}],"replies":[{"embeddable":true,"href":"https:\/\/www.europesays.com\/fr\/wp-json\/wp\/v2\/comments?post=491519"}],"version-history":[{"count":0,"href":"https:\/\/www.europesays.com\/fr\/wp-json\/wp\/v2\/posts\/491519\/revisions"}],"wp:featuredmedia":[{"embeddable":true,"href":"https:\/\/www.europesays.com\/fr\/wp-json\/wp\/v2\/media\/491520"}],"wp:attachment":[{"href":"https:\/\/www.europesays.com\/fr\/wp-json\/wp\/v2\/media?parent=491519"}],"wp:term":[{"taxonomy":"category","embeddable":true,"href":"https:\/\/www.europesays.com\/fr\/wp-json\/wp\/v2\/categories?post=491519"},{"taxonomy":"post_tag","embeddable":true,"href":"https:\/\/www.europesays.com\/fr\/wp-json\/wp\/v2\/tags?post=491519"}],"curies":[{"name":"wp","href":"https:\/\/api.w.org\/{rel}","templated":true}]}}