{"id":491521,"date":"2025-10-26T16:59:12","date_gmt":"2025-10-26T16:59:12","guid":{"rendered":"https:\/\/www.europesays.com\/fr\/491521\/"},"modified":"2025-10-26T16:59:12","modified_gmt":"2025-10-26T16:59:12","slug":"notre-boulot-cest-de-redonner-confiance-a-grenoble-le-quartier-populaire-de-la-villeneuve-repond-a-la-stigmatisation-par-lautogestion","status":"publish","type":"post","link":"https:\/\/www.europesays.com\/fr\/491521\/","title":{"rendered":"\u00ab\u00a0Notre boulot, c\u2019est de redonner confiance\u00a0\u00bb : \u00e0 Grenoble, le quartier populaire de la Villeneuve r\u00e9pond \u00e0 la stigmatisation par l\u2019autogestion"},"content":{"rendered":"<p>Grenoble (Is\u00e8re), envoy\u00e9 sp\u00e9cial.<\/p>\n<p>\u00c0 l\u2019en croire, la Villeneuve c\u2019est avant tout une histoire de disparitions. D\u2019un id\u00e9al, d\u2019opportunit\u00e9s, de personnes. Sur la place des G\u00e9ants, o\u00f9 sommeillent d\u2019imposantes statues qui lui ont donn\u00e9 ce nom, Alain Manac\u2019h, 77\u00a0ans, retrace de dr\u00f4les de vies entrem\u00eal\u00e9es. La sienne, celle d\u2019un homme de th\u00e9\u00e2tre longtemps baroudeur et engag\u00e9 aupr\u00e8s des luttes ouvri\u00e8res. Et celle de son quartier du sud <a href=\"https:\/\/www.humanite.fr\/societe\/grenade\/douze-blesses-possible-presence-dune-kalachnikov-ce-que-lon-sait-de-lattaque-a-la-grenade-dun-bar-a-grenoble\" target=\"_blank\" rel=\"noopener\">de Grenoble<\/a> (Is\u00e8re), rejoint par amour un beau jour de 1983. \u00ab\u00a0Vivre ici, c\u2019\u00e9tait rejoindre une utopie. Mais une utopie qui a bien v\u00e9cu.\u00a0\u00bb<\/p>\n<p>Ici, il a tout connu. Le meilleur et son d\u00e9litement. L\u2019id\u00e9alisme des premiers temps, entre mixit\u00e9 sociale et autogestion soutenue par les pouvoirs publics. Une p\u00e9riode qu\u2019il aime raconter \u00e0 travers les \u00ab\u00a0repas de coursives\u00a0\u00bb qui animaient les \u00e9tages plusieurs fois par an. Mais aussi le lent d\u00e9sinvestissement de l\u2019\u00c9tat et son lot de d\u00e9parts, de personnes comme de lieux de vie. \u00ab\u00a0Il y avait neuf commerces ici au d\u00e9but des ann\u00e9es 1990, fulmine-t-il. Une boulangerie, un caf\u00e9, une boucherie, un coiffeur, une pharmacie\u2026 M\u00eame un toiletteur pour chiens\u00a0! Aujourd\u2019hui, il n\u2019y a plus qu\u2019une seule boulangerie pour 12\u00a0000\u00a0habitants.\u00a0\u00bb<\/p>\n<p>Sans oublier les drames. Les meurtres de K\u00e9vin Noubissi et Sofiane Tadbirt, en 2012, pour une histoire d\u2019amourettes et de mauvais regards. \u00ab\u00a0Des jeunes du quartier lynch\u00e9s par d\u2019autres jeunes du quartier\u00a0\u00bb, souffle-t-il, encore \u00e9mu. Mais aussi les violences urbaines, deux ans plus t\u00f4t, \u00e0 la suite de la mort de Karim&#8230;<\/p>\n","protected":false},"excerpt":{"rendered":"Grenoble (Is\u00e8re), envoy\u00e9 sp\u00e9cial. \u00c0 l\u2019en croire, la Villeneuve c\u2019est avant tout une histoire de disparitions. D\u2019un id\u00e9al,&hellip;\n","protected":false},"author":2,"featured_media":491522,"comment_status":"","ping_status":"","sticky":false,"template":"","format":"standard","meta":{"footnotes":""},"categories":[9566],"tags":[1111,11,2430,61427,1777,674,1011,27,2731,46695,61429,12,25,61428,61184],"class_list":{"0":"post-491521","1":"post","2":"type-post","3":"status-publish","4":"format-standard","5":"has-post-thumbnail","7":"category-grenoble","8":"tag-actu","9":"tag-actualites","10":"tag-auvergne-rhone-alpes","11":"tag-banlieue-et-quartiers-populaires","12":"tag-eu","13":"tag-europe","14":"tag-fr","15":"tag-france","16":"tag-grenoble","17":"tag-isu00e8re","18":"tag-jeunes-de-banlieue","19":"tag-news","20":"tag-republique-francaise","21":"tag-u00e9meutes-urbaines","22":"tag-zyed-et-bouna"},"share_on_mastodon":{"url":"https:\/\/pubeurope.com\/@fr\/115441537071439568","error":""},"_links":{"self":[{"href":"https:\/\/www.europesays.com\/fr\/wp-json\/wp\/v2\/posts\/491521","targetHints":{"allow":["GET"]}}],"collection":[{"href":"https:\/\/www.europesays.com\/fr\/wp-json\/wp\/v2\/posts"}],"about":[{"href":"https:\/\/www.europesays.com\/fr\/wp-json\/wp\/v2\/types\/post"}],"author":[{"embeddable":true,"href":"https:\/\/www.europesays.com\/fr\/wp-json\/wp\/v2\/users\/2"}],"replies":[{"embeddable":true,"href":"https:\/\/www.europesays.com\/fr\/wp-json\/wp\/v2\/comments?post=491521"}],"version-history":[{"count":0,"href":"https:\/\/www.europesays.com\/fr\/wp-json\/wp\/v2\/posts\/491521\/revisions"}],"wp:featuredmedia":[{"embeddable":true,"href":"https:\/\/www.europesays.com\/fr\/wp-json\/wp\/v2\/media\/491522"}],"wp:attachment":[{"href":"https:\/\/www.europesays.com\/fr\/wp-json\/wp\/v2\/media?parent=491521"}],"wp:term":[{"taxonomy":"category","embeddable":true,"href":"https:\/\/www.europesays.com\/fr\/wp-json\/wp\/v2\/categories?post=491521"},{"taxonomy":"post_tag","embeddable":true,"href":"https:\/\/www.europesays.com\/fr\/wp-json\/wp\/v2\/tags?post=491521"}],"curies":[{"name":"wp","href":"https:\/\/api.w.org\/{rel}","templated":true}]}}