{"id":491527,"date":"2025-10-26T17:05:15","date_gmt":"2025-10-26T17:05:15","guid":{"rendered":"https:\/\/www.europesays.com\/fr\/491527\/"},"modified":"2025-10-26T17:05:15","modified_gmt":"2025-10-26T17:05:15","slug":"en-direct-ol-strasbourg-lyon-dos-au-mur-avant-de-defier-un-seduisant-racing-suivez-le-final-de-cette-9e-journee-de-ligue-1-avec-nous","status":"publish","type":"post","link":"https:\/\/www.europesays.com\/fr\/491527\/","title":{"rendered":"EN DIRECT OL &#8211; Strasbourg\u00a0: Lyon dos au mur avant de d\u00e9fier un s\u00e9duisant Racing\u2026 Suivez le final de cette 9e journ\u00e9e de Ligue 1 avec nous\u2026"},"content":{"rendered":"<p>Hello \u00e0 tous les Moreirix\u00a0!<\/p>\n<p>Salut tout le monde, qui aurait pu imaginer, parmi les suiveurs acharn\u00e9s de l\u2019<a href=\"https:\/\/www.20minutes.fr\/sport\/ol\/\" class=\"c-link c-link--is-underlined\" target=\"_blank\" rel=\"noopener\">OL<\/a>, que l\u2019ex-brouillon attaquant lyonnais Diego Moreira (fin\u00a02023) devienne l\u2019un des pistons les plus d\u00e9routants de <a href=\"https:\/\/www.20minutes.fr\/sport\/ligue-1\/\" class=\"c-link c-link--is-underlined\" target=\"_blank\" rel=\"noopener\">Ligue 1<\/a>, le tout avec une \u00e9quipe \u00e0 la lutte pour les places europ\u00e9ennes\u00a0? Et oui, c\u2019est l\u2019une des grandes r\u00e9ussites de ce <a href=\"https:\/\/www.20minutes.fr\/sport\/rc_strasbourg\/\" class=\"c-link c-link--is-underlined\" target=\"_blank\" rel=\"noopener\">RC Strasbourg<\/a> version BlueCo, au m\u00eame titre que le coach anglais Liam Rosenior et une tripot\u00e9e de jeunes talents recrut\u00e9s dans ces conditions de copropri\u00e9t\u00e9 si favorables aupr\u00e8s du big bro <a href=\"https:\/\/www.20minutes.fr\/sport\/chelsea\/\" class=\"c-link c-link--is-underlined\" target=\"_blank\" rel=\"noopener\">Chelsea<\/a>.<\/p>\n<p>En face, l\u2019Olympique Lyonnais est clairement dans le creux de la vague, avec deux surprenantes d\u00e9faites contre le cours du jeu en championnat face \u00e0 Toulouse (1-2) puis \u00e0 Nice (3-2). De quoi enrayer la belle dynamique estivale avec Paulo Fonseca et un groupe limit\u00e9 en nombre, mais en mission\u00a0?<\/p>\n<p>Ou alors ce troisi\u00e8me succ\u00e8s de rang en Ligue Europa, jeudi contre le FC B\u00e2le (2-0), a-t-il eu pour effet de lever les doutes du moment\u00a0? Ce rendez-vous de cl\u00f4ture de la 9e journ\u00e9e de Ligue 1 pourrait nous donner une vraie tendance, et on va vous le faire vivre depuis le Parc OL.<\/p>\n<p>&gt;&gt; Retrouvez-nous d\u00e8s 20h15 pour l\u2019avant-match, avant un coup d\u2019envoi \u00e0 20h45. A tout vite pour ce match s\u2019annon\u00e7ant spectaculaire.<\/p>\n","protected":false},"excerpt":{"rendered":"Hello \u00e0 tous les Moreirix\u00a0! Salut tout le monde, qui aurait pu imaginer, parmi les suiveurs acharn\u00e9s de&hellip;\n","protected":false},"author":2,"featured_media":491528,"comment_status":"","ping_status":"","sticky":false,"template":"","format":"standard","meta":{"footnotes":""},"categories":[2820],"tags":[1111,11,2389,2430,2649,1777,674,63,1011,27,775,66,2428,12,2853,4448,25,2429,2431,517,640],"class_list":{"0":"post-491527","1":"post","2":"type-post","3":"status-publish","4":"format-standard","5":"has-post-thumbnail","7":"category-strasbourg","8":"tag-actu","9":"tag-actualites","10":"tag-alsace","11":"tag-auvergne-rhone-alpes","12":"tag-bas-rhin","13":"tag-eu","14":"tag-europe","15":"tag-football","16":"tag-fr","17":"tag-france","18":"tag-grand-est","19":"tag-ligue-1","20":"tag-lyon","21":"tag-news","22":"tag-olympique-lyonnais-ol","23":"tag-rc-strasbourg","24":"tag-republique-francaise","25":"tag-rhone","26":"tag-rhone-alpes","27":"tag-sport","28":"tag-strasbourg"},"share_on_mastodon":{"url":"https:\/\/pubeurope.com\/@fr\/115441560766134939","error":""},"_links":{"self":[{"href":"https:\/\/www.europesays.com\/fr\/wp-json\/wp\/v2\/posts\/491527","targetHints":{"allow":["GET"]}}],"collection":[{"href":"https:\/\/www.europesays.com\/fr\/wp-json\/wp\/v2\/posts"}],"about":[{"href":"https:\/\/www.europesays.com\/fr\/wp-json\/wp\/v2\/types\/post"}],"author":[{"embeddable":true,"href":"https:\/\/www.europesays.com\/fr\/wp-json\/wp\/v2\/users\/2"}],"replies":[{"embeddable":true,"href":"https:\/\/www.europesays.com\/fr\/wp-json\/wp\/v2\/comments?post=491527"}],"version-history":[{"count":0,"href":"https:\/\/www.europesays.com\/fr\/wp-json\/wp\/v2\/posts\/491527\/revisions"}],"wp:featuredmedia":[{"embeddable":true,"href":"https:\/\/www.europesays.com\/fr\/wp-json\/wp\/v2\/media\/491528"}],"wp:attachment":[{"href":"https:\/\/www.europesays.com\/fr\/wp-json\/wp\/v2\/media?parent=491527"}],"wp:term":[{"taxonomy":"category","embeddable":true,"href":"https:\/\/www.europesays.com\/fr\/wp-json\/wp\/v2\/categories?post=491527"},{"taxonomy":"post_tag","embeddable":true,"href":"https:\/\/www.europesays.com\/fr\/wp-json\/wp\/v2\/tags?post=491527"}],"curies":[{"name":"wp","href":"https:\/\/api.w.org\/{rel}","templated":true}]}}