{"id":491533,"date":"2025-10-26T17:11:00","date_gmt":"2025-10-26T17:11:00","guid":{"rendered":"https:\/\/www.europesays.com\/fr\/491533\/"},"modified":"2025-10-26T17:11:00","modified_gmt":"2025-10-26T17:11:00","slug":"la-loire-atlantique-placee-en-vigilance-pour-la-tempete-benjamin","status":"publish","type":"post","link":"https:\/\/www.europesays.com\/fr\/491533\/","title":{"rendered":"la Loire-Atlantique plac\u00e9e en vigilance pour la temp\u00eate Benjamin"},"content":{"rendered":"<p>            Par<br \/>\n        <strong><br \/>\n            <a href=\"https:\/\/actu.fr\/auteur\/clemence-pays02-actu-fr\" title=\"Consulter tous les articles de Cl\u00e9mence Pays\" target=\"_blank\" rel=\"noopener\">Cl\u00e9mence Pays<\/a><br \/>\n        <\/strong><\/p>\n<p>        Publi\u00e9 le<\/p>\n<p>            23 oct. 2025 \u00e0 5h52        <\/p>\n<p><a href=\"https:\/\/actu.fr\/meteo\/rafales-de-vent-a-90-km-h-et-orages-la-loire-atlantique-placee-en-vigilance-par-meteo-france_63331277.html\" target=\"_blank\" rel=\"noopener\">D\u00e9j\u00e0 plac\u00e9e en vigilance<\/a>, ce mercredi 22\u00a0octobre 2025, la <a href=\"https:\/\/actu.fr\/pays-de-la-loire\/loire-atlantique_44\" target=\"_blank\" rel=\"noopener\">Loire-Atlantique<\/a> voit son <strong>niveau d\u2019alerte maintenu<\/strong> une journ\u00e9e suppl\u00e9mentaire Ainsi, le d\u00e9partement reste en <strong>vigilance jaune vent, jusqu\u2019\u00e0 20\u2009h jeudi 23\u00a0octobre.<\/strong> La <strong>vigilance jaune<\/strong> est \u00e9galement activ\u00e9e pour les<strong> orages, de 5\u2009h \u00e0 13\u2009h,<\/strong> et pour <strong>vagues-submersion de 4\u2009h \u00e0 20\u2009h.<\/strong><\/p>\n<p class=\" wall-content\">M\u00e9t\u00e9o France indique que de \u00ab<strong>\u2009violentes rafales<\/strong> et fortes vagues associ\u00e9es sur la fa\u00e7ade atlantique et le littoral de la Manche\u2009\u00bb sont \u00e0 pr\u00e9voir, en raison du passage de <a href=\"https:\/\/actu.fr\/meteo\/tempete-benjamin-presque-toute-la-france-en-vigilance-vent-ce-jeudi-des-rafales-jusqu-a-140-km-h-attendus_63334231.html\" target=\"_blank\" rel=\"noopener\">la temp\u00eate Benjamin<\/a>.<\/p>\n<p class=\" wall-content\">\n<p>Les pr\u00e9visions m\u00e9t\u00e9o<\/p>\n<p class=\" wall-content\">\u00c0 <a href=\"https:\/\/actu.fr\/nantes\/\" target=\"_blank\" rel=\"noopener\">Nantes<\/a>, M\u00e9t\u00e9o France pr\u00e9voit des rafales<strong> jusqu\u2019\u00e0 95\u00a0km\/h,<\/strong> jeudi matin. Le vent restera fort en apr\u00e8s-midi (80\u00a0km\/h) avant de faiblir en soir\u00e9e (55\u00a0km\/h). Il sera accompagn\u00e9 d\u2019averses orageuses toute la journ\u00e9e. C\u00f4t\u00e9 temp\u00e9ratures, il fera <strong>entre 10 et 14\u00a0\u00b0C.<\/strong><\/p>\n<p class=\" wall-content\">\u00c0 <a href=\"https:\/\/actu.fr\/l-eclaireur-de-chateaubriant\/\" target=\"_blank\" rel=\"noopener\">Ch\u00e2teaubriant<\/a> et <a href=\"https:\/\/actu.fr\/pays-de-la-loire\/ancenis-saint-gereon_44003\" target=\"_blank\" rel=\"noopener\">Ancenis<\/a>, la m\u00e9t\u00e9o sera semblable \u00e0 celle de la cit\u00e9 des ducs de Bretagne, avec un vent l\u00e9g\u00e8rement moins fort (entre 45 et 80\u00a0km\/h).<\/p>\n<p class=\" wall-content\">Au sud du d\u00e9partement, comme \u00e0 <a href=\"https:\/\/actu.fr\/l-hebdo-de-sevre-et-maine\/\" target=\"_blank\" rel=\"noopener\">Clisson<\/a>, le<strong> soleil<\/strong> devrait pointer le bout de son nez malgr\u00e9 la temp\u00eate. Selon M\u00e9t\u00e9o France, les <strong>averses orageuses<\/strong> du matin laisseront la place \u00e0 des \u00e9claircies l\u2019apr\u00e8s-midi, avant le retour de la pluie en soir\u00e9e. L\u00e0 encore, le vent sera bien pr\u00e9sent avec des<strong> rafales entre 50 et 85\u00a0km\/h.<\/strong><\/p>\n<p class=\" wall-content\">Le littoral sera sans doute le secteur le plus concern\u00e9 par les vents violents. \u00c0 <a href=\"https:\/\/actu.fr\/le-courrier-du-pays-de-retz\/\" target=\"_blank\" rel=\"noopener\">Pornic<\/a> par exemple, les rafales iront <strong>jusqu\u2019\u00e0 120\u00a0km\/h,<\/strong> accompagn\u00e9es d\u2019<strong>averses orageuses.<\/strong> M\u00eame constat du c\u00f4t\u00e9 de <a href=\"https:\/\/actu.fr\/l-echo-de-la-presqu-ile\/\" target=\"_blank\" rel=\"noopener\">Saint-Nazaire<\/a> avec des <strong>rafales \u00e0 115\u00a0km\/h.<\/strong> Dans ces deux villes, les temp\u00e9ratures oscilleront <strong>entre 11 et 14\u00a0\u00b0C.<\/strong><\/p>\n<p class=\" wall-content\">Personnalisez votre actualit\u00e9 en ajoutant vos villes et m\u00e9dias en favori avec <a href=\"https:\/\/moncompte.actu.fr\" title=\"D\u00e9couvez Mon Actu\" rel=\"nofollow noopener\" data-trk=\"{&quot;cta&quot;:{&quot;action&quot;:&quot;https:\\\/\\\/moncompte.actu.fr&quot;,&quot;category&quot;:&quot;mon compte&quot;,&quot;from&quot;:&quot;article footer&quot;,&quot;name&quot;:&quot;Mon actu&quot;,&quot;type&quot;:&quot;cta&quot;}}\" target=\"_blank\">Mon Actu<\/a>.<\/p>\n","protected":false},"excerpt":{"rendered":"Par Cl\u00e9mence Pays Publi\u00e9 le 23 oct. 2025 \u00e0 5h52 D\u00e9j\u00e0 plac\u00e9e en vigilance, ce mercredi 22\u00a0octobre 2025,&hellip;\n","protected":false},"author":2,"featured_media":16824,"comment_status":"","ping_status":"","sticky":false,"template":"","format":"standard","meta":{"footnotes":""},"categories":[2818],"tags":[1111,11,1777,674,1011,27,3059,2487,2357,766,12,2636,25],"class_list":{"0":"post-491533","1":"post","2":"type-post","3":"status-publish","4":"format-standard","5":"has-post-thumbnail","7":"category-nantes","8":"tag-actu","9":"tag-actualites","10":"tag-eu","11":"tag-europe","12":"tag-fr","13":"tag-france","14":"tag-intemperies","15":"tag-meteo","16":"tag-meteo-france","17":"tag-nantes","18":"tag-news","19":"tag-pays-de-la-loire","20":"tag-republique-francaise"},"share_on_mastodon":{"url":"https:\/\/pubeurope.com\/@fr\/115441584233647759","error":""},"_links":{"self":[{"href":"https:\/\/www.europesays.com\/fr\/wp-json\/wp\/v2\/posts\/491533","targetHints":{"allow":["GET"]}}],"collection":[{"href":"https:\/\/www.europesays.com\/fr\/wp-json\/wp\/v2\/posts"}],"about":[{"href":"https:\/\/www.europesays.com\/fr\/wp-json\/wp\/v2\/types\/post"}],"author":[{"embeddable":true,"href":"https:\/\/www.europesays.com\/fr\/wp-json\/wp\/v2\/users\/2"}],"replies":[{"embeddable":true,"href":"https:\/\/www.europesays.com\/fr\/wp-json\/wp\/v2\/comments?post=491533"}],"version-history":[{"count":0,"href":"https:\/\/www.europesays.com\/fr\/wp-json\/wp\/v2\/posts\/491533\/revisions"}],"wp:featuredmedia":[{"embeddable":true,"href":"https:\/\/www.europesays.com\/fr\/wp-json\/wp\/v2\/media\/16824"}],"wp:attachment":[{"href":"https:\/\/www.europesays.com\/fr\/wp-json\/wp\/v2\/media?parent=491533"}],"wp:term":[{"taxonomy":"category","embeddable":true,"href":"https:\/\/www.europesays.com\/fr\/wp-json\/wp\/v2\/categories?post=491533"},{"taxonomy":"post_tag","embeddable":true,"href":"https:\/\/www.europesays.com\/fr\/wp-json\/wp\/v2\/tags?post=491533"}],"curies":[{"name":"wp","href":"https:\/\/api.w.org\/{rel}","templated":true}]}}