{"id":491548,"date":"2025-10-26T17:19:11","date_gmt":"2025-10-26T17:19:11","guid":{"rendered":"https:\/\/www.europesays.com\/fr\/491548\/"},"modified":"2025-10-26T17:19:11","modified_gmt":"2025-10-26T17:19:11","slug":"enferme-depuis-une-semaine-dans-une-voiture-a-marseille-un-chien-deshydrate-libere-par-des-policiers-municipaux","status":"publish","type":"post","link":"https:\/\/www.europesays.com\/fr\/491548\/","title":{"rendered":"Enferm\u00e9 depuis une semaine dans une voiture \u00e0 Marseille, un chien d\u00e9shydrat\u00e9 lib\u00e9r\u00e9 par des policiers municipaux"},"content":{"rendered":"<p>La Peugeot 206 \u00e9tait l\u00e0 depuis une semaine, stationn\u00e9e sur un parking \u00e0 l\u2019arri\u00e8re de l\u2019un des immeubles de la B\u00e9gude nord, une cit\u00e9 du 13e arrondissement de <a href=\"https:\/\/www.laprovence.com\/bouches-du-rhone\/marseille-13055\" target=\"_blank\" rel=\"noopener\">Marseille<\/a>. Mais \u00e0 la diff\u00e9rence des autres voitures et \u00e9paves r\u00e9guli\u00e8rement abandonn\u00e9es dans les recoins du quartier, celle-ci \u00e9tait encore occup\u00e9e par <a href=\"https:\/\/www.laprovence.com\/article\/societe\/76609589117863\/les-vols-de-chiens-un-phenomene-qui-inquiete-les-associations-en-provence\" target=\"_blank\" rel=\"noopener\">un chien<\/a>, qui s\u2019y trouvait enferm\u00e9 depuis le m\u00eame temps. Heureusement rep\u00e9r\u00e9 par des riverains, le jeune <strong>American Staffordshire terrier<\/strong> coinc\u00e9 dans l\u2019habitacle \u00e9tait amaigri, d\u00e9shydrat\u00e9 et apeur\u00e9, au milieu de ses propres excr\u00e9ments que, affam\u00e9, il s\u2019\u00e9tait r\u00e9solu \u00e0 manger.<\/p>\n<p>Pr\u00e9venu par les habitants, ce matin du dimanche 26\u00a0octobre, un \u00e9quipage \u00e0 scooter de la police municipale a d\u00fb briser une vitre de la Peugeot pour <strong>lib\u00e9rer l\u2019animal<\/strong>. Le chien a ensuite \u00e9t\u00e9 ramen\u00e9 en voiture de patrouille \u00e0 la base nord, o\u00f9 il a \u00e9t\u00e9 nourri, avant sa prise en charge par une association de protection animale. La voiture dans laquelle il se trouvait enferm\u00e9 devait \u00eatre enlev\u00e9e par la suite par la fourri\u00e8re.<\/p>\n","protected":false},"excerpt":{"rendered":"La Peugeot 206 \u00e9tait l\u00e0 depuis une semaine, stationn\u00e9e sur un parking \u00e0 l\u2019arri\u00e8re de l\u2019un des immeubles&hellip;\n","protected":false},"author":2,"featured_media":491549,"comment_status":"","ping_status":"","sticky":false,"template":"","format":"standard","meta":{"footnotes":""},"categories":[2814],"tags":[17,1111,11,1446,394,43604,1777,674,274,1011,27,884,12,882,25,5572,96,4752],"class_list":{"0":"post-491548","1":"post","2":"type-post","3":"status-publish","4":"format-standard","5":"has-post-thumbnail","7":"category-marseille","8":"tag-17","9":"tag-actu","10":"tag-actualites","11":"tag-dans","12":"tag-depuis","13":"tag-enferme","14":"tag-eu","15":"tag-europe","16":"tag-faits-divers-justice","17":"tag-fr","18":"tag-france","19":"tag-marseille","20":"tag-news","21":"tag-provence-alpes-cote-dazur","22":"tag-republique-francaise","23":"tag-semaine","24":"tag-une","25":"tag-voiture"},"share_on_mastodon":{"url":"https:\/\/pubeurope.com\/@fr\/115441615832793703","error":""},"_links":{"self":[{"href":"https:\/\/www.europesays.com\/fr\/wp-json\/wp\/v2\/posts\/491548","targetHints":{"allow":["GET"]}}],"collection":[{"href":"https:\/\/www.europesays.com\/fr\/wp-json\/wp\/v2\/posts"}],"about":[{"href":"https:\/\/www.europesays.com\/fr\/wp-json\/wp\/v2\/types\/post"}],"author":[{"embeddable":true,"href":"https:\/\/www.europesays.com\/fr\/wp-json\/wp\/v2\/users\/2"}],"replies":[{"embeddable":true,"href":"https:\/\/www.europesays.com\/fr\/wp-json\/wp\/v2\/comments?post=491548"}],"version-history":[{"count":0,"href":"https:\/\/www.europesays.com\/fr\/wp-json\/wp\/v2\/posts\/491548\/revisions"}],"wp:featuredmedia":[{"embeddable":true,"href":"https:\/\/www.europesays.com\/fr\/wp-json\/wp\/v2\/media\/491549"}],"wp:attachment":[{"href":"https:\/\/www.europesays.com\/fr\/wp-json\/wp\/v2\/media?parent=491548"}],"wp:term":[{"taxonomy":"category","embeddable":true,"href":"https:\/\/www.europesays.com\/fr\/wp-json\/wp\/v2\/categories?post=491548"},{"taxonomy":"post_tag","embeddable":true,"href":"https:\/\/www.europesays.com\/fr\/wp-json\/wp\/v2\/tags?post=491548"}],"curies":[{"name":"wp","href":"https:\/\/api.w.org\/{rel}","templated":true}]}}