{"id":491555,"date":"2025-10-26T17:25:12","date_gmt":"2025-10-26T17:25:12","guid":{"rendered":"https:\/\/www.europesays.com\/fr\/491555\/"},"modified":"2025-10-26T17:25:12","modified_gmt":"2025-10-26T17:25:12","slug":"arrestations-apres-le-vol-au-louvre-burgers-le-recap-de-linfo-du-week-end-a-paris-et-en-ile-de-france","status":"publish","type":"post","link":"https:\/\/www.europesays.com\/fr\/491555\/","title":{"rendered":"Arrestations apr\u00e8s le vol au Louvre, burgers&#8230; Le r\u00e9cap de l&rsquo;info du week-end \u00e0 Paris et en \u00cele-de-France"},"content":{"rendered":"<p>            Par<br \/>\n        <strong><br \/>\n            <a href=\"https:\/\/actu.fr\/auteur\/glenn-gillet\" title=\"Consulter tous les articles de Glenn Gillet\" target=\"_blank\" rel=\"noopener\">Glenn Gillet<\/a><br \/>\n        <\/strong><\/p>\n<p>        Publi\u00e9 le<\/p>\n<p>            26 oct. 2025 \u00e0 18h04        <\/p>\n<p>Arrestations de suspects apr\u00e8s le vol spectaculaire au Louvre, accident grave dans les transports, histoires insolites\u2026 Le week-end des samedi\u00a025 et du dimanche 26\u00a0octobre 2025 a \u00e9t\u00e9 plut\u00f4t charg\u00e9 en \u00cele-de-France. Voici les principales informations des r\u00e9dactions franciliennes d\u2019actu. Le\u00a0r\u00e9cap\u00a0par ici.<\/p>\n<p class=\" wall-content\"><a href=\"https:\/\/actu.fr\/ile-de-france\/paris_75056\/vol-au-musee-du-louvre-deux-hommes-suspectes-du-casse-interpelles-l-un-d-entre-eux-allait-quitter-la-france_63352890.html\" target=\"_blank\" rel=\"noopener\">Deux hommes suspect\u00e9s d\u2019avoir particip\u00e9 au casse du Louvre interpell\u00e9s<\/a><br \/>Ces deux hommes ont \u00e9t\u00e9 interpell\u00e9s samedi 25\u00a0octobre 2025 dans la soir\u00e9e en r\u00e9gion parisienne, l\u2019un d\u2019entre eux \u00e0 l\u2019a\u00e9roport de Roissy, avant d\u2019\u00eatre plac\u00e9s en garde \u00e0 vue, a indiqu\u00e9 le parquet de Paris. Ils sont soup\u00e7onn\u00e9s d\u2019avoir particip\u00e9 au vol spectaculaire de bijoux patrimoniaux qui a eu lieu dans le plus grand mus\u00e9e du monde dimanche dernier.<\/p>\n<p class=\" wall-content\"><a href=\"https:\/\/actu.fr\/ile-de-france\/meriel_95392\/val-d-oise-un-homme-decede-en-gare-de-meriel_63352446.html\" target=\"_blank\" rel=\"noopener\">Val-d\u2019Oise\u2009: un quinquag\u00e9naire meurt percut\u00e9 par un train<\/a><br \/>Un homme de 50\u00a0ans a \u00e9t\u00e9 retrouv\u00e9 sous un train de la ligne H du Transilien en gare de M\u00e9riel, dans le Val-d\u2019Oise, vendredi 24\u00a0octobre 2025. Les secours ont bien tent\u00e9 de r\u00e9animer la victime \u00e2g\u00e9e de 50\u00a0ans, mais en vain. Le conducteur du train, choqu\u00e9, a \u00e9t\u00e9 pris en charge par les pompiers.<\/p>\n<p class=\" wall-content\"><a href=\"https:\/\/actu.fr\/ile-de-france\/pierrefitte-sur-seine_93059\/un-chirurgien-dentiste-de-seine-saint-denis-mis-sur-la-touche-pour-ses-traitements-defaillants-et-ses-lacunes_63347813.html\" target=\"_blank\" rel=\"noopener\">Un chirurgien-dentiste de Seine-Saint-Denis mis sur la touche pour ses traitements d\u00e9faillants et ses lacunes<\/a><br \/>\u00ab\u2009Un grand nombre d\u2019actes non conformes aux donn\u00e9es acquises de la science\u2009\u00bb, que ce soit pour des \u00ab\u2009traitements [\u2026] d\u00e9faillants\u2009\u00bb ou \u00ab\u2009des lacunes susceptibles de porter atteinte \u00e0 la qualit\u00e9 et \u00e0 la s\u00e9curit\u00e9 de la prise en charge des patients\u2009\u00bb. Voici ce qu\u2019ont constat\u00e9 des contr\u00f4leurs de l\u2019Assurance-maladie apr\u00e8s une inspection chez ce dentiste de Pierrefitte-sur-Seine, en Seine-Saint-Denis. Le conseil francilien de l\u2019ordre des chirurgiens-dentistes a suspendu le praticien pour six mois.<\/p>\n<p class=\" wall-content\"><a href=\"https:\/\/actu.fr\/ile-de-france\/houdan_78310\/yvelines-des-slips-en-coton-enterres-pour-les-besoins-dune-experience-scientifique-participative_63351660.html\" target=\"_blank\" rel=\"noopener\">Yvelines\u2009: des slips en coton enterr\u00e9s pour les besoins d\u2019une exp\u00e9rience scientifique participative<\/a><br \/>Enterrer des slips\u2009! Le proc\u00e9d\u00e9 peut para\u00eetre un peu bizarre voire compl\u00e8tement fou. Pourtant, il s\u2019agit bel et bien d\u2019une exp\u00e9rience scientifique accessible \u00e0 tous. Un habitant de Houdan (Yvelines) a pr\u00e9sent\u00e9 quelques sp\u00e9cimens d\u00e9terr\u00e9s de ce programme lanc\u00e9 par l\u2019Agence de l\u2019environnement et la ma\u00eetrise de l\u2019\u00e9nergie (Ademe).<\/p>\n<p class=\" wall-content\"><a href=\"https:\/\/actu.fr\/ile-de-france\/chanteloup-en-brie_77085\/un-burger-a-la-francaise-en-seine-et-marne-ils-reinventent-le-croissant-sale-avec-des-recettes-originales_63349145.html\" target=\"_blank\" rel=\"noopener\">\u00ab\u2009Un burger \u00e0 la fran\u00e7aise\u2009\u00bb\u2009: en Seine-et-Marne, ils r\u00e9inventent le croissant sal\u00e9 avec des recettes originales<\/a><br \/>Que diriez-vous d\u2019un croissant sal\u00e9, fait maison, savoureux et consistant pour le d\u00e9jeuner ou le d\u00eener\u2009? C\u2019est ce que propose un couple de trentenaires dans leur laboratoire \u00e0 Chanteloup-en-Brie. \u00ab\u2009La France est le pays du croissant, mais c\u2019est plut\u00f4t \u00e0 l\u2019\u00e9tranger qu\u2019on trouve les croissants sal\u00e9s\u2009\u00bb, explique Morgane Rousselet, cr\u00e9atrice de Beurr\u00e9 avec son compagnon Guillaume Dellyes, qui explique que \u00ab\u2009le croissant permet de proposer un burger \u00e0 la fran\u00e7aise\u2009\u00bb.<\/p>\n<p class=\" wall-content\">Personnalisez votre actualit\u00e9 en ajoutant vos villes et m\u00e9dias en favori avec <a href=\"https:\/\/moncompte.actu.fr\" title=\"D\u00e9couvez Mon Actu\" rel=\"nofollow noopener\" data-trk=\"{&quot;cta&quot;:{&quot;action&quot;:&quot;https:\\\/\\\/moncompte.actu.fr&quot;,&quot;category&quot;:&quot;mon compte&quot;,&quot;from&quot;:&quot;article footer&quot;,&quot;name&quot;:&quot;Mon actu&quot;,&quot;type&quot;:&quot;cta&quot;}}\" target=\"_blank\">Mon Actu<\/a>.<\/p>\n","protected":false},"excerpt":{"rendered":"Par Glenn Gillet Publi\u00e9 le 26 oct. 2025 \u00e0 18h04 Arrestations de suspects apr\u00e8s le vol spectaculaire au&hellip;\n","protected":false},"author":2,"featured_media":491556,"comment_status":"","ping_status":"","sticky":false,"template":"","format":"standard","meta":{"footnotes":""},"categories":[1888],"tags":[7757,1111,1928,11,1927,1777,674,1011,27,303,3094,12,1926,626,1925,25,104],"class_list":{"0":"post-491555","1":"post","2":"type-post","3":"status-publish","4":"format-standard","5":"has-post-thumbnail","7":"category-paris","8":"tag-accident-grave-de-voyageur","9":"tag-actu","10":"tag-actu-paris","11":"tag-actualites","12":"tag-actualites-paris","13":"tag-eu","14":"tag-europe","15":"tag-fr","16":"tag-france","17":"tag-justice","18":"tag-musee-du-louvre","19":"tag-news","20":"tag-news-paris","21":"tag-paris","22":"tag-paris-news","23":"tag-republique-francaise","24":"tag-societe"},"share_on_mastodon":{"url":"https:\/\/pubeurope.com\/@fr\/115441639409383511","error":""},"_links":{"self":[{"href":"https:\/\/www.europesays.com\/fr\/wp-json\/wp\/v2\/posts\/491555","targetHints":{"allow":["GET"]}}],"collection":[{"href":"https:\/\/www.europesays.com\/fr\/wp-json\/wp\/v2\/posts"}],"about":[{"href":"https:\/\/www.europesays.com\/fr\/wp-json\/wp\/v2\/types\/post"}],"author":[{"embeddable":true,"href":"https:\/\/www.europesays.com\/fr\/wp-json\/wp\/v2\/users\/2"}],"replies":[{"embeddable":true,"href":"https:\/\/www.europesays.com\/fr\/wp-json\/wp\/v2\/comments?post=491555"}],"version-history":[{"count":0,"href":"https:\/\/www.europesays.com\/fr\/wp-json\/wp\/v2\/posts\/491555\/revisions"}],"wp:featuredmedia":[{"embeddable":true,"href":"https:\/\/www.europesays.com\/fr\/wp-json\/wp\/v2\/media\/491556"}],"wp:attachment":[{"href":"https:\/\/www.europesays.com\/fr\/wp-json\/wp\/v2\/media?parent=491555"}],"wp:term":[{"taxonomy":"category","embeddable":true,"href":"https:\/\/www.europesays.com\/fr\/wp-json\/wp\/v2\/categories?post=491555"},{"taxonomy":"post_tag","embeddable":true,"href":"https:\/\/www.europesays.com\/fr\/wp-json\/wp\/v2\/tags?post=491555"}],"curies":[{"name":"wp","href":"https:\/\/api.w.org\/{rel}","templated":true}]}}