{"id":491565,"date":"2025-10-26T17:30:34","date_gmt":"2025-10-26T17:30:34","guid":{"rendered":"https:\/\/www.europesays.com\/fr\/491565\/"},"modified":"2025-10-26T17:30:34","modified_gmt":"2025-10-26T17:30:34","slug":"guerre-en-ukraine-zelensky-a-passe-un-contrat-avec-la-suede-pour-150-avions-de-combat","status":"publish","type":"post","link":"https:\/\/www.europesays.com\/fr\/491565\/","title":{"rendered":"Guerre en Ukraine : Zelensky a pass\u00e9 un contrat avec la Su\u00e8de pour 150 avions de combat"},"content":{"rendered":"<p>Un contrat XXL valid\u00e9 entre la Su\u00e8de et l\u2019Ukraine. Samedi 25 octobre, les deux pays ont valid\u00e9 l\u2019accord qui permettra la livraison de <strong>150 avions de chasse<\/strong> <a href=\"https:\/\/www.capital.fr\/economie-politique\/nous-nous-tiendrons-prets-a-deployer-des-forces-au-profit-de-lukraine-previent-le-chef-detat-major-de-larmee-de-terre-1520019\" rel=\"nofollow noopener\" target=\"_blank\">en Ukraine<\/a>. Volodymyr Zelensky a alors salu\u00e9 \u00abune avanc\u00e9e historique\u00bb \u00e0 la suite de la signature pr\u00e9cisant \u00abqu\u2019aucun contrat d&rsquo;aviation de combat de cette envergure n&rsquo;a jamais \u00e9t\u00e9 conclu avec l&rsquo;Ukraine\u00bb.<\/p>\n<p>Ce seront donc 150 a\u00e9ronefs <strong>\u00abGripen\u00bb qui vont \u00eatre livr\u00e9s, petit \u00e0 petit, \u00e0 Kiev d\u00e8s 2026<\/strong>. Le leader ukrainien a expliqu\u00e9 ce choix : \u00abLes Gripen destin\u00e9s \u00e0 l&rsquo;Ukraine font partie de nos garanties de s\u00e9curit\u00e9 : une arm\u00e9e de l&rsquo;air capable de prot\u00e9ger pleinement notre espace a\u00e9rien\u00bb.<\/p>\n<p>La priorit\u00e9 n\u2019est plus donn\u00e9e aux appareils am\u00e9ricains<\/p>\n<p>En effet, les JAS 39 Gripen E sont la derni\u00e8re version de l\u2019avion de chasse su\u00e9dois, d\u00e9velopp\u00e9 par l\u2019ex-constructeur automobile Saab. Le plus de<strong> ce nouveau mod\u00e8le plus moderne<\/strong> ? Il est dot\u00e9 d\u2019un moteur plus puissant et d\u2019une plus grande autonomie. L\u2019avion est \u00e9quip\u00e9 d\u2019un radar et d\u2019une \u00e9lectronique plus avanc\u00e9s que les versions pr\u00e9c\u00e9dentes. \u00c0 l\u2019unit\u00e9, le prix d\u2019un JAS 39 Gripen E est d\u2019<strong>environ 85 millions de dollars<\/strong>, soit environ 73 millions d\u2019euros.<\/p>\n<p>Cet envoi d\u2019avions Gripen intervient un an apr\u00e8s le refus de la Su\u00e8de de livrer ces appareils \u00e0 l\u2019Ukraine en r\u00e9ponse \u00e0 une demande des pays partenaires qui souhaitaient <a href=\"https:\/\/www.capital.fr\/economie-politique\/pourquoi-le-missile-tomahawk-es-il-aussi-important-pour-l-ukraine-1519750\" rel=\"nofollow noopener\" target=\"_blank\">donner la priorit\u00e9 aux F-16 am\u00e9ricains<\/a>.<\/p>\n","protected":false},"excerpt":{"rendered":"Un contrat XXL valid\u00e9 entre la Su\u00e8de et l\u2019Ukraine. Samedi 25 octobre, les deux pays ont valid\u00e9 l\u2019accord&hellip;\n","protected":false},"author":2,"featured_media":491566,"comment_status":"","ping_status":"","sticky":false,"template":"","format":"standard","meta":{"footnotes":""},"categories":[1590],"tags":[11,7182,9929,1777,674,131,12,43747,220],"class_list":{"0":"post-491565","1":"post","2":"type-post","3":"status-publish","4":"format-standard","5":"has-post-thumbnail","7":"category-ukraine","8":"tag-actualites","9":"tag-aviation","10":"tag-du00e9fense","11":"tag-eu","12":"tag-europe","13":"tag-guerre-en-ukraine","14":"tag-news","15":"tag-suu00e8de","16":"tag-ukraine"},"share_on_mastodon":{"url":"https:\/\/pubeurope.com\/@fr\/115441659110255949","error":""},"_links":{"self":[{"href":"https:\/\/www.europesays.com\/fr\/wp-json\/wp\/v2\/posts\/491565","targetHints":{"allow":["GET"]}}],"collection":[{"href":"https:\/\/www.europesays.com\/fr\/wp-json\/wp\/v2\/posts"}],"about":[{"href":"https:\/\/www.europesays.com\/fr\/wp-json\/wp\/v2\/types\/post"}],"author":[{"embeddable":true,"href":"https:\/\/www.europesays.com\/fr\/wp-json\/wp\/v2\/users\/2"}],"replies":[{"embeddable":true,"href":"https:\/\/www.europesays.com\/fr\/wp-json\/wp\/v2\/comments?post=491565"}],"version-history":[{"count":0,"href":"https:\/\/www.europesays.com\/fr\/wp-json\/wp\/v2\/posts\/491565\/revisions"}],"wp:featuredmedia":[{"embeddable":true,"href":"https:\/\/www.europesays.com\/fr\/wp-json\/wp\/v2\/media\/491566"}],"wp:attachment":[{"href":"https:\/\/www.europesays.com\/fr\/wp-json\/wp\/v2\/media?parent=491565"}],"wp:term":[{"taxonomy":"category","embeddable":true,"href":"https:\/\/www.europesays.com\/fr\/wp-json\/wp\/v2\/categories?post=491565"},{"taxonomy":"post_tag","embeddable":true,"href":"https:\/\/www.europesays.com\/fr\/wp-json\/wp\/v2\/tags?post=491565"}],"curies":[{"name":"wp","href":"https:\/\/api.w.org\/{rel}","templated":true}]}}