{"id":491570,"date":"2025-10-26T17:33:16","date_gmt":"2025-10-26T17:33:16","guid":{"rendered":"https:\/\/www.europesays.com\/fr\/491570\/"},"modified":"2025-10-26T17:33:16","modified_gmt":"2025-10-26T17:33:16","slug":"les-migrants-un-probleme-dans-le-paysage-urbain-des-dizaines-de-milliers-dallemands-manifestent-contre-les-propos-racistes-du-chancelier-merz","status":"publish","type":"post","link":"https:\/\/www.europesays.com\/fr\/491570\/","title":{"rendered":"Les migrants, \u00ab un probl\u00e8me dans le paysage urbain\u00a0\u00bb\u00a0: des dizaines de milliers d&rsquo;Allemands manifestent contre les propos racistes du chancelier Merz"},"content":{"rendered":"<p>La pol\u00e9mique enfle et les manifestations se multiplient outre-Rhin contre une petite phrase d\u2019apparence anodine, prononc\u00e9 par Friedrich Merz au milieu du mois\u00a0: \u00ab\u00a0Nous avons un probl\u00e8me dans le paysage urbain.\u00a0\u00bb Le lien \u00e9tabli aussit\u00f4t par le chancelier avec l\u2019immigration nourrit l\u2019indignation. Car <a href=\"https:\/\/www.humanite.fr\/monde\/afghanistan\/expulsion-de-81-afghans-lallemagne-persiste-dans-sa-politique-anti-immigration-malgre-les-condamnations-de-lonu\" target=\"_blank\" rel=\"noopener\">Merz assure que les mesures prises par son gouvernement<\/a>, comme le r\u00e9tablissement des contr\u00f4les aux fronti\u00e8res ou l\u2019actuelle acc\u00e9l\u00e9ration des processus d\u2019expulsion engag\u00e9s par son ministre de l\u2019int\u00e9rieur, Alexander D\u00f6brindt, constituent le moyen de r\u00e9tablir \u00ab\u00a0l\u2019ordre urbain\u00a0\u00bb menac\u00e9.<\/p>\n<p>Le d\u00e9bat a encore enfl\u00e9 quand, quelques jours plus tard, face \u00e0 de premi\u00e8res r\u00e9actions fortes, le chancelier a non\u00a0seulement maintenu ses propos, mais les a appuy\u00e9s de la pire des mani\u00e8res en s\u2019exclamant\u00a0: \u00ab\u00a0Demandez \u00e0 vos filles\u00a0\u00bb, quand elles doivent circuler en ville dans la p\u00e9nombre.\u00a0Accus\u00e9 de polluer la bonne image des centres-villes, le migrant se voyait de surcro\u00eet affubl\u00e9 du costume de potentiel agresseur sexuel.<\/p>\n<p>Tentative de \u00ab\u00a0rompre le cordon sanitaire\u00a0\u00bb avec l\u2019extr\u00eame droite <\/p>\n<p>La pouss\u00e9e de l\u2019AfD (Alternative pour l\u2019Allemagne, extr\u00eame droite), qui d\u00e9passe d\u00e9sormais la CDU\/CSU du chancelier dans les sondages (autour de 27\u00a0% contre 25\u00a0%), n\u2019est sans doute pas \u00e9trang\u00e8re \u00e0 cette fr\u00e9n\u00e9sie d\u2019all\u00e9gations racistes formul\u00e9es depuis le plus haut sommet de l\u2019\u00c9tat.\u00a0<\/p>\n<p>Si Merz a re\u00e7u aussit\u00f4t l\u2019appui des principaux poids lourds de la droite allemande, comme Markus S\u00f6der, le patron de la CSU bavaroise, ou Jens Spahn, le pr\u00e9sident du groupe chr\u00e9tien d\u00e9mocrate au Bundestag, il a suscit\u00e9 aussi des r\u00e9actions plus que sceptiques dans ses propres rangs. Ainsi Armin Laschet, candidat CDU\/CSU \u00e0 la chancellerie en 2021, a-t-il d\u00e9plor\u00e9 que l\u2019AfD ne sorte \u00ab\u00a0encore renforc\u00e9e\u00a0\u00bb par cette surench\u00e8re.<\/p>\n<p>\u00c0 gauche, la condamnation la plus cinglante est venue une nouvelle fois de la jeune cheffe de file du groupe Die linke au Bundestag, Heidi Reichinek. Elle a d\u00e9nonc\u00e9 une <a href=\"https:\/\/www.humanite.fr\/monde\/afd\/allemagne-la-cdu-de-merz-envisage-de-gouverner-avec-lafd-au-mepris-de-lhistoire-et-du-cordon-sanitaire\" target=\"_blank\" rel=\"noopener\">nouvelle tentative de \u00ab\u00a0rompre le cordon sanitaire\u00a0\u00bb avec l\u2019extr\u00eame droite <\/a>qui pourtant devrait \u00ab\u00a0\u00eatre observ\u00e9 comme une r\u00e8gle absolue\u00a0\u00bb compte tenu du passif nazi dans l\u2019histoire allemande.<\/p>\n<p><a href=\"https:\/\/www.humanite.fr\/monde\/allemagne\/allemagne-au-spd-le-malaise-des-militants-apres-le-contrat-de-coalition-signe-avec-la-cdu-csu\" target=\"_blank\" rel=\"noopener\">Au sein du SPD, partenaire du gouvernement Merz, le malaise est \u00e9norme<\/a>. Au point que m\u00eame le tr\u00e8s recentr\u00e9 Lars Klingbeil, ministre des finances et vice-chancelier, a exprim\u00e9 publiquement sa pr\u00e9f\u00e9rence \u00e0 \u00ab\u00a0vivre dans une soci\u00e9t\u00e9 o\u00f9 la politique b\u00e2tit des ponts plut\u00f4t que d\u2019\u00e9mettre des propos qui divisent \u00bb. Depuis lors, Friedrich Merz n\u2019en reste pas moins droit dans ses bottes x\u00e9nophobes sans que cela ne semble troubler les fondements de l\u2019accord de gouvernement CDO\/CSU-SPD.<\/p>\n<p>Les manifestations de samedi ont rassembl\u00e9 des dizaines de milliers de personnes dans toutes les cit\u00e9s allemandes, quelle que soit leur envergure, de Fribourg dans le Sud, \u00e0 Kiel dans le nord du pays. Plusieurs p\u00e9titions circulent et une plainte pour incitation \u00e0 la haine\u00a0raciale a m\u00eame \u00e9t\u00e9 d\u00e9pos\u00e9e contre le chancelier.<\/p>\n<p>Dans un sondage Insa r\u00e9alis\u00e9 le 25\u00a0octobre, la CDU\/CSU perd encore un point \u00e0 24\u00a0% et demeure distanc\u00e9e par l\u2019extr\u00eame droite. C\u2019est dire combien s\u2019av\u00e8re dangereusement contreproductive la capacit\u00e9 du chancelier, avec sa saillie urbaine raciste, \u00e0 tondre la laine x\u00e9nophobe sur le dos de l\u2019AfD.<\/p>\n<p>Face \u00e0 l\u2019extr\u00eame droite, ne rien l\u00e2cher\u00a0!<\/p>\n<p>C\u2019est pied \u00e0 pied, argument contre argument qu\u2019il faut combattre l\u2019extr\u00eame droite. Et c\u2019est ce que nous faisons chaque jour dans l\u2019Humanit\u00e9.<\/p>\n<p>Face aux attaques incessantes des racistes et des porteurs de haine\u00a0: soutenez-nous\u00a0! Ensemble, faisons entendre une autre voix dans ce d\u00e9bat public toujours plus naus\u00e9abond.<br \/><a href=\"https:\/\/www.humanite.fr\/lhumanite-cest-vous\" target=\"_blank\" rel=\"noopener\">Je veux en savoir plus.<\/a><\/p>\n","protected":false},"excerpt":{"rendered":"La pol\u00e9mique enfle et les manifestations se multiplient outre-Rhin contre une petite phrase d\u2019apparence anodine, prononc\u00e9 par Friedrich&hellip;\n","protected":false},"author":2,"featured_media":491571,"comment_status":"","ping_status":"","sticky":false,"template":"","format":"standard","meta":{"footnotes":""},"categories":[1587],"tags":[11,672,1804,1805,1803,1777,674,4710,1801,1061,12,10162,1802],"class_list":{"0":"post-491570","1":"post","2":"type-post","3":"status-publish","4":"format-standard","5":"has-post-thumbnail","7":"category-allemagne","8":"tag-actualites","9":"tag-allemagne","10":"tag-bundesrepublik-deutschland","11":"tag-de","12":"tag-deutschland","13":"tag-eu","14":"tag-europe","15":"tag-friedrich-merz","16":"tag-germany","17":"tag-immigration","18":"tag-news","19":"tag-racisme","20":"tag-republique-federale-dallemagne"},"share_on_mastodon":{"url":"https:\/\/pubeurope.com\/@fr\/115441671161454531","error":""},"_links":{"self":[{"href":"https:\/\/www.europesays.com\/fr\/wp-json\/wp\/v2\/posts\/491570","targetHints":{"allow":["GET"]}}],"collection":[{"href":"https:\/\/www.europesays.com\/fr\/wp-json\/wp\/v2\/posts"}],"about":[{"href":"https:\/\/www.europesays.com\/fr\/wp-json\/wp\/v2\/types\/post"}],"author":[{"embeddable":true,"href":"https:\/\/www.europesays.com\/fr\/wp-json\/wp\/v2\/users\/2"}],"replies":[{"embeddable":true,"href":"https:\/\/www.europesays.com\/fr\/wp-json\/wp\/v2\/comments?post=491570"}],"version-history":[{"count":0,"href":"https:\/\/www.europesays.com\/fr\/wp-json\/wp\/v2\/posts\/491570\/revisions"}],"wp:featuredmedia":[{"embeddable":true,"href":"https:\/\/www.europesays.com\/fr\/wp-json\/wp\/v2\/media\/491571"}],"wp:attachment":[{"href":"https:\/\/www.europesays.com\/fr\/wp-json\/wp\/v2\/media?parent=491570"}],"wp:term":[{"taxonomy":"category","embeddable":true,"href":"https:\/\/www.europesays.com\/fr\/wp-json\/wp\/v2\/categories?post=491570"},{"taxonomy":"post_tag","embeddable":true,"href":"https:\/\/www.europesays.com\/fr\/wp-json\/wp\/v2\/tags?post=491570"}],"curies":[{"name":"wp","href":"https:\/\/api.w.org\/{rel}","templated":true}]}}