{"id":491609,"date":"2025-10-26T18:00:18","date_gmt":"2025-10-26T18:00:18","guid":{"rendered":"https:\/\/www.europesays.com\/fr\/491609\/"},"modified":"2025-10-26T18:00:18","modified_gmt":"2025-10-26T18:00:18","slug":"a-la-fin-de-cette-semaine-nous-saurons-si-nous-allons-a-la-dissolution-previent-olivier-faure-ps","status":"publish","type":"post","link":"https:\/\/www.europesays.com\/fr\/491609\/","title":{"rendered":"\u00ab\u00a0A la fin de cette semaine, nous saurons si nous allons \u00e0 la dissolution\u00a0\u00bb, pr\u00e9vient Olivier Faure (PS)"},"content":{"rendered":"<p>Jour de rel\u00e2che \u00e0 <a href=\"https:\/\/www.20minutes.fr\/dossier\/assemblee_nationale\" class=\"c-link c-link--is-underlined\" target=\"_blank\" rel=\"noopener\">l\u2019Assembl\u00e9e<\/a>, mais la pression, elle, reste intacte. Le patron du PS <a href=\"https:\/\/www.20minutes.fr\/politique\/olivier-faure\/\" class=\"c-link c-link--is-underlined\" target=\"_blank\" rel=\"noopener\">Olivier Faure<\/a> a m\u00eame agit\u00e9 dimanche le spectre d\u2019une nouvelle censure, entra\u00eenant une probable dissolution, si le gouvernement ne c\u00e9dait pas dans les prochains jours sur une taxe sur les hauts patrimoines. \u00ab\u00a0A la fin de cette semaine, nous saurons si nous allons \u00e0 la dissolution ou pas\u00a0\u00bb, <a href=\"https:\/\/www.youtube.com\/watch?v=dxaBKAEy-qU\" target=\"_blank\" class=\"c-link c-link--is-underlined\" rel=\"noopener\">a r\u00e9sum\u00e9 dimanche matin sur LCI <\/a>Olivier Faure. \u00ab\u00a0Si nous y allons [\u2026], on peut consid\u00e9rer que dans le mois de novembre, il y aura les \u00e9lections l\u00e9gislatives\u00a0\u00bb, a-t-il insist\u00e9.<\/p>\n<p>Apr\u00e8s avoir d\u00e9croch\u00e9 la suspension de la r\u00e9forme des retraites, le PS entend pousser son avantage en concentrant ses revendications sur un autre objet\u00a0: la <a href=\"https:\/\/www.20minutes.fr\/economie\/taxe-zucman\/\" class=\"c-link c-link--is-underlined\" target=\"_blank\" rel=\"noopener\">taxe Zucman<\/a>, qui s\u2019invite au c\u0153ur des discussions sur la partie \u00ab\u00a0recettes\u00a0\u00bb du budget \u00e0 l\u2019Assembl\u00e9e, pr\u00e9vues jusqu\u2019au 4\u00a0novembre.<\/p>\n<\/p>\n<p>La taxe Zucman toujours en d\u00e9bat<\/p>\n<p>La taxe pr\u00e9voit un imp\u00f4t minimum de 2\u00a0% sur les patrimoines \u00e0 partir de 100\u00a0millions d\u2019euros, mais \u00ab\u00a0si d\u2019aventure dans l\u2019h\u00e9micycle, nous n\u2019arrivions pas \u00e0 avancer\u00a0\u00bb sur cette version, \u00ab\u00a0nous chercherons des amendements de repli\u00a0\u00bb, a pr\u00e9cis\u00e9 le premier secr\u00e9taire du PS. Alternative port\u00e9e par son groupe\u00a0: instaurer un imp\u00f4t minimum de 3\u00a0% sur les hauts patrimoines, \u00e0 partir de 10\u00a0millions d\u2019euros, en excluant les entreprises innovantes et familiales.<\/p>\n<p>Sous sa forme initiale, cet imp\u00f4t est une ligne rouge pour l\u2019ex\u00e9cutif qui \u00ab\u00a0consid\u00e8re qu\u2019on ne peut pas faire n\u2019importe quoi avec l\u2019appareil productif, qu\u2019on ne peut pas faire n\u2019importe quoi avec l\u2019emploi, qu\u2019on ne peut pas faire n\u2019importe quoi avec l\u2019innovation et avec tout ce qui cr\u00e9e de la richesse en faveur de nos concitoyens\u00a0\u00bb, selon la porte-parole du gouvernement Maud Bregeon, interrog\u00e9e sur <a href=\"https:\/\/www.20minutes.fr\/television\/france3\/\" class=\"c-link c-link--is-underlined\" target=\"_blank\" rel=\"noopener\">France 3<\/a>. Mais un refus cat\u00e9gorique des d\u00e9put\u00e9s du bloc central de trouver une piste d\u2019atterrissage sur le sujet, \u00ab\u00a0bien s\u00fbr, c\u2019est un casus belli\u00a0\u00bb, a menac\u00e9 Olivier Faure. Et le d\u00e9put\u00e9 socialiste Philippe Brun d\u2019enfoncer le clou sur Radio J\u00a0: \u00ab\u00a0S\u2019il n\u2019y a pas d\u2019accord avec nous cette semaine, tout va s\u2019effondrer. Le gouvernement va s\u2019effondrer, cette Assembl\u00e9e va s\u2019effondrer et le pays va s\u2019effondrer\u00a0\u00bb.<\/p>\n<p>La semaine qui s\u2019ouvre \u00e0 l\u2019Assembl\u00e9e, marqu\u00e9e \u00e9galement par le d\u00e9but de l\u2019examen du budget de la <a href=\"https:\/\/www.20minutes.fr\/dossier\/securite_sociale\" class=\"c-link c-link--is-underlined\" target=\"_blank\" rel=\"noopener\">S\u00e9curit\u00e9 sociale<\/a> en commission, s\u2019annonce donc encore p\u00e9rilleuse pour le gouvernement Lecornu, qui ne doit pour l\u2019heure sa survie qu\u2019\u00e0 la d\u00e9cision du PS de ne pas le censurer d\u2019embl\u00e9e.<\/p>\n<p>Un report tactique<\/p>\n<p>Samedi soir, \u00e0 la cl\u00f4ture de d\u00e9bats devenus houleux, la ministre des Comptes publics Am\u00e9lie de Montchalin a annonc\u00e9 qu\u2019\u00e0 la reprise lundi, certains articles seraient examin\u00e9s en priorit\u00e9, repoussant de facto l\u2019examen de la taxe Zucman \u00e0 plus tard dans la semaine. Un report tactique selon La France insoumise, qui crie depuis plusieurs jours au \u00ab\u00a0jeu de dupes\u00a0\u00bb et accuse le PS de collusion avec l\u2019ex\u00e9cutif \u00e0 grand renfort de \u00ab\u00a0tractations secr\u00e8tes\u00a0\u00bb. \u00ab\u00a0Ils sont en train de n\u00e9gocier des choses qui fait que le Parti socialiste non seulement a chang\u00e9 d\u2019alliance, mais a chang\u00e9 de ligne\u00a0\u00bb, a assur\u00e9 Mathilde Panot au Grand Jury <a href=\"https:\/\/www.20minutes.fr\/medias\/rtl\/\" class=\"c-link c-link--is-underlined\" target=\"_blank\" rel=\"noopener\">RTL<\/a>\/Public S\u00e9nat\/<a href=\"https:\/\/www.20minutes.fr\/dossier\/le_figaro\" class=\"c-link c-link--is-underlined\" target=\"_blank\" rel=\"noopener\">Le Figaro<\/a>. Selon la cheffe des d\u00e9put\u00e9s Insoumis, le PS \u00ab\u00a0est en train de tout abandonner\u00a0\u00bb en proposant une \u00ab\u00a0<a href=\"https:\/\/www.20minutes.fr\/economie\/taxe\/\" class=\"c-link c-link--is-underlined\" target=\"_blank\" rel=\"noopener\">taxe<\/a> Zucman hom\u00e9opathique\u00a0\u00bb au \u00ab\u00a0rendement quasi nul\u00a0\u00bb.<\/p>\n<p>Face \u00e0 ces attaques, Faure revendique des contacts \u00ab\u00a0normaux\u00a0\u00bb et une \u00ab\u00a0discussion fluide\u00a0\u00bb avec M. Lecornu, autour d\u2019une volont\u00e9 partag\u00e9e \u00ab\u00a0d\u2019aboutir \u00e0 un moment \u00e0 ce que la France soit dot\u00e9e d\u2019un budget avant la fin de l\u2019ann\u00e9e\u00a0\u00bb. A l\u2019unisson, Monchalin a assur\u00e9 dimanche qu\u2019il n\u2019y avait \u00ab\u00a0pas de deal global\u00a0\u00bb, ni \u00ab\u00a0pacte de non-censure\u00a0\u00bb ou \u00ab\u00a0accord de coalition\u00a0\u00bb. \u00ab\u00a0Il y a des sujets sur lesquels nous cherchons des compromis\u00a0\u00bb, a-t-elle affirm\u00e9 au micro de \u00ab\u00a0Questions politiques\u00a0\u00bb (<a href=\"https:\/\/www.20minutes.fr\/medias\/france_inter\/\" class=\"c-link c-link--is-underlined\" target=\"_blank\" rel=\"noopener\">France Inter<\/a>, franceinfo, Le Monde).<\/p>\n<p>Mais l\u2019exercice s\u2019apparente \u00e0 du funambulisme pour un ex\u00e9cutif pris dans des injonctions contradictoires, entre son socle de soutiens, ses oppositions, ou encore le <a href=\"https:\/\/www.20minutes.fr\/dossier\/senat\" class=\"c-link c-link--is-underlined\" target=\"_blank\" rel=\"noopener\">S\u00e9nat<\/a> dont le pr\u00e9sident G\u00e9rard Larcher a fait savoir samedi sa volont\u00e9 de retoquer la suspension de la r\u00e9forme des retraites. \u00ab\u00a0Le compromis, \u00e7a vaut pour tout le monde et \u00e7a vaut aussi pour le gouvernement. Donc chacun doit \u00eatre un peu humble\u00a0\u00bb, a exhort\u00e9 Maud Bregeon.<\/p>\n","protected":false},"excerpt":{"rendered":"Jour de rel\u00e2che \u00e0 l\u2019Assembl\u00e9e, mais la pression, elle, reste intacte. Le patron du PS Olivier Faure a&hellip;\n","protected":false},"author":2,"featured_media":491610,"comment_status":"","ping_status":"","sticky":false,"template":"","format":"standard","meta":{"footnotes":""},"categories":[4],"tags":[47,11,1003,422,1011,27,32399,14552,12,4393,316,25,52897],"class_list":{"0":"post-491609","1":"post","2":"type-post","3":"status-publish","4":"format-standard","5":"has-post-thumbnail","7":"category-france","8":"tag-actualite","9":"tag-actualites","10":"tag-budget","11":"tag-depute","12":"tag-fr","13":"tag-france","14":"tag-gerard-larcher","15":"tag-mathilde-panot","16":"tag-news","17":"tag-olivier-faure","18":"tag-politique","19":"tag-republique-francaise","20":"tag-taxe-zucman"},"share_on_mastodon":{"url":"https:\/\/pubeurope.com\/@fr\/115441776929366199","error":""},"_links":{"self":[{"href":"https:\/\/www.europesays.com\/fr\/wp-json\/wp\/v2\/posts\/491609","targetHints":{"allow":["GET"]}}],"collection":[{"href":"https:\/\/www.europesays.com\/fr\/wp-json\/wp\/v2\/posts"}],"about":[{"href":"https:\/\/www.europesays.com\/fr\/wp-json\/wp\/v2\/types\/post"}],"author":[{"embeddable":true,"href":"https:\/\/www.europesays.com\/fr\/wp-json\/wp\/v2\/users\/2"}],"replies":[{"embeddable":true,"href":"https:\/\/www.europesays.com\/fr\/wp-json\/wp\/v2\/comments?post=491609"}],"version-history":[{"count":0,"href":"https:\/\/www.europesays.com\/fr\/wp-json\/wp\/v2\/posts\/491609\/revisions"}],"wp:featuredmedia":[{"embeddable":true,"href":"https:\/\/www.europesays.com\/fr\/wp-json\/wp\/v2\/media\/491610"}],"wp:attachment":[{"href":"https:\/\/www.europesays.com\/fr\/wp-json\/wp\/v2\/media?parent=491609"}],"wp:term":[{"taxonomy":"category","embeddable":true,"href":"https:\/\/www.europesays.com\/fr\/wp-json\/wp\/v2\/categories?post=491609"},{"taxonomy":"post_tag","embeddable":true,"href":"https:\/\/www.europesays.com\/fr\/wp-json\/wp\/v2\/tags?post=491609"}],"curies":[{"name":"wp","href":"https:\/\/api.w.org\/{rel}","templated":true}]}}