{"id":491613,"date":"2025-10-26T18:04:34","date_gmt":"2025-10-26T18:04:34","guid":{"rendered":"https:\/\/www.europesays.com\/fr\/491613\/"},"modified":"2025-10-26T18:04:34","modified_gmt":"2025-10-26T18:04:34","slug":"romain-brossard-repart-au-combat-a-saint-etienne","status":"publish","type":"post","link":"https:\/\/www.europesays.com\/fr\/491613\/","title":{"rendered":"Romain Brossard repart au combat \u00e0 Saint-\u00c9tienne"},"content":{"rendered":"<blockquote class=\"question\"><p>Allez-vous repr\u00e9senter une nouvelle fois Lutte ouvri\u00e8re aux municipales de mars\u00a02026 \u00e0 Saint-\u00c9tienne\u00a0?<\/p><\/blockquote>\n<p>\u00ab\u00a0Oui. Nous allons pr\u00e9senter une liste Lutte ouvri\u00e8re, le camp des travailleurs. Pour nous, c\u2019est une d\u00e9nomination importante.\u00a0\u00bb<\/p>\n<blockquote class=\"question\"><p>Quels seront vos combats\u00a0?<\/p><\/blockquote>\n<p>\u00ab\u00a0Notre combat sera de faire entendre la col\u00e8re du monde du travail face \u00e0 la vie de plus en plus compliqu\u00e9e des salari\u00e9s, des ch\u00f4meurs, des retrait\u00e9s avec des prix qui n\u2019arr\u00eatent pas d\u2019augmenter alors que les salaires et les pensions sont toujours plus bas. Sur notre liste, en cours de constitution, il n\u2019y aura pas de politiciens professionnels, pas de notables, pas de grands patrons mais des travailleurs, des retrait\u00e9s, des ch\u00f4meurs qui auront \u00e0 c\u0153ur de dire que pour changer notre sort, il ne faut pas qu\u2019on&#8230;<\/p>\n","protected":false},"excerpt":{"rendered":"Allez-vous repr\u00e9senter une nouvelle fois Lutte ouvri\u00e8re aux municipales de mars\u00a02026 \u00e0 Saint-\u00c9tienne\u00a0? \u00ab\u00a0Oui. Nous allons pr\u00e9senter une&hellip;\n","protected":false},"author":2,"featured_media":491614,"comment_status":"","ping_status":"","sticky":false,"template":"","format":"standard","meta":{"footnotes":""},"categories":[9653],"tags":[1111,11,2430,7539,4188,1777,674,1011,27,12,316,25,4001,7538],"class_list":{"0":"post-491613","1":"post","2":"type-post","3":"status-publish","4":"format-standard","5":"has-post-thumbnail","7":"category-saint-etienne","8":"tag-actu","9":"tag-actualites","10":"tag-auvergne-rhone-alpes","11":"tag-edition-loire-sud","12":"tag-elections-municipales","13":"tag-eu","14":"tag-europe","15":"tag-fr","16":"tag-france","17":"tag-news","18":"tag-politique","19":"tag-republique-francaise","20":"tag-saint-etienne","21":"tag-saint-etienne-ville"},"share_on_mastodon":{"url":"https:\/\/pubeurope.com\/@fr\/115441799477572841","error":""},"_links":{"self":[{"href":"https:\/\/www.europesays.com\/fr\/wp-json\/wp\/v2\/posts\/491613","targetHints":{"allow":["GET"]}}],"collection":[{"href":"https:\/\/www.europesays.com\/fr\/wp-json\/wp\/v2\/posts"}],"about":[{"href":"https:\/\/www.europesays.com\/fr\/wp-json\/wp\/v2\/types\/post"}],"author":[{"embeddable":true,"href":"https:\/\/www.europesays.com\/fr\/wp-json\/wp\/v2\/users\/2"}],"replies":[{"embeddable":true,"href":"https:\/\/www.europesays.com\/fr\/wp-json\/wp\/v2\/comments?post=491613"}],"version-history":[{"count":0,"href":"https:\/\/www.europesays.com\/fr\/wp-json\/wp\/v2\/posts\/491613\/revisions"}],"wp:featuredmedia":[{"embeddable":true,"href":"https:\/\/www.europesays.com\/fr\/wp-json\/wp\/v2\/media\/491614"}],"wp:attachment":[{"href":"https:\/\/www.europesays.com\/fr\/wp-json\/wp\/v2\/media?parent=491613"}],"wp:term":[{"taxonomy":"category","embeddable":true,"href":"https:\/\/www.europesays.com\/fr\/wp-json\/wp\/v2\/categories?post=491613"},{"taxonomy":"post_tag","embeddable":true,"href":"https:\/\/www.europesays.com\/fr\/wp-json\/wp\/v2\/tags?post=491613"}],"curies":[{"name":"wp","href":"https:\/\/api.w.org\/{rel}","templated":true}]}}