{"id":491617,"date":"2025-10-26T18:07:21","date_gmt":"2025-10-26T18:07:21","guid":{"rendered":"https:\/\/www.europesays.com\/fr\/491617\/"},"modified":"2025-10-26T18:07:21","modified_gmt":"2025-10-26T18:07:21","slug":"nancy-du-nouveau-sur-la-foire-dautomne-pour-samuser-encore-plus","status":"publish","type":"post","link":"https:\/\/www.europesays.com\/fr\/491617\/","title":{"rendered":"Nancy. Du nouveau sur la foire d\u2019automne pour s\u2019amuser encore plus"},"content":{"rendered":"<p>Sa jolie coiffure en a pris un coup, ses joues ont vir\u00e9 au rose et la voil\u00e0 un peu essouffl\u00e9e, mais Ma\u00eblie a la banane. \u00ab\u00a0C\u2019\u00e9tait trop bien\u00a0!\u00a0\u00bb, r\u00e9sume la demoiselle de 8 ans \u00ab\u00a0et demi\u00a0\u00bb en remettant ses chaussures, une fois sortie de la grosse balle de plastique translucide dans laquelle elle vient, pendant sept minutes et en piscine, d\u2019encha\u00eener les figures libres. Devant les yeux et le smartphone de maman, Ma\u00eblie a visiblement bien profit\u00e9, ce dimanche apr\u00e8s-midi, du Waterball, l\u2019une des nouveaut\u00e9s de <a href=\"https:\/\/www.estrepublicain.fr\/culture-loisirs\/2025\/10\/22\/la-foire-d-automne-est-de-retour-au-parc-de-la-pepiniere\" target=\"_blank\" rel=\"noopener\">la foire d\u2019automne<\/a> cette ann\u00e9e.<\/p>\n<p>Ouverte depuis ce vendredi et jusqu\u2019au 16\u00a0novembre, la f\u00eate foraine d\u00e9roule dans l\u2019all\u00e9e centrale du parc de la P\u00e9pini\u00e8re ses traditionnelles p\u00eaches aux canards, les incontournables stands de tir et de confiseries et ses attractions classiques (bateau-pirate, auto-tamponneuses\u2026) mais accueille donc \u00e9galement quelques petits nouveaux. \u00ab\u00a0On n\u2019avait pas de f\u00eate pr\u00e9vue ailleurs, alors on est venus avec ce man\u00e8ge que l\u2019on a achet\u00e9 il y a quinze ans. \u00c0 l\u2019\u00e9poque, on commen\u00e7ait \u00e0 en voir\u00a0\u00bb, pr\u00e9sente simplement Virginie Dauchy, \u00e0 la caisse de Waterball quand son mari Ga\u00ebtan est \u00e0 la man\u0153uvre des ballons gonflables, de 2\u00a0m de diam\u00e8tre, comme on en voit parfois sur <a href=\"https:\/\/www.estrepublicain.fr\/culture-loisirs\/2025\/03\/27\/foire-attractive-toutes-les-informations-sur-l-ouverture\" target=\"_blank\" rel=\"noopener\"> la foire de printemps place Carnot.<\/a><\/p>\n<p>  \u00c0 toute vitesse, ou pas\u00a0!<\/p>\n<p>Pour se lancer, il faut \u00ab\u00a0avoir au moins 4 ans et peser moins de 80\u00a0kg. En majorit\u00e9 on a des enfants, parfois des ados et quelques adultes\u00a0\u00bb. But du jeu, une fois dans la balle gonfl\u00e9e via un compresseur, puis pos\u00e9e sur l\u2019eau d\u2019une piscine de 9\u00a0m sur 6\u00a0: \u00ab\u00a0Essayer de se mettre debout, sauter, courir\u00a0; bref\u00a0: s\u2019amuser\u00a0!\u00a0\u00bb, sourit Virginie Dauchy, venue de Charmes (88).<\/p>\n<p>Un peu plus bas dans l\u2019all\u00e9e et dans des styles diff\u00e9rents, deux autres nouveaut\u00e9s\u00a0: la chenille Shangai Express pour les amateurs de vitesse et sensations fortes, et le mini-train Rio Grande, pour les bambins en mode \u201cpiano piano\u201d. \u00ab\u00a0\u00c0 partir de 2 ans\u00a0\u00bb, pr\u00e9cise Eric Charpentier, forain habitu\u00e9 de la f\u00eate nanc\u00e9ienne mais \u00ab\u00a0encore jamais venu ici avec ce man\u00e8ge.\u00a0\u00bb<\/p>\n<p>Idem pour Lenny Ballet\u00a0: habitu\u00e9 de Nancy avec ses confiseries, il s\u2019est install\u00e9 cette fois avec Miami, un stand <a href=\"https:\/\/www.estrepublicain.fr\/culture-loisirs\/2021\/03\/06\/la-compagnie-airsoft-lorraine-a-la-recherche-d-un-terrain-de-jeu\" target=\"_blank\" rel=\"noopener\">d\u2019airsoft<\/a> \u00ab\u00a0avec pistolets \u00e0 air comprim\u00e9\u00a0\u00bb. L\u00e0, il faut tirer sur des canettes de soda en alu. Vides, bien s\u00fbr. \u00c7a change des ballons de baudruche ou des cibles en carton.<\/p>\n","protected":false},"excerpt":{"rendered":"Sa jolie coiffure en a pris un coup, ses joues ont vir\u00e9 au rose et la voil\u00e0 un&hellip;\n","protected":false},"author":2,"featured_media":491618,"comment_status":"","ping_status":"","sticky":false,"template":"","format":"standard","meta":{"footnotes":""},"categories":[9635],"tags":[1111,11,1687,1704,1777,674,3326,1011,27,775,1702,1703,12,25],"class_list":{"0":"post-491617","1":"post","2":"type-post","3":"status-publish","4":"format-standard","5":"has-post-thumbnail","7":"category-nancy","8":"tag-actu","9":"tag-actualites","10":"tag-culture-loisirs","11":"tag-edition-nancy-et-agglomeration","12":"tag-eu","13":"tag-europe","14":"tag-fete-locale","15":"tag-fr","16":"tag-france","17":"tag-grand-est","18":"tag-nancy","19":"tag-nancy-ville-54b","20":"tag-news","21":"tag-republique-francaise"},"share_on_mastodon":{"url":"","error":""},"_links":{"self":[{"href":"https:\/\/www.europesays.com\/fr\/wp-json\/wp\/v2\/posts\/491617","targetHints":{"allow":["GET"]}}],"collection":[{"href":"https:\/\/www.europesays.com\/fr\/wp-json\/wp\/v2\/posts"}],"about":[{"href":"https:\/\/www.europesays.com\/fr\/wp-json\/wp\/v2\/types\/post"}],"author":[{"embeddable":true,"href":"https:\/\/www.europesays.com\/fr\/wp-json\/wp\/v2\/users\/2"}],"replies":[{"embeddable":true,"href":"https:\/\/www.europesays.com\/fr\/wp-json\/wp\/v2\/comments?post=491617"}],"version-history":[{"count":0,"href":"https:\/\/www.europesays.com\/fr\/wp-json\/wp\/v2\/posts\/491617\/revisions"}],"wp:featuredmedia":[{"embeddable":true,"href":"https:\/\/www.europesays.com\/fr\/wp-json\/wp\/v2\/media\/491618"}],"wp:attachment":[{"href":"https:\/\/www.europesays.com\/fr\/wp-json\/wp\/v2\/media?parent=491617"}],"wp:term":[{"taxonomy":"category","embeddable":true,"href":"https:\/\/www.europesays.com\/fr\/wp-json\/wp\/v2\/categories?post=491617"},{"taxonomy":"post_tag","embeddable":true,"href":"https:\/\/www.europesays.com\/fr\/wp-json\/wp\/v2\/tags?post=491617"}],"curies":[{"name":"wp","href":"https:\/\/api.w.org\/{rel}","templated":true}]}}