{"id":491619,"date":"2025-10-26T18:09:05","date_gmt":"2025-10-26T18:09:05","guid":{"rendered":"https:\/\/www.europesays.com\/fr\/491619\/"},"modified":"2025-10-26T18:09:05","modified_gmt":"2025-10-26T18:09:05","slug":"ligue-2-montpellier-enchaine-face-a-nancy-amiens-gagne-enfin-a-domicile-contre-rodez","status":"publish","type":"post","link":"https:\/\/www.europesays.com\/fr\/491619\/","title":{"rendered":"Ligue 2. Montpellier encha\u00eene face \u00e0 Nancy, Amiens gagne enfin \u00e0 domicile contre Rodez"},"content":{"rendered":"<p>Montpellier a encha\u00een\u00e9 un deuxi\u00e8me succ\u00e8s de rang pour la premi\u00e8re fois cette saison, s\u2019imposant samedi \u00e0 domicile face \u00e0 Nancy (4-1) lors de <a href=\"https:\/\/guingamp.maville.com\/sport\/detail_-clermont.-absence-de-rythme-brouillons-les-notes-des-bretons-_5-7035882_actu.Htm\" target=\"_self\" rel=\"nofollow noopener\">la 11e journ\u00e9e de Ligue 2<\/a>\u00a0o\u00f9 Amiens a battu Rodez (2-1).<\/p>\n<p>D\u00e9j\u00e0 tombeur de Dunkerque il y a une semaine, Montpellier, 8e au coup d\u2019envoi, avait la possibilit\u00e9 de remonter vers<a href=\"https:\/\/lemans.maville.com\/sport\/detail_-ligue-2.-yohou-delivre-le-mans-face-a-boulogne-dans-les-derniers-instants-_52734-7036433_actu.Htm\" target=\"_self\" rel=\"nofollow noopener\"> le haut du classement<\/a> apr\u00e8s un d\u00e9but de saison en dents de scie (4\u00a0victoires, 2\u00a0nuls, 4\u00a0d\u00e9faites). Avec ce succ\u00e8s face au promu nanc\u00e9ien, les H\u00e9raultais (17\u00a0pts) remontent \u00e0 la 5e place.<\/p>\n<p>Elydjah Mendy expuls\u00e9 d\u00e8s la 22e minute<\/p>\n<p>Le MHSC a profit\u00e9 de l\u2019exclusion d\u2019Elydjah Mendy, sanctionn\u00e9 d\u2019un deuxi\u00e8me carton jaune d\u00e8s la 22e minute, pour renverser la rencontre.<\/p>\n<p>R\u00e9duits \u00e0 dix mais devant au score apr\u00e8s l\u2019ouverture du score de Rayan Bamba, qui s\u2019y est repris \u00e0 deux fois pour tromper Simon Ngapandouetnbu \u00e0 la suite d\u2019un coup franc dans l\u2019axe (17e), les Lorrains ont tenu bon une vingtaine de minutes. Mais ils ont \u00e9t\u00e9 punis \u00e0 la 44e minute par Becir Omeragic, qui a repris avec succ\u00e8s une relance hasardeuse.<\/p>\n<p>D\u00e8s le retour des vestiaires, le MHSC a pris l\u2019avantage gr\u00e2ce \u00e0 son milieu de terrain Khalil Fayad (48e), avant que Nicolas Pays (63e) et Nathana\u00ebl Mbuku (80e) ne viennent alourdir le score en faveur des H\u00e9raultais.<\/p>\n<p>Amiens renversant<\/p>\n<p>Au stade de la Licorne, Amiens a \u00e9galement su renverser son adversaire pour d\u00e9crocher son premier succ\u00e8s \u00e0 domicile cette saison. Malgr\u00e9 le soleil automnal, les spectateurs ont pourtant \u00e9t\u00e9 cueillis \u00e0 froid d\u00e8s la 4e minute par Rodez, l\u2019attaquant Ibrahima Bald\u00e9 profitant d\u2019une faute de main de Paul Bernardoni.<\/p>\n<p>Mais les Picards ont recoll\u00e9 \u00e0 la 60e minute, Jan Mlakar venant pousser dans le but un ballon mal repouss\u00e9 par le gardien Quentin Braat.<\/p>\n<p><strong>Lire aussi<\/strong>\u00a0: <a href=\"https:\/\/guingamp.maville.com\/sport\/detail_-ligue-2.-guingamp-clermont.-on-est-tombe-dans-le-piege-une-opportunite-de-gachee-pour-l-eag-_5-7035902_actu.Htm\" target=\"_self\" rel=\"nofollow noopener\">Ligue 2. Guingamp &#8211; Clermont. \u00ab\u00a0On est tomb\u00e9 dans le pi\u00e8ge\u00a0\u00bb\u00a0: une opportunit\u00e9 de g\u00e2ch\u00e9e pour l\u2019EAG<\/a><\/p>\n<p>Douze minutes plus tard et quelques instants apr\u00e8s un face-\u00e0-face remport\u00e9 par Bernardoni face \u00e0 Tairyk Arconte, Ilyes Hamache s\u2019est magnifiquement jou\u00e9 de trois d\u00e9fenseurs ruth\u00e9nois avant de glisser le ballon entre les jambes de Braat pour offrir la victoire \u00e0 Amiens, qui se replace \u00e0 la 8e place (15\u00a0pts).<\/p>\n<p>Rodez et Nancy dans le ventre mou du classement<\/p>\n<p>D\u00e9faits, Rodez et Nancy restent dans la deuxi\u00e8me partie de tableau, respectivement 11e et 14e.<\/p>\n<p><strong>Lire aussi<\/strong>\u00a0: <a href=\"https:\/\/laval.maville.com\/sport\/detail_-stade-lavallois.-bastia-laval-reporte-l-avion-ne-decolle-pas-les-corses-ne-decolerent-pas-_11-7036440_actu.Htm\" target=\"_self\" rel=\"nofollow noopener\">Stade lavallois. Bastia &#8211; Laval report\u00e9\u00a0: l\u2019avion ne d\u00e9colle pas, les Corses ne d\u00e9col\u00e8rent pas<\/a><\/p>\n<p>Dans la soir\u00e9e (20\u00a0h),<a href=\"https:\/\/vichy.maville.com\/sport\/detail_-saint-etienne.-a-quelle-heure-et-sur-quelle-chaine-suivre-la-11e-journee-de-ligue-2-_54135-7036457_actu.Htm\" target=\"_self\" rel=\"nofollow noopener\"> Saint-\u00c9tienne se d\u00e9place \u00e0 Annecy<\/a> (13e). Les Verts, provisoirement retomb\u00e9s \u00e0 la 4e place et d\u00e9sormais \u00e0 quatre longueurs du leader troyen, essaieront de se ressaisir apr\u00e8s leur revers le week-end dernier au stade Geoffroy-Guichard face au Mans (3-2).<\/p>\n<p>\u00a0<\/p>\n","protected":false},"excerpt":{"rendered":"Montpellier a encha\u00een\u00e9 un deuxi\u00e8me succ\u00e8s de rang pour la premi\u00e8re fois cette saison, s\u2019imposant samedi \u00e0 domicile&hellip;\n","protected":false},"author":2,"featured_media":491620,"comment_status":"","ping_status":"","sticky":false,"template":"","format":"standard","meta":{"footnotes":""},"categories":[9635],"tags":[5742,1111,11,24738,10583,15335,4284,6596,1777,674,2823,1011,27,8296,775,3022,2208,1702,12,25,26119],"class_list":{"0":"post-491619","1":"post","2":"type-post","3":"status-publish","4":"format-standard","5":"has-post-thumbnail","7":"category-nancy","8":"tag-5742","9":"tag-actu","10":"tag-actualites","11":"tag-amiens","12":"tag-cagnes-sur-mer","13":"tag-domicile","14":"tag-enchaine","15":"tag-enfin","16":"tag-eu","17":"tag-europe","18":"tag-face","19":"tag-fr","20":"tag-france","21":"tag-gagne","22":"tag-grand-est","23":"tag-ligue","24":"tag-montpellier","25":"tag-nancy","26":"tag-news","27":"tag-republique-francaise","28":"tag-rodez"},"share_on_mastodon":{"url":"https:\/\/pubeurope.com\/@fr\/115441812371869466","error":""},"_links":{"self":[{"href":"https:\/\/www.europesays.com\/fr\/wp-json\/wp\/v2\/posts\/491619","targetHints":{"allow":["GET"]}}],"collection":[{"href":"https:\/\/www.europesays.com\/fr\/wp-json\/wp\/v2\/posts"}],"about":[{"href":"https:\/\/www.europesays.com\/fr\/wp-json\/wp\/v2\/types\/post"}],"author":[{"embeddable":true,"href":"https:\/\/www.europesays.com\/fr\/wp-json\/wp\/v2\/users\/2"}],"replies":[{"embeddable":true,"href":"https:\/\/www.europesays.com\/fr\/wp-json\/wp\/v2\/comments?post=491619"}],"version-history":[{"count":0,"href":"https:\/\/www.europesays.com\/fr\/wp-json\/wp\/v2\/posts\/491619\/revisions"}],"wp:featuredmedia":[{"embeddable":true,"href":"https:\/\/www.europesays.com\/fr\/wp-json\/wp\/v2\/media\/491620"}],"wp:attachment":[{"href":"https:\/\/www.europesays.com\/fr\/wp-json\/wp\/v2\/media?parent=491619"}],"wp:term":[{"taxonomy":"category","embeddable":true,"href":"https:\/\/www.europesays.com\/fr\/wp-json\/wp\/v2\/categories?post=491619"},{"taxonomy":"post_tag","embeddable":true,"href":"https:\/\/www.europesays.com\/fr\/wp-json\/wp\/v2\/tags?post=491619"}],"curies":[{"name":"wp","href":"https:\/\/api.w.org\/{rel}","templated":true}]}}