{"id":491629,"date":"2025-10-26T18:14:12","date_gmt":"2025-10-26T18:14:12","guid":{"rendered":"https:\/\/www.europesays.com\/fr\/491629\/"},"modified":"2025-10-26T18:14:12","modified_gmt":"2025-10-26T18:14:12","slug":"apres-la-parfumerie-elle-ouvre-sa-patisserie-a-rouen-inspiree-par-son-ancien-metier","status":"publish","type":"post","link":"https:\/\/www.europesays.com\/fr\/491629\/","title":{"rendered":"Apr\u00e8s la parfumerie, elle ouvre sa p\u00e2tisserie \u00e0 Rouen, inspir\u00e9e par son ancien m\u00e9tier"},"content":{"rendered":"<p>            Par<br \/>\n        <strong><br \/>\n            <a href=\"https:\/\/actu.fr\/auteur\/fmass\" title=\"Consulter tous les articles de Fabien Massin\" target=\"_blank\" rel=\"noopener\">Fabien Massin<\/a><br \/>\n        <\/strong><\/p>\n<p>        Publi\u00e9 le<\/p>\n<p>            26 oct. 2025 \u00e0 17h55        <\/p>\n<p>Une<strong> \u00ab\u00a0exp\u00e9rience olfacto-culinaire\u00a0\u00bb<\/strong> : voil\u00e0 la proposition de Kubo, p\u00e2tisserie qui vient d\u2019ouvrir <a href=\"https:\/\/actu.fr\/normandie\/rouen_76540\/comment-se-porte-le-commerce-rue-de-la-republique-a-rouen-cette-rue-mal-aimee-de-la-rive-droite_62949148.html\" target=\"_blank\" rel=\"noopener\">rue de la R\u00e9publique<\/a> \u00e0 <a href=\"https:\/\/actu.fr\/normandie\/rouen_76540\" target=\"_blank\" rel=\"noopener\">Rouen (Seine-Maritime)<\/a>, \u00e0 l\u2019angle de la <a href=\"https:\/\/actu.fr\/normandie\/rouen_76540\/commerces-a-rouen-la-rue-saint-nicolas-du-quasi-neant-a-rue-parmi-les-plus-cotees-de-la-ville_62581928.html\" target=\"_blank\" rel=\"noopener\">rue Saint-Nicolas<\/a>. Sa cr\u00e9atrice,<strong> H\u00e9l\u00e8ne Deguen<\/strong>, a travaill\u00e9 pendant huit ans dans le secteur de l\u2019industrie de la parfumerie\/cosm\u00e9tique \u00e0 Paris. En parall\u00e8le, elle lance un blog dans lequel elle livrait son \u00ab\u00a0interpr\u00e9tation des parfums en plat ou en p\u00e2tisserie\u00a0\u00bb. \u00ab\u00a0Je me suis particuli\u00e8rement int\u00e9ress\u00e9e \u00e0 la p\u00e2tisserie, explique-t-elle. J\u2019aime son c\u00f4t\u00e9 technique et son c\u00f4t\u00e9 visuel : une p\u00e2tisserie, <strong>on la mange d\u2019abord avec les yeux<\/strong>.\u00a0\u00bb<\/p>\n<p>Une premi\u00e8re boutique \u00e0 Paris<\/p>\n<p class=\" wall-content\">En 2015, H\u00e9l\u00e8ne passe son CAP de p\u00e2tisserie et en 2019, elle saute le pas, elle d\u00e9missionne de son entreprise et ouvre sa premi\u00e8re boutique, \u00e0 Paris, dans le 10e arrondissement. L\u00e0, elle poursuit son id\u00e9e d\u2019associer des ingr\u00e9dients parfum\u00e9s dans ses recettes, en utilisant de la bergamote, <strong>\u00ab\u00a0que l\u2019on utilise dans la parfumerie\u00a0\u00bb<\/strong>, pr\u00e9cise-t-elle, ou en allant chercher des notes florales du c\u00f4t\u00e9 de la violette, du jasmin et de la rose, cette derni\u00e8re \u00e9tant \u00ab\u00a0plus difficile \u00e0 travailler\u00a0\u00bb.\u00a0<\/p>\n<p class=\" wall-content\">Ou encore, en utilisant du v\u00e9tiver (une racine) et de la vanille de Madagascar et de Tahiti, \u00ab\u00a0qui n\u2019ont pas le m\u00eame profil aromatique\u00a0\u00bb. La p\u00e2tissi\u00e8re, <strong>dont la maman est japonaise<\/strong>, aime \u00e9galement puiser son inspiration dans cette origine. Avec toujours l\u2019ambition, dans les recettes, de trouver les bons accords entre les ingr\u00e9dients.\u00a0<\/p>\n<p class=\" wall-content\">Avec les p\u00e9riodes Covid, \u00e0 partir de 2020, vient l\u2019envie de quitter la capitale. \u00ab\u00a0Je connaissais un peu la Normandie mais pas Rouen, indique H\u00e9l\u00e8ne.<strong> J\u2019aime beaucoup, c\u2019est une tr\u00e8s belle ville <\/strong>et l\u2019endroit est chouette pour les familles.\u00a0\u00bb<\/p>\n<p>Des associations de saveurs originales<\/p>\n<p class=\" wall-content\">Arriv\u00e9e dans la capitale normande en ao\u00fbt dernier, elle d\u00e9cide donc d\u2019ouvrir une p\u00e2tisserie Kubo ici, \u00e0 l\u2019angle de la rue de la R\u00e9publique et de la rue Saint-Nicolas. \u00ab\u00a0J\u2019ai tout de suite ador\u00e9 ce lieu, le sol est magnifique,<strong> et il y a une hauteur de plafond peu courante \u00e0 Rouen<\/strong>, se r\u00e9jouit H\u00e9l\u00e8ne. \u00catre en angle de rue donne de la visibilit\u00e9 et il y a du passage. Et la boutique est suffisamment spacieuse pour y am\u00e9nager un espace salon de th\u00e9.\u00a0\u00bb<\/p>\n<p class=\" wall-content\">C\u00f4t\u00e9 p\u00e2tisseries, on trouve actuellement une <strong>tarte shiso\/th\u00e9 jasmin\/citron<\/strong>, une tarte pistache\/s\u00e9same, un flan vanille, un Paris-Brest \u00e0 la noisette, une charlotte avec biscuit de Savoie, yuzu et mangue, une tarte au chocolat noir\/caramel au beurre sal\u00e9, ou encore une <strong>cr\u00e9ation associant pomme de Normandie, vanille et kinako<\/strong>. Le midi il y a \u00e9galement des sandwichs sal\u00e9s, r\u00e9alis\u00e9s \u00e0 partir de shokupan, du pain de mie japonais.\u00a0<\/p>\n<p>Votre r\u00e9gion, votre actu !<\/p>\n<p>Recevez chaque jour les infos qui comptent pour vous.<\/p>\n<p>\t<a href=\"https:\/\/actu.fr\/newsletter\" class=\"ac-btn ac-btn--corner ac-btn--medium ac-btn--blue800\" target=\"_blank\" rel=\"noopener\">S&rsquo;incrire<\/a><\/p>\n<p>    <img   decoding=\"async\" loading=\"lazy\" src=\"https:\/\/www.europesays.com\/fr\/wp-content\/uploads\/2025\/10\/patisserie-kubo-rouen-japon-960x640.jpg\" alt=\"Un exemple de g\u00e2teau bien app\u00e9tissant. \" width=\"960\" height=\"640\"\/><br \/>\n    Un exemple de g\u00e2teaux bien app\u00e9tissants. (\u00a9FM\/76actu)<\/p>\n<p>Kubo p\u00e2tisserie, 47, rue de la R\u00e9publique \u00e0 Rouen, ouvert du mardi au jeudi de 10h \u00e0 18h30<br \/>et le vendredi et samedi de 10h \u00e0 19h.\u00a0<\/p>\n<p>Suivez l\u2019actualit\u00e9 de Rouen sur notre <a href=\"https:\/\/www.whatsapp.com\/channel\/0029VaKfnf99hXF2ddApFB1D\" target=\"_blank\" rel=\"noopener\">cha\u00eene WhatsApp<\/a> et sur notre <a href=\"https:\/\/www.tiktok.com\/@76actu.fr?lang=fr\" target=\"_blank\" rel=\"noopener\">compte TikTok<\/a><\/p>\n<p class=\" wall-content\">Personnalisez votre actualit\u00e9 en ajoutant vos villes et m\u00e9dias en favori avec <a href=\"https:\/\/moncompte.actu.fr\" title=\"D\u00e9couvez Mon Actu\" rel=\"nofollow noopener\" data-trk=\"{&quot;cta&quot;:{&quot;action&quot;:&quot;https:\\\/\\\/moncompte.actu.fr&quot;,&quot;category&quot;:&quot;mon compte&quot;,&quot;from&quot;:&quot;article footer&quot;,&quot;name&quot;:&quot;Mon actu&quot;,&quot;type&quot;:&quot;cta&quot;}}\" target=\"_blank\">Mon Actu<\/a>.<\/p>\n<p>                    <script async src=\"\/\/www.tiktok.com\/embed.js\"><\/script><\/p>\n","protected":false},"excerpt":{"rendered":"Par Fabien Massin Publi\u00e9 le 26 oct. 2025 \u00e0 17h55 Une \u00ab\u00a0exp\u00e9rience olfacto-culinaire\u00a0\u00bb : voil\u00e0 la proposition de&hellip;\n","protected":false},"author":2,"featured_media":491630,"comment_status":"","ping_status":"","sticky":false,"template":"","format":"standard","meta":{"footnotes":""},"categories":[9587],"tags":[1111,11,9086,1777,674,1011,27,1661,1652,12,5161,3147,25,9590],"class_list":{"0":"post-491629","1":"post","2":"type-post","3":"status-publish","4":"format-standard","5":"has-post-thumbnail","7":"category-rouen","8":"tag-actu","9":"tag-actualites","10":"tag-bon-plan-a-rouen","11":"tag-eu","12":"tag-europe","13":"tag-fr","14":"tag-france","15":"tag-gastronomie","16":"tag-loisirs-culture","17":"tag-news","18":"tag-normandie","19":"tag-nouveaux-commerces","20":"tag-republique-francaise","21":"tag-rouen"},"share_on_mastodon":{"url":"https:\/\/pubeurope.com\/@fr\/115441832496749561","error":""},"_links":{"self":[{"href":"https:\/\/www.europesays.com\/fr\/wp-json\/wp\/v2\/posts\/491629","targetHints":{"allow":["GET"]}}],"collection":[{"href":"https:\/\/www.europesays.com\/fr\/wp-json\/wp\/v2\/posts"}],"about":[{"href":"https:\/\/www.europesays.com\/fr\/wp-json\/wp\/v2\/types\/post"}],"author":[{"embeddable":true,"href":"https:\/\/www.europesays.com\/fr\/wp-json\/wp\/v2\/users\/2"}],"replies":[{"embeddable":true,"href":"https:\/\/www.europesays.com\/fr\/wp-json\/wp\/v2\/comments?post=491629"}],"version-history":[{"count":0,"href":"https:\/\/www.europesays.com\/fr\/wp-json\/wp\/v2\/posts\/491629\/revisions"}],"wp:featuredmedia":[{"embeddable":true,"href":"https:\/\/www.europesays.com\/fr\/wp-json\/wp\/v2\/media\/491630"}],"wp:attachment":[{"href":"https:\/\/www.europesays.com\/fr\/wp-json\/wp\/v2\/media?parent=491629"}],"wp:term":[{"taxonomy":"category","embeddable":true,"href":"https:\/\/www.europesays.com\/fr\/wp-json\/wp\/v2\/categories?post=491629"},{"taxonomy":"post_tag","embeddable":true,"href":"https:\/\/www.europesays.com\/fr\/wp-json\/wp\/v2\/tags?post=491629"}],"curies":[{"name":"wp","href":"https:\/\/api.w.org\/{rel}","templated":true}]}}