{"id":491637,"date":"2025-10-26T18:22:12","date_gmt":"2025-10-26T18:22:12","guid":{"rendered":"https:\/\/www.europesays.com\/fr\/491637\/"},"modified":"2025-10-26T18:22:12","modified_gmt":"2025-10-26T18:22:12","slug":"illkirch-graffenstaden-au-salon-du-flipper-des-machines-adaptees-aux-joueurs-handicapes","status":"publish","type":"post","link":"https:\/\/www.europesays.com\/fr\/491637\/","title":{"rendered":"Illkirch-Graffenstaden. Au salon du flipper, des machines adapt\u00e9es aux joueurs handicap\u00e9s"},"content":{"rendered":"<p>Que se cache-t-il derri\u00e8re les flashs, les couleurs kitsch et les sonneries des 72 flippers et autres jeux d\u2019arcade (simulateurs de vitesse, bornes de jeux de danse&#8230;) qui vibrent et cr\u00e9pitent \u00e0 L\u2019Illiade \u00e0 Illkirch, <a href=\"https:\/\/www.dna.fr\/culture-loisirs\/2025\/10\/25\/salon-alsa-flip-2025-des-flippers-du-fun-et-des-fans\" target=\"_blank\" rel=\"noopener\">o\u00f9 se tenait ce week-end le salon du flipper et des jeux de caf\u00e9<\/a> \u00a0? Un geste totalement gratuit. De ceux dont on doute dans notre soci\u00e9t\u00e9 de consommation outranci\u00e8re.<\/p>\n<p>L\u2019association Des lumi\u00e8res dans les yeux, organisatrice du salon, n\u2019a en effet pour seule vocation que d\u2019offrir des flippers neufs (et d\u2019assurer leur maintenance) \u00e0 des structures accueillant des enfants malades ou des personnes en situation de handicap moteur ou mental. Ce qui a surpris, puis finalement s\u00e9duit, l\u2019h\u00f4pital de Hautepierre qui a \u00e9t\u00e9 le premier&#8230;<\/p>\n","protected":false},"excerpt":{"rendered":"Que se cache-t-il derri\u00e8re les flashs, les couleurs kitsch et les sonneries des 72 flippers et autres jeux&hellip;\n","protected":false},"author":2,"featured_media":491638,"comment_status":"","ping_status":"","sticky":false,"template":"","format":"standard","meta":{"footnotes":""},"categories":[2820],"tags":[1111,11,1687,2880,1777,674,107,1011,27,775,1943,3088,330,10265,12,25,104,640,3089,1631],"class_list":{"0":"post-491637","1":"post","2":"type-post","3":"status-publish","4":"format-standard","5":"has-post-thumbnail","7":"category-strasbourg","8":"tag-actu","9":"tag-actualites","10":"tag-culture-loisirs","11":"tag-edition-strasbourg","12":"tag-eu","13":"tag-europe","14":"tag-fil-info","15":"tag-fr","16":"tag-france","17":"tag-grand-est","18":"tag-handicap","19":"tag-illkirch-graffenstaden","20":"tag-jeux","21":"tag-loto","22":"tag-news","23":"tag-republique-francaise","24":"tag-societe","25":"tag-strasbourg","26":"tag-strasbourg-sud","27":"tag-vie-associative"},"share_on_mastodon":{"url":"https:\/\/pubeurope.com\/@fr\/115441863552708495","error":""},"_links":{"self":[{"href":"https:\/\/www.europesays.com\/fr\/wp-json\/wp\/v2\/posts\/491637","targetHints":{"allow":["GET"]}}],"collection":[{"href":"https:\/\/www.europesays.com\/fr\/wp-json\/wp\/v2\/posts"}],"about":[{"href":"https:\/\/www.europesays.com\/fr\/wp-json\/wp\/v2\/types\/post"}],"author":[{"embeddable":true,"href":"https:\/\/www.europesays.com\/fr\/wp-json\/wp\/v2\/users\/2"}],"replies":[{"embeddable":true,"href":"https:\/\/www.europesays.com\/fr\/wp-json\/wp\/v2\/comments?post=491637"}],"version-history":[{"count":0,"href":"https:\/\/www.europesays.com\/fr\/wp-json\/wp\/v2\/posts\/491637\/revisions"}],"wp:featuredmedia":[{"embeddable":true,"href":"https:\/\/www.europesays.com\/fr\/wp-json\/wp\/v2\/media\/491638"}],"wp:attachment":[{"href":"https:\/\/www.europesays.com\/fr\/wp-json\/wp\/v2\/media?parent=491637"}],"wp:term":[{"taxonomy":"category","embeddable":true,"href":"https:\/\/www.europesays.com\/fr\/wp-json\/wp\/v2\/categories?post=491637"},{"taxonomy":"post_tag","embeddable":true,"href":"https:\/\/www.europesays.com\/fr\/wp-json\/wp\/v2\/tags?post=491637"}],"curies":[{"name":"wp","href":"https:\/\/api.w.org\/{rel}","templated":true}]}}