{"id":491643,"date":"2025-10-26T18:25:13","date_gmt":"2025-10-26T18:25:13","guid":{"rendered":"https:\/\/www.europesays.com\/fr\/491643\/"},"modified":"2025-10-26T18:25:13","modified_gmt":"2025-10-26T18:25:13","slug":"nice-enfonce-rennes-de-lair-pour-le-havre-et-angers","status":"publish","type":"post","link":"https:\/\/www.europesays.com\/fr\/491643\/","title":{"rendered":"Nice enfonce Rennes, de l\u2019air pour Le Havre et Angers"},"content":{"rendered":"<p>\n    Nice, Le Havre et Angers l\u2019ont emport\u00e9 ce samedi, lors du multiplex de la neuvi\u00e8me journ\u00e9e de Ligue 1.<\/p>\n<p class=\"fig-paragraph\">Sale temps pour Rennes\u2026 Les Bretons ont encha\u00een\u00e9 un cinqui\u00e8me match sans victoire ce dimanche, lors de\u00a0<a href=\"https:\/\/www.lefigaro.fr\/sports\/football\/ligue-1\/calendrier-resultats?journee=9\" target=\"_blank\" rel=\"nofollow noopener\" data-gtm-custom-categorie=\"navigation\" data-gtm-custom-action=\"crossclick\" data-gtm-custom-label=\"Contextuel\" data-gtm-event=\"customEventSPE\">la neuvi\u00e8me journ\u00e9e de Ligue 1<\/a>. Pire\u00a0: ils ont connu la d\u00e9faite face \u00e0 Nice (1-2), \u00e0 domicile, avec des buts de Diop et Clauss pour les Aiglons, contre une r\u00e9alisation de A\u00eft Boudlal. La position de Habib Beye, l\u2019entra\u00eeneur rennais, est plus fragile que jamais\u2026 Rennes est maintenant 10e\u00a0<a href=\"https:\/\/www.lefigaro.fr\/sports\/football\/ligue-1\/classement\" target=\"_blank\" rel=\"noopener nofollow\" data-gtm-custom-categorie=\"navigation\" data-gtm-custom-action=\"crossclick\" data-gtm-custom-label=\"Contextuel\" data-gtm-event=\"customEventSPE\">au classement<\/a>, avec trois points de moins que Nice (8e), qui restait sur une nouvelle d\u00e9faite en Ligue Europa cette semaine.<\/p>\n<p class=\"fig-paragraph\">Les deux autres matchs au programme du multiplex de ce dimanche apr\u00e8s-midi concernaient le bas de classement. Le Havre l\u2019a emport\u00e9 sur le terrain d\u2019Auxerre (0-1) avec un but de Tour\u00e9 en d\u00e9but de seconde p\u00e9riode. Avec des r\u00e9alisations de Peter et Cherif, Angers a, de son c\u00f4t\u00e9, eu raison de Lorient (2-0). Au classement, Le Havre (14e) et Angers (15e) respirent. Lorient (16e) apparait d\u00e9sormais en position de barragiste tandis qu\u2019Auxerre (17e) rejoint le FC Metz (18e) chez les rel\u00e9gables. Rappelons que\u00a0<a href=\"http:\/\/www.lefigaro.fr\/sports\/football\/ligue-1\/lille-metz-fernandez-pardo-flambe-les-lorrains-frisent-le-ridicule-les-tops-et-flops-20251026\" data-fig-type=\"NewsFlash\" data-gtm-custom-categorie=\"navigation\" data-gtm-custom-action=\"crossclick\" data-gtm-custom-label=\"Contextuel\" data-gtm-event=\"customEventSPE\" data-fig-domain=\"LEFIGARO\" rel=\"nofollow noopener\" target=\"_blank\">la lanterne rouge messine a pris le bouillon sur le terrain de Lille (6-1)<\/a>\u00a0plus t\u00f4t dans la journ\u00e9e.<\/p>\n","protected":false},"excerpt":{"rendered":"Nice, Le Havre et Angers l\u2019ont emport\u00e9 ce samedi, lors du multiplex de la neuvi\u00e8me journ\u00e9e de Ligue&hellip;\n","protected":false},"author":2,"featured_media":491644,"comment_status":"","ping_status":"","sticky":false,"template":"","format":"standard","meta":{"footnotes":""},"categories":[2819],"tags":[1111,11,4428,460,1777,674,3317,1011,27,4447,12,2401,2268,882,25,3087],"class_list":{"0":"post-491643","1":"post","2":"type-post","3":"status-publish","4":"format-standard","5":"has-post-thumbnail","7":"category-nice","8":"tag-actu","9":"tag-actualites","10":"tag-aj-auxerre","11":"tag-angers-sco","12":"tag-eu","13":"tag-europe","14":"tag-fc-lorient","15":"tag-fr","16":"tag-france","17":"tag-le-havre-ac","18":"tag-news","19":"tag-nice","20":"tag-ogc-nice","21":"tag-provence-alpes-cote-dazur","22":"tag-republique-francaise","23":"tag-stade-rennais"},"share_on_mastodon":{"url":"https:\/\/pubeurope.com\/@fr\/115441875335991109","error":""},"_links":{"self":[{"href":"https:\/\/www.europesays.com\/fr\/wp-json\/wp\/v2\/posts\/491643","targetHints":{"allow":["GET"]}}],"collection":[{"href":"https:\/\/www.europesays.com\/fr\/wp-json\/wp\/v2\/posts"}],"about":[{"href":"https:\/\/www.europesays.com\/fr\/wp-json\/wp\/v2\/types\/post"}],"author":[{"embeddable":true,"href":"https:\/\/www.europesays.com\/fr\/wp-json\/wp\/v2\/users\/2"}],"replies":[{"embeddable":true,"href":"https:\/\/www.europesays.com\/fr\/wp-json\/wp\/v2\/comments?post=491643"}],"version-history":[{"count":0,"href":"https:\/\/www.europesays.com\/fr\/wp-json\/wp\/v2\/posts\/491643\/revisions"}],"wp:featuredmedia":[{"embeddable":true,"href":"https:\/\/www.europesays.com\/fr\/wp-json\/wp\/v2\/media\/491644"}],"wp:attachment":[{"href":"https:\/\/www.europesays.com\/fr\/wp-json\/wp\/v2\/media?parent=491643"}],"wp:term":[{"taxonomy":"category","embeddable":true,"href":"https:\/\/www.europesays.com\/fr\/wp-json\/wp\/v2\/categories?post=491643"},{"taxonomy":"post_tag","embeddable":true,"href":"https:\/\/www.europesays.com\/fr\/wp-json\/wp\/v2\/tags?post=491643"}],"curies":[{"name":"wp","href":"https:\/\/api.w.org\/{rel}","templated":true}]}}