{"id":491645,"date":"2025-10-26T18:26:22","date_gmt":"2025-10-26T18:26:22","guid":{"rendered":"https:\/\/www.europesays.com\/fr\/491645\/"},"modified":"2025-10-26T18:26:22","modified_gmt":"2025-10-26T18:26:22","slug":"ce-studio-multimedia-est-pense-pour-faciliter-la-vie-des-createurs-de-contenus","status":"publish","type":"post","link":"https:\/\/www.europesays.com\/fr\/491645\/","title":{"rendered":"Ce studio multim\u00e9dia est pens\u00e9 pour faciliter la vie des cr\u00e9ateurs de contenus"},"content":{"rendered":"<p>Depuis ce mois d\u2019octobre\u00a02025, Nantes accueille le <a href=\"https:\/\/www.studio-unique.fr\/\" rel=\"nofollow noopener\" target=\"_blank\">Studio unique<\/a>, un espace de cr\u00e9ation audiovisuelle con\u00e7u pour les podcasteurs, vid\u00e9astes, entrepreneurs et communicants. L\u2019objectif\u00a0: permettre \u00e0 chacun de tourner facilement ses contenus et de repartir avec ses rushes, sans se soucier de la technique.<\/p>\n<p>\u00a0\u00c0 la base, nous sommes une soci\u00e9t\u00e9 de production audiovisuelle, explique Amandine Juste, cofondatrice du studio. Nous accompagnons les entreprises dans leur communication vid\u00e9o, que ce soit pour la notori\u00e9t\u00e9, la croissance ou le recrutement. Le Studio unique est n\u00e9 pour offrir ce m\u00eame accompagnement aux cr\u00e9ateurs nantais et aux entreprises, dans un espace modulable et pr\u00eat \u00e0 l\u2019emploi.\u00a0<\/p>\n<p>Le studio mise sur la simplicit\u00e9 et la personnalisation. Une session type commence par la r\u00e9servation en ligne et le remplissage d\u2019un questionnaire pour d\u00e9terminer le nombre de participants et les besoins techniques. Le mobilier et l\u2019ambiance peuvent \u00eatre adapt\u00e9s\u00a0: table ronde pour un podcast, canap\u00e9 et table basse pour un format plus d\u00e9tendu, fauteuils\u2026 Chaque cr\u00e9ateur repart avec une configuration qui lui ressemble.<\/p>\n<p>Une fois sur place, le studio s\u2019occupe de tout\u00a0: accueil avec caf\u00e9, r\u00e9glages du son et de l\u2019image, puis enregistrement. Les plus press\u00e9s peuvent profiter de la r\u00e9alisation live et repartir directement avec leur \u00e9pisode mont\u00e9, pr\u00eat \u00e0 \u00eatre diffus\u00e9.<\/p>\n<p>La formule comprend des offres allant de 90\u00a0\u20ac pour les entrepreneurs et coaches, jusqu\u2019\u00e0 300\u00a0\u20ac la demi-journ\u00e9e pour une location compl\u00e8te avec personnalisation du d\u00e9cor.<\/p>\n<p>\u00a0\u00a0Notre philosophie, c\u2019est un savant m\u00e9lange de technique, cr\u00e9ativit\u00e9 et convivialit\u00e9, r\u00e9sume Amandine Juste. La technique garantit un rendu professionnel, la cr\u00e9ativit\u00e9 vient des invit\u00e9s et la convivialit\u00e9 s\u2019installe naturellement gr\u00e2ce \u00e0 l\u2019ambiance du studio.\u00a0<\/p>\n<p>Depuis son ouverture, le Studio unique accueille principalement des podcasts \u00e0 deux personnes, mais peut recevoir jusqu\u2019\u00e0 quatre participants et plus. Tout le mat\u00e9riel est fourni et les cr\u00e9ateurs n\u2019ont pas besoin d\u2019apporter d\u2019\u00e9quipe suppl\u00e9mentaire.<\/p>\n<p>Situ\u00e9 en plein centre, pr\u00e8s de l\u2019H\u00f4tel-Dieu, le studio est facilement accessible en transports en commun, et sa proximit\u00e9 avec le Lieu unique a inspir\u00e9 son nom.<\/p>\n<p>Avec ce nouvel espace, Nantes se dote d\u2019un lieu flexible et professionnel o\u00f9 les cr\u00e9ateurs peuvent se concentrer sur leur art, pendant que l\u2019\u00e9quipe technique s\u2019occupe du reste. Une promesse simple\u00a0: arriver les mains dans les poches et repartir avec du contenu de qualit\u00e9.<\/p>\n<p> PRATIQUE<\/p>\n<p>Les visites se font sur rendez-vous. Contacter Amandine Juste \u00e0 amandine@nwes.fr ou rendez-vous sur www.studio-unique.fr.<\/p>\n<p>\u00a0<\/p>\n","protected":false},"excerpt":{"rendered":"Depuis ce mois d\u2019octobre\u00a02025, Nantes accueille le Studio unique, un espace de cr\u00e9ation audiovisuelle con\u00e7u pour les podcasteurs,&hellip;\n","protected":false},"author":2,"featured_media":491646,"comment_status":"","ping_status":"","sticky":false,"template":"","format":"standard","meta":{"footnotes":""},"categories":[2818],"tags":[1111,11,61434,14063,1777,674,20907,1011,27,720,766,12,2636,43453,25,31626,4717],"class_list":{"0":"post-491645","1":"post","2":"type-post","3":"status-publish","4":"format-standard","5":"has-post-thumbnail","7":"category-nantes","8":"tag-actu","9":"tag-actualites","10":"tag-contenus","11":"tag-createurs","12":"tag-eu","13":"tag-europe","14":"tag-faciliter","15":"tag-fr","16":"tag-france","17":"tag-multimedia","18":"tag-nantes","19":"tag-news","20":"tag-pays-de-la-loire","21":"tag-pense","22":"tag-republique-francaise","23":"tag-studio","24":"tag-vie"},"share_on_mastodon":{"url":"https:\/\/pubeurope.com\/@fr\/115441879180480993","error":""},"_links":{"self":[{"href":"https:\/\/www.europesays.com\/fr\/wp-json\/wp\/v2\/posts\/491645","targetHints":{"allow":["GET"]}}],"collection":[{"href":"https:\/\/www.europesays.com\/fr\/wp-json\/wp\/v2\/posts"}],"about":[{"href":"https:\/\/www.europesays.com\/fr\/wp-json\/wp\/v2\/types\/post"}],"author":[{"embeddable":true,"href":"https:\/\/www.europesays.com\/fr\/wp-json\/wp\/v2\/users\/2"}],"replies":[{"embeddable":true,"href":"https:\/\/www.europesays.com\/fr\/wp-json\/wp\/v2\/comments?post=491645"}],"version-history":[{"count":0,"href":"https:\/\/www.europesays.com\/fr\/wp-json\/wp\/v2\/posts\/491645\/revisions"}],"wp:featuredmedia":[{"embeddable":true,"href":"https:\/\/www.europesays.com\/fr\/wp-json\/wp\/v2\/media\/491646"}],"wp:attachment":[{"href":"https:\/\/www.europesays.com\/fr\/wp-json\/wp\/v2\/media?parent=491645"}],"wp:term":[{"taxonomy":"category","embeddable":true,"href":"https:\/\/www.europesays.com\/fr\/wp-json\/wp\/v2\/categories?post=491645"},{"taxonomy":"post_tag","embeddable":true,"href":"https:\/\/www.europesays.com\/fr\/wp-json\/wp\/v2\/tags?post=491645"}],"curies":[{"name":"wp","href":"https:\/\/api.w.org\/{rel}","templated":true}]}}