{"id":491652,"date":"2025-10-26T18:32:23","date_gmt":"2025-10-26T18:32:23","guid":{"rendered":"https:\/\/www.europesays.com\/fr\/491652\/"},"modified":"2025-10-26T18:32:23","modified_gmt":"2025-10-26T18:32:23","slug":"autour-du-monde-a-toulouse","status":"publish","type":"post","link":"https:\/\/www.europesays.com\/fr\/491652\/","title":{"rendered":"autour du monde\u00a0\u00bb \u00e0 Toulouse"},"content":{"rendered":"<p>            Par<br \/>\n        <strong><br \/>\n            <a href=\"https:\/\/actu.fr\/auteur\/francoise-2\" title=\"Consulter tous les articles de Francoise Gautier\" rel=\"nofollow noopener\" target=\"_blank\">Francoise Gautier<\/a><br \/>\n        <\/strong><\/p>\n<p>        Publi\u00e9 le<\/p>\n<p>            26 oct. 2025 \u00e0 19h20        <\/p>\n<p>Afin de les remercier et les r\u00e9compenser de leur fid\u00e9lit\u00e9, <a href=\"https:\/\/actu.fr\/toulouse\/\" rel=\"nofollow noopener\" target=\"_blank\">Actu Toulouse<\/a> offre d\u00e9sormais en exclusivit\u00e9 \u00e0 ses abonn\u00e9s de <strong>nombreuses places<\/strong> pour les principaux \u00e9v\u00e9nements qui font vibrer la Ville rose. Abonnez-vous, \u00e0 partir de <strong>1 euro seulement<\/strong> \u2013 et sans engagement \u2013 pour profiter de l\u2019ensemble de nos jeux ! Cette semaine, on vous emm\u00e8ne au <strong>spectacle<\/strong>\u00a0musical in\u00e9dit <strong>\u00ab\u00a0Disney en concert : autour du monde\u00a0\u00bb<\/strong> qui s\u2019installe au <a href=\"https:\/\/actu.fr\/tag\/zenith-de-toulouse\" rel=\"nofollow noopener\" target=\"_blank\">Z\u00e9nith de Toulouse<\/a>, samedi 1er novembre 2025. Jouez et gagnez vos places !<\/p>\n<p>Voyage entre Roi Lion et Reine des Neiges<\/p>\n<p class=\" wall-content\">Le nouveau spectacle \u00ab\u00a0Disney en concert : Autour du Monde\u00a0\u00bb invite \u00e0 <strong>un voyage musical<\/strong> et <strong>visuel<\/strong> extraordinaire \u00e0 travers les <strong>univers les plus embl\u00e9matiques<\/strong> de Disney. De la chaleur de la savane du <strong>Roi Lion<\/strong> aux myst\u00e8res des for\u00eats nordiques de la <strong>Reine des Neiges<\/strong>, en passant par les terres luxuriantes de <strong>Vaiana<\/strong> et les rivi\u00e8res sauvages avec <strong>Pocahontas<\/strong>, ce spectacle unique transporte petits et grands \u00e0 travers les cultures, les paysages et les h\u00e9ros qui ont marqu\u00e9 l\u2019histoire de Disney.<\/p>\n<p>Une immersion totale assur\u00e9e<\/p>\n<p class=\" wall-content\">Sur sc\u00e8ne, un <strong>orchestre symphonique<\/strong>, accompagn\u00e9 de chanteurs et danseurs, offre une <strong>immersion totale<\/strong> dans la magie de Disney. Les musiques inoubliables, compos\u00e9es par de grands talents du cin\u00e9ma, prennent vie sur sc\u00e8ne, tandis que des extraits des films embl\u00e9matiques sont projet\u00e9s sur \u00e9cran g\u00e9ant HD. Chaque morceau emm\u00e8ne le spectateur dans un nouveau monde, pr\u00eat \u00e0 s\u2019envoler pur le Pays Imaginaire avec Peter Pan, \u00e0 s\u2019aventurer vers l\u2019orient aux c\u00f4t\u00e9s de Mulan ou \u00e0 danser sur des airs latino avec Mirabel.<\/p>\n<p>Spectacle in\u00e9dit samedi prochain<\/p>\n<p class=\" wall-content\">Ce voyage musical explore les th\u00e9matiques universelles de l\u2019amour, de l\u2019amiti\u00e9, de la famille, du courage et de la qu\u00eate d\u2019ind\u00e9pendance, incarn\u00e9es par les h\u00e9ros et h\u00e9ro\u00efnes de Disney. Les spectateurs pourront retrouver <strong>Simba, Elsa, Aladdin, Mulan, Peter Pan, Pocahontas<\/strong> et bien d\u2019autres au c\u0153ur de leurs aventures. Chaque histoire est une nouvelle escale o\u00f9 se m\u00ealent magie, \u00e9motions et souvenirs, et o\u00f9 la beaut\u00e9 des cultures et paysages s\u2019harmonise avec la puissance des compositions musicales.\u00a0Un spectacle pour petits et grands \u00e0 d\u00e9couvrir au Z\u00e9nith de Toulouse, <strong>samedi 1\u1d49\u02b3 novembre 2025 \u00e0 20 heures.<\/strong><\/p>\n<p>Des places \u00e0 gagner jusqu\u2019au 29 octobre 2025<\/p>\n<p class=\" wall-content\">Pour jouer et tenter de <strong>gagner vos places (deux par gagnant),<\/strong> compl\u00e9tez et validez le formulaire de participation avant <strong>mercredi 29 octobre 2025 \u00e0 14 heures<\/strong>. Les gagnants seront inform\u00e9s par t\u00e9l\u00e9phone.<\/p>\n<p>    <a href=\"https:\/\/docs.google.com\/forms\/d\/e\/1FAIpQLSf081RKigKy6-FV5X0VpxmP0yv1CH96Crqo_NvLrOeQkbk-Xw\/viewform?embedded=true\" title=\"Ouvrie le lien\" rel=\"nofollow noopener\" target=\"_blank\">Cliquez ici pour visualiser le contenu<\/a><\/p>\n<p class=\" wall-content\">Personnalisez votre actualit\u00e9 en ajoutant vos villes et m\u00e9dias en favori avec <a href=\"https:\/\/moncompte.actu.fr\" title=\"D\u00e9couvez Mon Actu\" rel=\"nofollow noopener\" data-trk=\"{&quot;cta&quot;:{&quot;action&quot;:&quot;https:\\\/\\\/moncompte.actu.fr&quot;,&quot;category&quot;:&quot;mon compte&quot;,&quot;from&quot;:&quot;article footer&quot;,&quot;name&quot;:&quot;Mon actu&quot;,&quot;type&quot;:&quot;cta&quot;}}\" target=\"_blank\">Mon Actu<\/a>.<\/p>\n","protected":false},"excerpt":{"rendered":"Par Francoise Gautier Publi\u00e9 le 26 oct. 2025 \u00e0 19h20 Afin de les remercier et les r\u00e9compenser de&hellip;\n","protected":false},"author":2,"featured_media":491653,"comment_status":"","ping_status":"","sticky":false,"template":"","format":"standard","meta":{"footnotes":""},"categories":[2816],"tags":[1111,11,1697,1777,674,1011,27,1652,12,2680,25,2312],"class_list":{"0":"post-491652","1":"post","2":"type-post","3":"status-publish","4":"format-standard","5":"has-post-thumbnail","7":"category-toulouse","8":"tag-actu","9":"tag-actualites","10":"tag-concert","11":"tag-eu","12":"tag-europe","13":"tag-fr","14":"tag-france","15":"tag-loisirs-culture","16":"tag-news","17":"tag-occitanie","18":"tag-republique-francaise","19":"tag-toulouse"},"share_on_mastodon":{"url":"https:\/\/pubeurope.com\/@fr\/115441902697963166","error":""},"_links":{"self":[{"href":"https:\/\/www.europesays.com\/fr\/wp-json\/wp\/v2\/posts\/491652","targetHints":{"allow":["GET"]}}],"collection":[{"href":"https:\/\/www.europesays.com\/fr\/wp-json\/wp\/v2\/posts"}],"about":[{"href":"https:\/\/www.europesays.com\/fr\/wp-json\/wp\/v2\/types\/post"}],"author":[{"embeddable":true,"href":"https:\/\/www.europesays.com\/fr\/wp-json\/wp\/v2\/users\/2"}],"replies":[{"embeddable":true,"href":"https:\/\/www.europesays.com\/fr\/wp-json\/wp\/v2\/comments?post=491652"}],"version-history":[{"count":0,"href":"https:\/\/www.europesays.com\/fr\/wp-json\/wp\/v2\/posts\/491652\/revisions"}],"wp:featuredmedia":[{"embeddable":true,"href":"https:\/\/www.europesays.com\/fr\/wp-json\/wp\/v2\/media\/491653"}],"wp:attachment":[{"href":"https:\/\/www.europesays.com\/fr\/wp-json\/wp\/v2\/media?parent=491652"}],"wp:term":[{"taxonomy":"category","embeddable":true,"href":"https:\/\/www.europesays.com\/fr\/wp-json\/wp\/v2\/categories?post=491652"},{"taxonomy":"post_tag","embeddable":true,"href":"https:\/\/www.europesays.com\/fr\/wp-json\/wp\/v2\/tags?post=491652"}],"curies":[{"name":"wp","href":"https:\/\/api.w.org\/{rel}","templated":true}]}}