{"id":491660,"date":"2025-10-26T18:39:10","date_gmt":"2025-10-26T18:39:10","guid":{"rendered":"https:\/\/www.europesays.com\/fr\/491660\/"},"modified":"2025-10-26T18:39:10","modified_gmt":"2025-10-26T18:39:10","slug":"marseille-nice-la-concurrence-livre-ses-promesses","status":"publish","type":"post","link":"https:\/\/www.europesays.com\/fr\/491660\/","title":{"rendered":"Marseille-Nice : la concurrence livre ses promesses"},"content":{"rendered":"<p>        <a class=\"Link \" href=\"https:\/\/www.lopinion.fr\/economie\/espagne-lautorite-de-la-concurrence-etend-son-enquete-a-lencontre-dapple\" data-cms-ai=\"0\" target=\"_blank\" rel=\"noopener\">Espagne : l&rsquo;autorit\u00e9 de la concurrence \u00e9tend son enqu\u00eate \u00e0 l&rsquo;encontre d&rsquo;Apple<\/a><\/p>\n<p>l&rsquo;Opinion (avec AFP)<\/p>\n<p>Madrid &#8211; Le gendarme de la concurrence espagnol a annonc\u00e9 mardi avoir \u00e9largi son enqu\u00eate ouverte voil\u00e0 un an \u00e0 l\u2019encontre d\u2019Apple \u00e0 de possibles bar\u00e8mes tarifaires impos\u00e9s par le g\u00e9ant am\u00e9ricain aux d\u00e9veloppeurs proposant des applications sur l\u2019Apple Store. La Commission nationale des march\u00e9s et de la concurrence (CNMC) avait ouvert une proc\u00e9dure d\u2019enqu\u00eate contre Apple le 1er juillet 2024 pour de infractions potentielles dans les conditions commerciales impos\u00e9es aux d\u00e9veloppeurs utilisant sa plateforme d\u2019applications. Un an apr\u00e8s, cette enqu\u00eate a \u00e9t\u00e9 \u00ab\u00e9largie\u00bb, en raison de la d\u00e9couverte de nouveaux \u00e9l\u00e9ments susceptibles de \u00abconstituer une infraction\u00bb \u00e0 la r\u00e9glementation europ\u00e9enne, souligne l\u2019organisme dans un communiqu\u00e9. Selon ce communiqu\u00e9, la CNMC soup\u00e7onne Apple d\u2019avoir \u00ab\u00e9tabli un calendrier de prix que les d\u00e9veloppeurs doivent suivre obligatoirement s\u2019ils souhaitent proposer leurs applications\u00bb sur l\u2019Apple Store. Dans une r\u00e9action transmise \u00e0 l\u2019AFP, Apple a d\u00e9fendu sa politique commerciale, assurant avoir \u00abcon\u00e7u l\u2019App Store pour offrir une exp\u00e9rience s\u00fbre et fiable aux utilisateurs et une excellente opportunit\u00e9 commerciale pour les d\u00e9veloppeurs en Espagne et dans le monde entier\u00bb. \u00abNous continuerons \u00e0 travailler avec l\u2019autorit\u00e9 espagnole de la concurrence pour nous assurer que nos pr\u00e9occupations sont pleinement comprises\u00bb, a ajout\u00e9 l\u2019entreprise. Lors de l\u2019ouverture de l\u2019enqu\u00eate voil\u00e0 un an, le g\u00e9ant californien avait contest\u00e9 l\u2019analyse de la CNMC, assurant que \u00ables d\u00e9veloppeurs espagnols de toutes tailles\u00bb rivalisaient \u00absur un pied d&rsquo;\u00e9galit\u00e9 sur l\u2019App Store\u00bb. Apple a construit son succ\u00e8s sur un \u00e9cosyst\u00e8me ferm\u00e9 autour des iPhone et iPad dont il contr\u00f4le tous les param\u00e8tres, invoquant des imp\u00e9ratifs de s\u00e9curit\u00e9 et le confort accru des utilisateurs &#8211; une philosophie en opposition frontale avec les r\u00e8gles europ\u00e9ennes de concurrence. \u00a9 Agence France-Presse<\/p>\n","protected":false},"excerpt":{"rendered":"Espagne : l&rsquo;autorit\u00e9 de la concurrence \u00e9tend son enqu\u00eate \u00e0 l&rsquo;encontre d&rsquo;Apple l&rsquo;Opinion (avec AFP) Madrid &#8211; Le&hellip;\n","protected":false},"author":2,"featured_media":491661,"comment_status":"","ping_status":"","sticky":false,"template":"","format":"standard","meta":{"footnotes":""},"categories":[2814],"tags":[1111,11,1777,674,1011,27,884,12,882,25],"class_list":{"0":"post-491660","1":"post","2":"type-post","3":"status-publish","4":"format-standard","5":"has-post-thumbnail","7":"category-marseille","8":"tag-actu","9":"tag-actualites","10":"tag-eu","11":"tag-europe","12":"tag-fr","13":"tag-france","14":"tag-marseille","15":"tag-news","16":"tag-provence-alpes-cote-dazur","17":"tag-republique-francaise"},"share_on_mastodon":{"url":"https:\/\/pubeurope.com\/@fr\/115441930338286200","error":""},"_links":{"self":[{"href":"https:\/\/www.europesays.com\/fr\/wp-json\/wp\/v2\/posts\/491660","targetHints":{"allow":["GET"]}}],"collection":[{"href":"https:\/\/www.europesays.com\/fr\/wp-json\/wp\/v2\/posts"}],"about":[{"href":"https:\/\/www.europesays.com\/fr\/wp-json\/wp\/v2\/types\/post"}],"author":[{"embeddable":true,"href":"https:\/\/www.europesays.com\/fr\/wp-json\/wp\/v2\/users\/2"}],"replies":[{"embeddable":true,"href":"https:\/\/www.europesays.com\/fr\/wp-json\/wp\/v2\/comments?post=491660"}],"version-history":[{"count":0,"href":"https:\/\/www.europesays.com\/fr\/wp-json\/wp\/v2\/posts\/491660\/revisions"}],"wp:featuredmedia":[{"embeddable":true,"href":"https:\/\/www.europesays.com\/fr\/wp-json\/wp\/v2\/media\/491661"}],"wp:attachment":[{"href":"https:\/\/www.europesays.com\/fr\/wp-json\/wp\/v2\/media?parent=491660"}],"wp:term":[{"taxonomy":"category","embeddable":true,"href":"https:\/\/www.europesays.com\/fr\/wp-json\/wp\/v2\/categories?post=491660"},{"taxonomy":"post_tag","embeddable":true,"href":"https:\/\/www.europesays.com\/fr\/wp-json\/wp\/v2\/tags?post=491660"}],"curies":[{"name":"wp","href":"https:\/\/api.w.org\/{rel}","templated":true}]}}