{"id":491662,"date":"2025-10-26T18:40:13","date_gmt":"2025-10-26T18:40:13","guid":{"rendered":"https:\/\/www.europesays.com\/fr\/491662\/"},"modified":"2025-10-26T18:40:13","modified_gmt":"2025-10-26T18:40:13","slug":"les-royalistes-lyonnais-repeignent-la-croix-rousse-aux-couleurs-de-la-france","status":"publish","type":"post","link":"https:\/\/www.europesays.com\/fr\/491662\/","title":{"rendered":"Les royalistes lyonnais repeignent la Croix-Rousse aux couleurs de la France &#8211;"},"content":{"rendered":"<p>\t\t\t\t<img fetchpriority=\"high\" decoding=\"async\" width=\"900\" height=\"625\" src=\"https:\/\/www.europesays.com\/fr\/wp-content\/uploads\/2025\/10\/action-francaise-drapeau-croix-rousse.jpg\" alt=\"\" title=\"action fran\u00e7aise drapeau croix rousse\"   class=\"wp-image-166235\"\/><\/p>\n<p>Captures d\u2019\u00e9cran FB Action Fran\u00e7aise Lyon<\/p>\n<p><strong>Par la r\u00e9daction \u2013<\/strong> Le drapeau palestinien peint sur les escaliers de la Grande c\u00f4te a \u00e9t\u00e9 remplac\u00e9 par une oriflamme fran\u00e7aise dans la nuit de vendredi \u00e0 samedi.<\/p>\n<p>Les monarchistes de l\u2019Action Fran\u00e7aise Lyon ont revendiqu\u00e9 cette \u0153uvre artistique et non violente <strong><a style=\"color: #0000ff;\" href=\"https:\/\/www.facebook.com\/actionfrancaiselyon\" target=\"_blank\" rel=\"noopener\">sur leurs r\u00e9seaux sociaux Facebook et Insta<\/a>\u00a0<\/strong>: \u00ab\u00a0Dans les pentes de la Croix-Rousse, un drapeau fran\u00e7ais s\u2019est \u00e9lev\u00e9 ! L\u2019occasion de rappeler notre fiert\u00e9 et notre identit\u00e9 au lendemain de la d\u00e9cision de justice concernant Lola ! N\u2019importe quelle peine est trop douce pour la barbarie qu\u2019a subie cette jeune fran\u00e7aise.\u00a0Ni oubli, ni pardon, jamais !\u00a0\u00bb<\/p>\n<p>Combien de temps restera-t-il en place\u00a0? Sera-t-il effac\u00e9 par la mairie \u00e9cologiste LFI \u00a0de Lyon, celle-l\u00e0 m\u00eame qui pavoise l\u2019H\u00f4tel de Ville avec le drapeau palestinien devenu depuis le 7 octobre l\u2019embl\u00e8me de Gaza et du Hamas\u00a0?<\/p>\n","protected":false},"excerpt":{"rendered":"Captures d\u2019\u00e9cran FB Action Fran\u00e7aise Lyon Par la r\u00e9daction \u2013 Le drapeau palestinien peint sur les escaliers de&hellip;\n","protected":false},"author":2,"featured_media":491663,"comment_status":"","ping_status":"","sticky":false,"template":"","format":"standard","meta":{"footnotes":""},"categories":[1889],"tags":[1111,11,2430,54063,1777,674,1011,27,2428,12,25],"class_list":{"0":"post-491662","1":"post","2":"type-post","3":"status-publish","4":"format-standard","5":"has-post-thumbnail","7":"category-lyon","8":"tag-actu","9":"tag-actualites","10":"tag-auvergne-rhone-alpes","11":"tag-drapeau-palestinien","12":"tag-eu","13":"tag-europe","14":"tag-fr","15":"tag-france","16":"tag-lyon","17":"tag-news","18":"tag-republique-francaise"},"share_on_mastodon":{"url":"https:\/\/pubeurope.com\/@fr\/115441934815732629","error":""},"_links":{"self":[{"href":"https:\/\/www.europesays.com\/fr\/wp-json\/wp\/v2\/posts\/491662","targetHints":{"allow":["GET"]}}],"collection":[{"href":"https:\/\/www.europesays.com\/fr\/wp-json\/wp\/v2\/posts"}],"about":[{"href":"https:\/\/www.europesays.com\/fr\/wp-json\/wp\/v2\/types\/post"}],"author":[{"embeddable":true,"href":"https:\/\/www.europesays.com\/fr\/wp-json\/wp\/v2\/users\/2"}],"replies":[{"embeddable":true,"href":"https:\/\/www.europesays.com\/fr\/wp-json\/wp\/v2\/comments?post=491662"}],"version-history":[{"count":0,"href":"https:\/\/www.europesays.com\/fr\/wp-json\/wp\/v2\/posts\/491662\/revisions"}],"wp:featuredmedia":[{"embeddable":true,"href":"https:\/\/www.europesays.com\/fr\/wp-json\/wp\/v2\/media\/491663"}],"wp:attachment":[{"href":"https:\/\/www.europesays.com\/fr\/wp-json\/wp\/v2\/media?parent=491662"}],"wp:term":[{"taxonomy":"category","embeddable":true,"href":"https:\/\/www.europesays.com\/fr\/wp-json\/wp\/v2\/categories?post=491662"},{"taxonomy":"post_tag","embeddable":true,"href":"https:\/\/www.europesays.com\/fr\/wp-json\/wp\/v2\/tags?post=491662"}],"curies":[{"name":"wp","href":"https:\/\/api.w.org\/{rel}","templated":true}]}}