{"id":491664,"date":"2025-10-26T18:41:15","date_gmt":"2025-10-26T18:41:15","guid":{"rendered":"https:\/\/www.europesays.com\/fr\/491664\/"},"modified":"2025-10-26T18:41:15","modified_gmt":"2025-10-26T18:41:15","slug":"villages-du-lac-de-paladru-nouveau-concert-de-lorchestre-symphonique-de-lyon-annonce","status":"publish","type":"post","link":"https:\/\/www.europesays.com\/fr\/491664\/","title":{"rendered":"Villages-du-Lac-de-Paladru. Nouveau concert de l\u2019orchestre symphonique de Lyon annonc\u00e9"},"content":{"rendered":"<p>Le comit\u00e9 de jumelage de Paladru, en collaboration avec l\u2019orchestre symphonique de Lyon, propose un concert unique en Is\u00e8re le samedi 8\u00a0novembre, \u00e0 20\u00a0h\u00a030, dans la salle Pallas de Paladru.<\/p>\n<p>70\u00a0musiciens \u00e9merveilleront le public \u00e0 travers des th\u00e8mes tant classiques que contemporains, comme des musiques de films.<\/p>\n<p class=\"note\">Billetterie uniquement sur r\u00e9servation et sur Helloasso. Renseignement au 06\u00a081\u00a020\u00a061\u00a038 ou par mail \u00e0 comitedejumelagepaladru@gmail.com. Tarifs\u00a0: adultes\u00a0: 20\u00a0euros\u00a0; plus de 12 ans et \u00e9tudiants\u00a0: 15\u00a0euros\u00a0; moins de 12 ans\u00a0: gratuit.<\/p>\n","protected":false},"excerpt":{"rendered":"Le comit\u00e9 de jumelage de Paladru, en collaboration avec l\u2019orchestre symphonique de Lyon, propose un concert unique en&hellip;\n","protected":false},"author":2,"featured_media":491665,"comment_status":"","ping_status":"","sticky":false,"template":"","format":"standard","meta":{"footnotes":""},"categories":[1889],"tags":[1111,11,2430,61438,1687,116,1777,674,1011,27,2428,873,12,25,61437],"class_list":{"0":"post-491664","1":"post","2":"type-post","3":"status-publish","4":"format-standard","5":"has-post-thumbnail","7":"category-lyon","8":"tag-actu","9":"tag-actualites","10":"tag-auvergne-rhone-alpes","11":"tag-bourbre-lac-valdaine","12":"tag-culture-loisirs","13":"tag-edition-la-tour-du-pin-nord-dauphine","14":"tag-eu","15":"tag-europe","16":"tag-fr","17":"tag-france","18":"tag-lyon","19":"tag-musique","20":"tag-news","21":"tag-republique-francaise","22":"tag-villages-du-lac-de-paladru"},"share_on_mastodon":{"url":"https:\/\/pubeurope.com\/@fr\/115441938115258232","error":""},"_links":{"self":[{"href":"https:\/\/www.europesays.com\/fr\/wp-json\/wp\/v2\/posts\/491664","targetHints":{"allow":["GET"]}}],"collection":[{"href":"https:\/\/www.europesays.com\/fr\/wp-json\/wp\/v2\/posts"}],"about":[{"href":"https:\/\/www.europesays.com\/fr\/wp-json\/wp\/v2\/types\/post"}],"author":[{"embeddable":true,"href":"https:\/\/www.europesays.com\/fr\/wp-json\/wp\/v2\/users\/2"}],"replies":[{"embeddable":true,"href":"https:\/\/www.europesays.com\/fr\/wp-json\/wp\/v2\/comments?post=491664"}],"version-history":[{"count":0,"href":"https:\/\/www.europesays.com\/fr\/wp-json\/wp\/v2\/posts\/491664\/revisions"}],"wp:featuredmedia":[{"embeddable":true,"href":"https:\/\/www.europesays.com\/fr\/wp-json\/wp\/v2\/media\/491665"}],"wp:attachment":[{"href":"https:\/\/www.europesays.com\/fr\/wp-json\/wp\/v2\/media?parent=491664"}],"wp:term":[{"taxonomy":"category","embeddable":true,"href":"https:\/\/www.europesays.com\/fr\/wp-json\/wp\/v2\/categories?post=491664"},{"taxonomy":"post_tag","embeddable":true,"href":"https:\/\/www.europesays.com\/fr\/wp-json\/wp\/v2\/tags?post=491664"}],"curies":[{"name":"wp","href":"https:\/\/api.w.org\/{rel}","templated":true}]}}