{"id":491670,"date":"2025-10-26T18:45:13","date_gmt":"2025-10-26T18:45:13","guid":{"rendered":"https:\/\/www.europesays.com\/fr\/491670\/"},"modified":"2025-10-26T18:45:13","modified_gmt":"2025-10-26T18:45:13","slug":"le-gouvernement-israelien-confirme-le-deploiement-dun-convoi-egyptien-a-gaza-pour-aider-a-retrouver-les-corps-dotages","status":"publish","type":"post","link":"https:\/\/www.europesays.com\/fr\/491670\/","title":{"rendered":"le gouvernement isra\u00e9lien confirme le d\u00e9ploiement d\u2019un convoi \u00e9gyptien \u00e0 Gaza pour aider \u00e0 retrouver les corps d\u2019otages"},"content":{"rendered":"<p>   Benyamin N\u00e9tanyahou affirme qu\u2019Isra\u00ebl est un Etat ind\u00e9pendant et n\u2019a besoin d\u2019aucun accord pour frapper ses ennemis             <\/p>\n<p class=\"post__live-container--answer-text post__space-node\">En pr\u00e9ambule d\u2019une r\u00e9union du cabinet isra\u00e9lien, dimanche, le premier ministre, Benyamin N\u00e9tanyahou, a d\u00e9clar\u00e9 qu\u2019\u00ab\u00a0au cours du mois \u00e9coul\u00e9, nous avons entendu des affirmations ridicules concernant les relations entre les Etats-Unis et Isra\u00ebl. Lorsque j\u2019\u00e9tais \u00e0 Washington, on disait que je contr\u00f4lais le gouvernement am\u00e9ricain, que j\u2019en dictais la politique de s\u00e9curit\u00e9\u00a0\u00bb, a affirm\u00e9 M.\u00a0N\u00e9tanyahou, qui s\u2019exprimait apr\u00e8s une semaine au cours de laquelle il a re\u00e7u la visite d\u2019une s\u00e9rie de hauts responsables am\u00e9ricains cherchant \u00e0 consolider le cessez-le-feu en vigueur \u00e0 Gaza depuis le 10\u00a0octobre.<\/p>\n<p class=\"post__live-container--answer-text post__space-node\">\u00ab\u00a0Maintenant, on pr\u00e9tend le contraire\u00a0: que le gouvernement am\u00e9ricain me contr\u00f4le et dicte la politique de s\u00e9curit\u00e9 d\u2019Isra\u00ebl. Ces deux affirmations sont fausses. Isra\u00ebl est un pays ind\u00e9pendant, les Etats-Unis sont un pays ind\u00e9pendant. Notre relation est celle de partenaires, et ce partenariat, qui a atteint un niveau sans pr\u00e9c\u00e9dent, s\u2019est \u00e9galement exprim\u00e9 dans la coop\u00e9ration op\u00e9rationnelle lors de la deuxi\u00e8me phase de [la guerre Isra\u00ebl-Iran]\u00a0\u00bb, a-t-il ajout\u00e9.<\/p>\n<p class=\"post__live-container--answer-text post__space-node\">Il a ajout\u00e9\u00a0: \u00ab\u00a0Je veux \u00eatre clair\u00a0: notre politique de s\u00e9curit\u00e9 est entre nos mains. Nous ne tol\u00e9rerons pas les attaques contre nous, nous y r\u00e9pondons \u00e0 notre discr\u00e9tion, comme nous l\u2019avons fait au Liban et r\u00e9cemment \u00e0 Gaza. (\u2026). Et, bien s\u00fbr, nous d\u00e9jouons aussi les menaces avant qu\u2019elles ne se concr\u00e9tisent, comme nous l\u2019avons fait hier dans la bande de Gaza.\u00a0\u00bb<\/p>\n<p class=\"post__live-container--answer-text post__space-node\">Le premier ministre a poursuivi\u00a0: \u00ab\u00a0Nous contr\u00f4lons notre propre s\u00e9curit\u00e9, et nous avons \u00e9galement pr\u00e9cis\u00e9, en ce qui concerne les forces internationales, qu\u2019Isra\u00ebl d\u00e9terminera quelles forces lui sont inacceptables, et c\u2019est ainsi que nous agissons et que nous continuerons d\u2019agir. (\u2026) Cela est bien s\u00fbr \u00e9galement compris et accept\u00e9 par les Etats-Unis, comme leurs plus hauts repr\u00e9sentants l\u2019ont exprim\u00e9 ces derniers jours\u00a0\u00bb<\/p>\n","protected":false},"excerpt":{"rendered":"Benyamin N\u00e9tanyahou affirme qu\u2019Isra\u00ebl est un Etat ind\u00e9pendant et n\u2019a besoin d\u2019aucun accord pour frapper ses ennemis En&hellip;\n","protected":false},"author":2,"featured_media":491671,"comment_status":"","ping_status":"","sticky":false,"template":"","format":"standard","meta":{"footnotes":""},"categories":[1888],"tags":[1111,1928,11,1927,1777,674,1011,27,12,1926,626,1925,25],"class_list":{"0":"post-491670","1":"post","2":"type-post","3":"status-publish","4":"format-standard","5":"has-post-thumbnail","7":"category-paris","8":"tag-actu","9":"tag-actu-paris","10":"tag-actualites","11":"tag-actualites-paris","12":"tag-eu","13":"tag-europe","14":"tag-fr","15":"tag-france","16":"tag-news","17":"tag-news-paris","18":"tag-paris","19":"tag-paris-news","20":"tag-republique-francaise"},"share_on_mastodon":{"url":"https:\/\/pubeurope.com\/@fr\/115441954182549639","error":""},"_links":{"self":[{"href":"https:\/\/www.europesays.com\/fr\/wp-json\/wp\/v2\/posts\/491670","targetHints":{"allow":["GET"]}}],"collection":[{"href":"https:\/\/www.europesays.com\/fr\/wp-json\/wp\/v2\/posts"}],"about":[{"href":"https:\/\/www.europesays.com\/fr\/wp-json\/wp\/v2\/types\/post"}],"author":[{"embeddable":true,"href":"https:\/\/www.europesays.com\/fr\/wp-json\/wp\/v2\/users\/2"}],"replies":[{"embeddable":true,"href":"https:\/\/www.europesays.com\/fr\/wp-json\/wp\/v2\/comments?post=491670"}],"version-history":[{"count":0,"href":"https:\/\/www.europesays.com\/fr\/wp-json\/wp\/v2\/posts\/491670\/revisions"}],"wp:featuredmedia":[{"embeddable":true,"href":"https:\/\/www.europesays.com\/fr\/wp-json\/wp\/v2\/media\/491671"}],"wp:attachment":[{"href":"https:\/\/www.europesays.com\/fr\/wp-json\/wp\/v2\/media?parent=491670"}],"wp:term":[{"taxonomy":"category","embeddable":true,"href":"https:\/\/www.europesays.com\/fr\/wp-json\/wp\/v2\/categories?post=491670"},{"taxonomy":"post_tag","embeddable":true,"href":"https:\/\/www.europesays.com\/fr\/wp-json\/wp\/v2\/tags?post=491670"}],"curies":[{"name":"wp","href":"https:\/\/api.w.org\/{rel}","templated":true}]}}