{"id":491674,"date":"2025-10-26T18:47:13","date_gmt":"2025-10-26T18:47:13","guid":{"rendered":"https:\/\/www.europesays.com\/fr\/491674\/"},"modified":"2025-10-26T18:47:13","modified_gmt":"2025-10-26T18:47:13","slug":"un-couple-a-pu-exceptionnellement-se-marier-a-notre-dame-de-paris-voici-pourquoi","status":"publish","type":"post","link":"https:\/\/www.europesays.com\/fr\/491674\/","title":{"rendered":"Un couple a pu exceptionnellement se marier \u00e0 Notre-Dame de Paris : voici pourquoi"},"content":{"rendered":"<p>            Par<br \/>\n        <strong><br \/>\n            <a href=\"https:\/\/actu.fr\/auteur\/redaction-paris\" title=\"Consulter tous les articles de R\u00e9daction Paris\" target=\"_blank\" rel=\"noopener\">R\u00e9daction Paris<\/a><br \/>\n        <\/strong><\/p>\n<p>        Publi\u00e9 le<\/p>\n<p>            26 oct. 2025 \u00e0 19h22        <\/p>\n<p>Un symbole fort et un moment suspendu. Ce samedi 25\u00a0octobre 2025, pr\u00e8s d\u2019un an apr\u00e8s la r\u00e9ouverture de <a href=\"https:\/\/actu.fr\/tag\/notre-dame-de-paris\" target=\"_blank\" rel=\"noopener\">Notre-Dame de Paris<\/a>, un <strong>charpentier<\/strong> s\u2019est mari\u00e9 avec sa compagne dans la cath\u00e9drale, comme le rapporte <a href=\"https:\/\/www.franceinfo.fr\/culture\/patrimoine\/incendie-de-notre-dame-de-paris\/reouverture\/notre-dame-de-paris-le-mariage-d-exception-d-un-charpentier-et-sa-compagne-celebre-dans-la-cathedrale_7575280.html\" target=\"_blank\" rel=\"noopener\">France T\u00e9l\u00e9visions<\/a>. Artisan de la reconstruction du c\u00e9l\u00e8bre \u00e9difice religieux situ\u00e9 dans le 4e arrondissement, <strong>Martin Lorentz<\/strong> a travaill\u00e9 durant trois ans sur le <a href=\"https:\/\/actu.fr\/ile-de-france\/paris_75056\/notre-dame-de-paris-cinq-ans-apres-l-incendie-ravageur-les-dix-chiffres-a-retenir-de-sa-resurrection_60943264.html\" target=\"_blank\" rel=\"noopener\">gigantesque chantier<\/a> ayant suivi l\u2019incendie qui avait ravag\u00e9 le lieu de culte le 15\u00a0avril 2019.<\/p>\n<p>500\u00a0personnes dans l\u2019assistance<\/p>\n<p class=\" wall-content\">L\u2019autorisation a \u00e9t\u00e9 accord\u00e9e par l\u2019archev\u00eaque de Paris Monseigneur Ulrich. Une validation exceptionnelle dans ce b\u00e2timent hautement s\u00e9curis\u00e9. Le recteur de Notre-Dame Monseigneur Ricordeau a ainsi pr\u00e9sid\u00e9 la c\u00e9r\u00e9monie devant <strong>500\u00a0personnes<\/strong>, parmi lesquelles \u00e9taient pr\u00e9sents de <strong>nombreux charpentiers<\/strong>.<\/p>\n<p class=\" wall-content\">Ces derniers ont ainsi \u00e9t\u00e9 salu\u00e9s pour leur r\u00f4le dans la <strong>reconstruction<\/strong> de la cath\u00e9drale. Des mois durant, ils ont forg\u00e9 les poutres de la charpente en s\u2019appuyant sur des vieilles techniques m\u00e9di\u00e9vales. Ils ont ainsi fait partie des plus de 2000 compagnons ayant particip\u00e9 au chantier \u00ab\u2009Reb\u00e2tir Notre-Dame de Paris\u2009\u00bb, qui a co\u00fbt\u00e9 quelque <strong>700\u00a0millions d\u2019euros<\/strong>. Les travailleurs avaient \u00e9t\u00e9 d\u00e9cor\u00e9s par le pr\u00e9sident <a href=\"https:\/\/actu.fr\/ile-de-france\/paris_75056\/une-nouvelle-maison-c-est-merveilleux-les-catholiques-de-paris-enchantes-a-la-reouverture-de-notre-dame_61973326.html\" target=\"_blank\" rel=\"noopener\">Emmanuel Macron<\/a>, le 15\u00a0avril 2024, cinq ans apr\u00e8s l\u2019incendie.<\/p>\n<p class=\" wall-content\">Selon des chiffres communiqu\u00e9s \u00e0 La Tribune Dimanche par le recteur de Notre-Dame, le nombre de visiteurs de la cath\u00e9drale depuis sa r\u00e9ouverture s\u2019\u00e9levait \u00e0 <a href=\"https:\/\/actu.fr\/ile-de-france\/paris_75056\/le-monument-le-plus-visite-de-france-comment-notre-dame-de-paris-a-conquis-plus-de-6-millions-de-visiteurs_62874230.html\" target=\"_blank\" rel=\"noopener\">plus de 6\u00a0millions<\/a> en juillet dernier, le classant au <strong>sommet<\/strong> des monuments fran\u00e7ais.<\/p>\n<p class=\" wall-content\">Personnalisez votre actualit\u00e9 en ajoutant vos villes et m\u00e9dias en favori avec <a href=\"https:\/\/moncompte.actu.fr\" title=\"D\u00e9couvez Mon Actu\" rel=\"nofollow noopener\" data-trk=\"{&quot;cta&quot;:{&quot;action&quot;:&quot;https:\\\/\\\/moncompte.actu.fr&quot;,&quot;category&quot;:&quot;mon compte&quot;,&quot;from&quot;:&quot;article footer&quot;,&quot;name&quot;:&quot;Mon actu&quot;,&quot;type&quot;:&quot;cta&quot;}}\" target=\"_blank\">Mon Actu<\/a>.<\/p>\n","protected":false},"excerpt":{"rendered":"Par R\u00e9daction Paris Publi\u00e9 le 26 oct. 2025 \u00e0 19h22 Un symbole fort et un moment suspendu. Ce&hellip;\n","protected":false},"author":2,"featured_media":491675,"comment_status":"","ping_status":"","sticky":false,"template":"","format":"standard","meta":{"footnotes":""},"categories":[1888],"tags":[11,1777,674,1011,27,1930,12,3341,626,25,104],"class_list":{"0":"post-491674","1":"post","2":"type-post","3":"status-publish","4":"format-standard","5":"has-post-thumbnail","7":"category-paris","8":"tag-actualites","9":"tag-eu","10":"tag-europe","11":"tag-fr","12":"tag-france","13":"tag-mariage","14":"tag-news","15":"tag-notre-dame-de-paris","16":"tag-paris","17":"tag-republique-francaise","18":"tag-societe"},"share_on_mastodon":{"url":"https:\/\/pubeurope.com\/@fr\/115441962184820322","error":""},"_links":{"self":[{"href":"https:\/\/www.europesays.com\/fr\/wp-json\/wp\/v2\/posts\/491674","targetHints":{"allow":["GET"]}}],"collection":[{"href":"https:\/\/www.europesays.com\/fr\/wp-json\/wp\/v2\/posts"}],"about":[{"href":"https:\/\/www.europesays.com\/fr\/wp-json\/wp\/v2\/types\/post"}],"author":[{"embeddable":true,"href":"https:\/\/www.europesays.com\/fr\/wp-json\/wp\/v2\/users\/2"}],"replies":[{"embeddable":true,"href":"https:\/\/www.europesays.com\/fr\/wp-json\/wp\/v2\/comments?post=491674"}],"version-history":[{"count":0,"href":"https:\/\/www.europesays.com\/fr\/wp-json\/wp\/v2\/posts\/491674\/revisions"}],"wp:featuredmedia":[{"embeddable":true,"href":"https:\/\/www.europesays.com\/fr\/wp-json\/wp\/v2\/media\/491675"}],"wp:attachment":[{"href":"https:\/\/www.europesays.com\/fr\/wp-json\/wp\/v2\/media?parent=491674"}],"wp:term":[{"taxonomy":"category","embeddable":true,"href":"https:\/\/www.europesays.com\/fr\/wp-json\/wp\/v2\/categories?post=491674"},{"taxonomy":"post_tag","embeddable":true,"href":"https:\/\/www.europesays.com\/fr\/wp-json\/wp\/v2\/tags?post=491674"}],"curies":[{"name":"wp","href":"https:\/\/api.w.org\/{rel}","templated":true}]}}