{"id":491676,"date":"2025-10-26T18:48:15","date_gmt":"2025-10-26T18:48:15","guid":{"rendered":"https:\/\/www.europesays.com\/fr\/491676\/"},"modified":"2025-10-26T18:48:15","modified_gmt":"2025-10-26T18:48:15","slug":"attaque-de-drones-russes-et-missile-de-croisiere-a-propulsion-nucleaire","status":"publish","type":"post","link":"https:\/\/www.europesays.com\/fr\/491676\/","title":{"rendered":"Attaque de drones russes et missile de croisi\u00e8re \u00e0 propulsion nucl\u00e9aire"},"content":{"rendered":"<p>Vous avez rat\u00e9 les derniers \u00e9v\u00e9nements sur la guerre en <a href=\"https:\/\/www.20minutes.fr\/monde\/ukraine\/\" class=\"c-link c-link--is-underlined\" target=\"_blank\" rel=\"noopener\">Ukraine\u00a0<\/a>? 20 Minutes fait le point pour vous tous les soirs. Voici l\u2019essentiel de ce dimanche 26\u00a0octobre, 1.341e jour du conflit.<\/p>\n<p>Le fait du jour<\/p>\n<p>Une attaque de drones russe sur Kiev a fait trois morts et pr\u00e8s d\u2019une trentaine de bless\u00e9s dont six enfants, a annonc\u00e9 dimanche le maire de la capitale ukrainienne <a href=\"https:\/\/www.20minutes.fr\/dossier\/vitali_klitschko\" class=\"c-link c-link--is-underlined\" target=\"_blank\" rel=\"noopener\">Vitali Klitschko<\/a>. \u00ab\u00a0Selon les premi\u00e8res informations, trois personnes sont d\u00e9c\u00e9d\u00e9es et 27 ont \u00e9t\u00e9 bless\u00e9es\u00a0\u00bb dans le quartier de Desnianskyi \u00e0 Kiev, a \u00e9crit Klitschko sur <a href=\"https:\/\/www.20minutes.fr\/high-tech\/telegram\/\" class=\"c-link c-link--is-underlined\" target=\"_blank\" rel=\"noopener\">Telegram<\/a>. L\u2019attaque a \u00e9galement caus\u00e9 de nombreux d\u00e9g\u00e2ts mat\u00e9riels et des feux se sont d\u00e9clar\u00e9s dans plusieurs appartements d\u2019un immeuble, avant d\u2019\u00eatre \u00e9teint. Dans le quartier d\u2019Obolonskyi, des d\u00e9bris de drones sont tomb\u00e9s sur un immeuble de 16 \u00e9tages, selon le maire de Kiev.<\/p>\n<\/p>\n<p>La phrase du jour<\/p>\n<blockquote class=\"mx-m@xs mx-xxl@md color-ultramarine c-citation\">\n<p class=\"font-weight-regular@xs text-italic font-source-serif-pro text-l@xs c-citation__content\">\u00ab\u00a0\u00ab\u00a0Nous sommes t\u00e9moins de tentatives titanesques de saper tout dialogue entre la Russie et les \u00c9tats-Unis\u00a0\u00bb\u00a0\u00bb<\/p>\n<\/blockquote>\n<p>On la doit \u00e0 Kirill Dmitriev. Cet \u00e9missaire du Kremlin pour les questions \u00e9conomiques a d\u00e9nonc\u00e9 dimanche des \u00ab\u00a0tentatives\u00a0\u00bb de saper le <a href=\"https:\/\/www.20minutes.fr\/monde\/dialogue\/\" class=\"c-link c-link--is-underlined\" target=\"_blank\" rel=\"noopener\">dialogue<\/a> \u00ab\u00a0constructif\u00a0\u00bb entre la Russie et les \u00c9tats-Unis visant \u00e0 trouver un r\u00e8glement du conflit ukrainien, quelques jours apr\u00e8s le <a href=\"https:\/\/www.20minutes.fr\/dossier\/report\" class=\"c-link c-link--is-underlined\" target=\"_blank\" rel=\"noopener\">report<\/a> sine die d\u2019un projet de rencontre entre Vladimir Poutine et <a href=\"https:\/\/www.20minutes.fr\/dossier\/donald_trump\" class=\"c-link c-link--is-underlined\" target=\"_blank\" rel=\"noopener\">Donald Trump<\/a>. Cette annonce intervient alors que Kirill Dmitriev encha\u00eene depuis vendredi des rencontres avec des responsables de l\u2019administration Trump \u00e0 Washington.<\/p>\n<p><a href=\"https:\/\/www.20minutes.fr\/monde\/ukraine\/\" class=\"c-link c-btn c-btn--primary\" target=\"_blank\" rel=\"noopener\">Notre dossier sur la Guerre en Ukraine<\/a>Le chiffre du jour<\/p>\n<p>14.000 km. C\u2019est la port\u00e9e du nouveau missile russe Bourevestnik, qui peut passer dans l\u2019air \u00ab\u00a0environ 15 heures\u00a0\u00bb, en survolant 14.000 km. La <a href=\"https:\/\/www.20minutes.fr\/monde\/russie\/\" class=\"c-link c-link--is-underlined\" target=\"_blank\" rel=\"noopener\">Russie<\/a> a annonc\u00e9 dimanche un essai final r\u00e9ussi de son missile de croisi\u00e8re \u00e0 propulsion nucl\u00e9aire, Bourevestnik, une arme \u00ab\u00a0unique\u00a0\u00bb, en pleine offensive en Ukraine. \u00ab\u00a0Les tests d\u00e9cisifs sont d\u00e9sormais achev\u00e9s\u00a0\u00bb, a lanc\u00e9 le <a href=\"https:\/\/www.20minutes.fr\/dossier\/president\" class=\"c-link c-link--is-underlined\" target=\"_blank\" rel=\"noopener\">pr\u00e9sident<\/a> russe, dans une vid\u00e9o diffus\u00e9e par le <a href=\"https:\/\/www.20minutes.fr\/dossier\/kremlin\" class=\"c-link c-link--is-underlined\" target=\"_blank\" rel=\"noopener\">Kremlin<\/a>, lors d\u2019une r\u00e9union avec des responsables militaires, en ordonnant de commencer \u00e0 \u00ab\u00a0pr\u00e9parer les infrastructures pour mettre en service cet armement dans les forces arm\u00e9es\u00a0\u00bb russes.<\/p>\n<p>La tendance<\/p>\n<p>La ministre des Affaires \u00e9trang\u00e8res nord-cor\u00e9enne Choe Son Hui est attendue ce dimanche en Russie pour une visite de trois jours, a annonc\u00e9 la diplomatie russe dans un communiqu\u00e9. \u00ab\u00a0Du 26 au 28\u00a0octobre, la ministre des Affaires \u00e9trang\u00e8res nord-cor\u00e9enne Choe Son Hui sera en F\u00e9d\u00e9ration de Russie avec une visite de travail\u00a0\u00bb, a indiqu\u00e9 la diplomatie russe dans un communiqu\u00e9. L\u2019annonce de ces visites diplomatiques nord-cor\u00e9ennes intervient alors que le pr\u00e9sident am\u00e9ricain Donald Trump est attendu \u00e0 partir de mercredi en Cor\u00e9e du Sud voisine, o\u00f9 il participera au sommet de la Coop\u00e9ration \u00e9conomique Asie-Pacifique (Apec).<\/p>\n","protected":false},"excerpt":{"rendered":"Vous avez rat\u00e9 les derniers \u00e9v\u00e9nements sur la guerre en Ukraine\u00a0? 20 Minutes fait le point pour vous&hellip;\n","protected":false},"author":2,"featured_media":491677,"comment_status":"","ping_status":"","sticky":false,"template":"","format":"standard","meta":{"footnotes":""},"categories":[1591],"tags":[47,11,1887,131,4998,74,12,8013,1885,1886,132,14746,135,2744],"class_list":{"0":"post-491676","1":"post","2":"type-post","3":"status-publish","4":"format-standard","5":"has-post-thumbnail","7":"category-russie","8":"tag-actualite","9":"tag-actualites","10":"tag-federation-de-russie","11":"tag-guerre-en-ukraine","12":"tag-kremlin","13":"tag-monde","14":"tag-news","15":"tag-russe","16":"tag-russia","17":"tag-russian-federation","18":"tag-russie","19":"tag-vitali-klitschko","20":"tag-vladimir-poutine","21":"tag-washington"},"share_on_mastodon":{"url":"https:\/\/pubeurope.com\/@fr\/115441965831406244","error":""},"_links":{"self":[{"href":"https:\/\/www.europesays.com\/fr\/wp-json\/wp\/v2\/posts\/491676","targetHints":{"allow":["GET"]}}],"collection":[{"href":"https:\/\/www.europesays.com\/fr\/wp-json\/wp\/v2\/posts"}],"about":[{"href":"https:\/\/www.europesays.com\/fr\/wp-json\/wp\/v2\/types\/post"}],"author":[{"embeddable":true,"href":"https:\/\/www.europesays.com\/fr\/wp-json\/wp\/v2\/users\/2"}],"replies":[{"embeddable":true,"href":"https:\/\/www.europesays.com\/fr\/wp-json\/wp\/v2\/comments?post=491676"}],"version-history":[{"count":0,"href":"https:\/\/www.europesays.com\/fr\/wp-json\/wp\/v2\/posts\/491676\/revisions"}],"wp:featuredmedia":[{"embeddable":true,"href":"https:\/\/www.europesays.com\/fr\/wp-json\/wp\/v2\/media\/491677"}],"wp:attachment":[{"href":"https:\/\/www.europesays.com\/fr\/wp-json\/wp\/v2\/media?parent=491676"}],"wp:term":[{"taxonomy":"category","embeddable":true,"href":"https:\/\/www.europesays.com\/fr\/wp-json\/wp\/v2\/categories?post=491676"},{"taxonomy":"post_tag","embeddable":true,"href":"https:\/\/www.europesays.com\/fr\/wp-json\/wp\/v2\/tags?post=491676"}],"curies":[{"name":"wp","href":"https:\/\/api.w.org\/{rel}","templated":true}]}}