{"id":491678,"date":"2025-10-26T18:49:15","date_gmt":"2025-10-26T18:49:15","guid":{"rendered":"https:\/\/www.europesays.com\/fr\/491678\/"},"modified":"2025-10-26T18:49:15","modified_gmt":"2025-10-26T18:49:15","slug":"quelles-sont-les-lecons-a-tirer-pour-leurope-et-le-reste-de-loccident","status":"publish","type":"post","link":"https:\/\/www.europesays.com\/fr\/491678\/","title":{"rendered":"quelles sont les le\u00e7ons \u00e0 tirer pour l&rsquo;Europe (et le reste de l&rsquo;Occident) ?"},"content":{"rendered":"<p>\u00ab\u00a0Quelles le\u00e7ons peut-on tirer de la guerre en Ukraine\u00a0?\u00a0\u00bb Le colonel Robert Reczkowski\u00a0met en garde contre la tentation d&rsquo;obtenir trop t\u00f4t des conclusions d\u00e9finitives. \u00ab\u00a0Nous sommes encore dans le brouillard de la guerre.\u00a0Les Ukrainiens ne peuvent pas partager toutes leurs exp\u00e9riences, parce qu&rsquo;ils se m\u00e9fient des services de renseignement\u00a0russes.\u00a0\u00bb D&rsquo;ailleurs, certaines \u00ab\u00a0informations\u00a0\u00bb rel\u00e8vent en fait de la d\u00e9sinformation, avertit ce directeur adjoint du Centre de doctrine et d&rsquo;entra\u00eenement des forces arm\u00e9es polonaises. Il fait partie du panel d&rsquo;experts militaires, r\u00e9unis par le quotidien polonais\u00a0<a class=\"Link\" href=\"https:\/\/radar.rp.pl\/mspo\/art42998761-od-dronow-po-wojne-kognitywna-czego-polske-uczy-wojna-w-ukrainie\" target=\"_blank\" title=\"\" data-gtm=\"click:capsule\" data-capsule=\"Lien\" rel=\"nofollow noopener\">Rzeczpospolita<\/a>,\u00a0pour analyser la mani\u00e8re dont l&rsquo;arm\u00e9e polonaise entend se pr\u00e9parer \u00e0 un \u00e9ventuel conflit avec la Russie.<\/p>\n<p>Le\u00a0drone, une nouveaut\u00e9 radicale qui vient bouleverser tout ce que l&#8230;<\/p>\n<p>Toute l\u2019actualit\u00e9 \u00e0 1\u20ac le premier mois<\/p>\n<p><a href=\"https:\/\/abo.lepoint.fr\/?provenance=21EDI020098\" class=\"btn\" title=\"S&#039;abonner\" data-gtm=\"click:abo|display:abo\" data-campaign=\"paywall_maison\" rel=\"nofollow noopener\" target=\"_blank\">S&rsquo;abonner<\/a><\/p>\n<p>ou<\/p>\n<p>La newsletter d\u00e9bats et opinions<\/p>\n<p class=\"period\">Tous les vendredis \u00e0 7h30<\/p>\n<p>Recevez notre s\u00e9lection d\u2019articles tir\u00e9e de notre rubrique D\u00e9bats, pour comprendre les vrais enjeux du monde d\u2019aujourd\u2019hui et de notre soci\u00e9t\u00e9<\/p>\n<p>Merci !<br \/>Votre inscription a bien \u00e9t\u00e9 prise en compte avec l&rsquo;adresse email :<\/p>\n<p>Pour d\u00e9couvrir toutes nos autres newsletters, rendez-vous ici : <a href=\"https:\/\/moncompte.lepoint.fr\/\" title=\"\" rel=\"nofollow noopener\" target=\"_blank\">MonCompte<\/a><\/p>\n<p>En vous inscrivant, vous acceptez les <a href=\"https:\/\/www.lepoint.fr\/html\/cgu\/\" title=\"Conditions g\u00e9n\u00e9rales d&#039;utilisation\" rel=\"nofollow noopener\" target=\"_blank\">conditions g\u00e9n\u00e9rales d\u2019utilisations<\/a> et notre <a href=\"https:\/\/www.lepoint.fr\/html\/politique-de-protection-donnees-personnelles\/\" title=\"Politique de confidentialit\u00e9\" rel=\"nofollow noopener\" target=\"_blank\">politique de confidentialit\u00e9<\/a>.<\/p>\n","protected":false},"excerpt":{"rendered":"\u00ab\u00a0Quelles le\u00e7ons peut-on tirer de la guerre en Ukraine\u00a0?\u00a0\u00bb Le colonel Robert Reczkowski\u00a0met en garde contre la tentation&hellip;\n","protected":false},"author":2,"featured_media":491679,"comment_status":"","ping_status":"","sticky":false,"template":"","format":"standard","meta":{"footnotes":""},"categories":[1590],"tags":[11,13946,1777,674,12,220],"class_list":{"0":"post-491678","1":"post","2":"type-post","3":"status-publish","4":"format-standard","5":"has-post-thumbnail","7":"category-ukraine","8":"tag-actualites","9":"tag-debats","10":"tag-eu","11":"tag-europe","12":"tag-news","13":"tag-ukraine"},"share_on_mastodon":{"url":"https:\/\/pubeurope.com\/@fr\/115441969702755947","error":""},"_links":{"self":[{"href":"https:\/\/www.europesays.com\/fr\/wp-json\/wp\/v2\/posts\/491678","targetHints":{"allow":["GET"]}}],"collection":[{"href":"https:\/\/www.europesays.com\/fr\/wp-json\/wp\/v2\/posts"}],"about":[{"href":"https:\/\/www.europesays.com\/fr\/wp-json\/wp\/v2\/types\/post"}],"author":[{"embeddable":true,"href":"https:\/\/www.europesays.com\/fr\/wp-json\/wp\/v2\/users\/2"}],"replies":[{"embeddable":true,"href":"https:\/\/www.europesays.com\/fr\/wp-json\/wp\/v2\/comments?post=491678"}],"version-history":[{"count":0,"href":"https:\/\/www.europesays.com\/fr\/wp-json\/wp\/v2\/posts\/491678\/revisions"}],"wp:featuredmedia":[{"embeddable":true,"href":"https:\/\/www.europesays.com\/fr\/wp-json\/wp\/v2\/media\/491679"}],"wp:attachment":[{"href":"https:\/\/www.europesays.com\/fr\/wp-json\/wp\/v2\/media?parent=491678"}],"wp:term":[{"taxonomy":"category","embeddable":true,"href":"https:\/\/www.europesays.com\/fr\/wp-json\/wp\/v2\/categories?post=491678"},{"taxonomy":"post_tag","embeddable":true,"href":"https:\/\/www.europesays.com\/fr\/wp-json\/wp\/v2\/tags?post=491678"}],"curies":[{"name":"wp","href":"https:\/\/api.w.org\/{rel}","templated":true}]}}