{"id":491680,"date":"2025-10-26T18:50:14","date_gmt":"2025-10-26T18:50:14","guid":{"rendered":"https:\/\/www.europesays.com\/fr\/491680\/"},"modified":"2025-10-26T18:50:14","modified_gmt":"2025-10-26T18:50:14","slug":"cest-sa-marque-de-fabrique-donald-trump-fait-le-show-en-asie","status":"publish","type":"post","link":"https:\/\/www.europesays.com\/fr\/491680\/","title":{"rendered":"\u00ab\u00a0C&rsquo;est sa marque de fabrique\u00a0\u00bb : Donald Trump fait le show en Asie"},"content":{"rendered":"<ul class=\"jsx-862013697 ArticleChapo__List\">\n<li class=\"jsx-862013697 ArticleChapo__List_Item flex\">Donald Trump est arriv\u00e9 \u00e0 Kuala Lumpur, en Malaisie, ce dimanche.<\/li>\n<li class=\"jsx-862013697 ArticleChapo__List_Item flex\">Le pr\u00e9sident des \u00c9tats-Unis en a profit\u00e9 pour danser et faire le show.<\/li>\n<li class=\"jsx-862013697 ArticleChapo__List_Item flex\">Les journalistes de LCI analysent cette strat\u00e9gie.<\/li>\n<\/ul>\n<p><a href=\"https:\/\/www.tf1info.fr\/actualite\/la-perte-de-vitesse-de-donald-trump-10931\/\" rel=\"noopener\" class=\"jsx-484472199 Link jsx-1428418400 jsx-2392744303\" target=\"_blank\"><\/p>\n<p style=\"font-weight:400\" class=\"jsx-1837267516\">Suivez la couverture compl\u00e8te<\/p>\n<p style=\"font-weight:800\" class=\"jsx-1837267516\">La pr\u00e9sidence Donald Trump<\/p>\n<p><\/a><\/p>\n<p data-module=\"article-paragraph\" class=\"jsx-3046738180 Paragraph\">Le <a href=\"https:\/\/www.tf1info.fr\/international\/asie-chine-xi-jinping-lula-qui-donald-trump-va-t-il-rencontrer-lors-de-son-importante-tournee-sur-le-contient-2402673.html\" target=\"_blank\" rel=\"noopener\">pr\u00e9sident des \u00c9tats-Unis<\/a> a entam\u00e9 une tourn\u00e9e en Asie. Il est arriv\u00e9 \u00e0 Kuala Lumpur, en Malaisie, dimanche 26 octobre, pour participer \u00e0 une r\u00e9union de l&rsquo;Association des nations de l&rsquo;Asie du Sud-Est (Asean). \u00c0 l&rsquo;a\u00e9roport, Donald Trump a \u00e9t\u00e9 re\u00e7u en musique, par des danseurs v\u00eatus de tenues traditionnelles. Le r\u00e9publicain s&rsquo;est, lui aussi, d\u00e9hanch\u00e9. Les journalistes de LCI d\u00e9cryptent ces pas de danse.<\/p>\n<p data-module=\"article-paragraph\" class=\"jsx-3046738180 Paragraph Paragraph__End\">\u00ab\u00a0Quand il fait ce genre de voyage, il est un peu plus espi\u00e8gle\u00a0\u00bb, explique Aur\u00e9lien Duch\u00eane, consultant g\u00e9opolitique et d\u00e9fense. En comparaison, quand il rencontre Vladimir Poutine, le pr\u00e9sident des \u00c9tats-Unis est \u00ab\u00a0plus s\u00e9rieux\u00a0\u00bb. Lorsqu&rsquo;il danse, ses interlocuteurs sont oblig\u00e9s \u00ab\u00a0de s&rsquo;y plier\u00a0\u00bb, car \u00ab\u00a0ils n&rsquo;ont pas envie de f\u00e2cher la b\u00eate Trump\u00a0\u00bb, relate l&rsquo;expert.\u00a0<\/p>\n<p>\u00ab\u00a0Donald Trump casse les codes\u00a0\u00bb<\/p>\n<p data-module=\"article-paragraph\" class=\"jsx-3046738180 Paragraph\">\u00ab\u00a0C&rsquo;est le d\u00e9hanch\u00e9 Trump\u00a0\u00bb, commente l&rsquo;\u00e9ditorialiste international Magali Barth\u00e8s. Ce pas de danse, il le faisait \u00e0 tous ses meetings. \u00ab\u00a0C&rsquo;est devenu sa marque de fabrique\u00a0\u00bb, estime-t-elle. Cette s\u00e9quence montre \u00e9galement que le locataire de la Maison Blanche est \u00ab\u00a0en op\u00e9ration s\u00e9duction\u00a0\u00bb en Asie du Sud-Est. La mise en place de nouveaux droits de douane n&rsquo;a pas \u00e9t\u00e9 sans cons\u00e9quence. Ces pays se sont rapproch\u00e9s de la Chine. L&rsquo;image de Donald Trump en train de danser \u00e0 l&rsquo;a\u00e9roport de Kuala Lumpur \u00ab\u00a0va faire le tour du monde\u00a0\u00bb, selon la journaliste. \u00ab\u00a0Et il le sait parfaitement et il en joue\u00a0\u00bb, poursuit-elle.\u00a0<\/p>\n<p data-module=\"article-paragraph\" class=\"jsx-3046738180 Paragraph Paragraph__End\">\u00ab\u00a0Donald Trump casse les codes et d\u00e9marre son grand show en Asie\u00a0\u00bb, consid\u00e8re Richard Werly, \u00e9ditorialiste international pour le quotidien suisse Blick. Le pr\u00e9sident des \u00c9tats-Unis sympathise aussi avec le Premier ministre malaisien, Anwar Ibrahim, \u00ab\u00a0un des soutiens les plus irr\u00e9ductibles du Hamas et de la cause palestinienne\u00a0\u00bb, selon le journaliste. Le r\u00e9publicain reste concentr\u00e9 sur ses objectifs commerciaux, en oubliant \u00ab\u00a0des choses beaucoup plus fondamentales\u00a0\u00bb.\u00a0<\/p>\n<p><a href=\"https:\/\/www.tf1info.fr\/international\/en-tournee-en-asie-donald-trump-co-signe-un-accord-de-cessez-le-feu-entre-le-cambodge-et-la-thailande-2402789.html\" rel=\"noopener\" class=\"jsx-3308031228 Link flex\" target=\"_blank\"><img decoding=\"async\" src=\"https:\/\/www.europesays.com\/fr\/wp-content\/uploads\/2025\/10\/trump-gamboge-accord-thailande-598622-0@1x.jpeg\" alt=\"ANDREW CABALLERO-REYNOLDS \/ AFP\" loading=\"lazy\" importance=\"low\" fetchpriority=\"low\" class=\"\" aria-hidden=\"true\"\/><\/p>\n<p class=\"jsx-3657663356 ReadMoreArticle__Title\">Lire aussi<\/p>\n<p class=\"jsx-3657663356\">En tourn\u00e9e en Asie, Trump co-signe un accord de cessez-le-feu entre le Cambodge et la Tha\u00eflande<\/p>\n<p><\/a><\/p>\n<p data-module=\"article-paragraph\" class=\"jsx-3046738180 Paragraph Paragraph__End\">Donald Trump a profit\u00e9 de sa pr\u00e9sence en Malaisie pour signer un accord s\u00e9curisant l&rsquo;acc\u00e8s des \u00c9tats-Unis aux terres rares de ce pays, ce dimanche. Kuala Lumpur a d\u00e9clar\u00e9 en 2023 d\u00e9tenir environ 16,2 millions de tonnes de r\u00e9serves inexploit\u00e9es de terres rares. Jeudi, le pr\u00e9sident des \u00c9tats-Unis rencontrera le dirigeant chinois Xi Jinping.<\/p>\n<p>Clara MARTINOT<\/p>\n","protected":false},"excerpt":{"rendered":"Donald Trump est arriv\u00e9 \u00e0 Kuala Lumpur, en Malaisie, ce dimanche. Le pr\u00e9sident des \u00c9tats-Unis en a profit\u00e9&hellip;\n","protected":false},"author":2,"featured_media":491681,"comment_status":"","ping_status":"","sticky":false,"template":"","format":"standard","meta":{"footnotes":""},"categories":[1589],"tags":[1111,11,1921,6060,75,73,1866,1922,61439,13646,2497,12,1864,1865,1863,308,133,1920],"class_list":{"0":"post-491680","1":"post","2":"type-post","3":"status-publish","4":"format-standard","5":"has-post-thumbnail","7":"category-etats-unis","8":"tag-actu","9":"tag-actualites","10":"tag-article-video","11":"tag-asie","12":"tag-donald-trump","13":"tag-etats-unis","14":"tag-etats-unis-damerique","15":"tag-info","16":"tag-la-presidence-donald-trump","17":"tag-lci-midi","18":"tag-le-second-mandat-de-donald-trump","19":"tag-news","20":"tag-united-states","21":"tag-united-states-of-america","22":"tag-us","23":"tag-usa","24":"tag-video","25":"tag-video-international"},"share_on_mastodon":{"url":"https:\/\/pubeurope.com\/@fr\/115441974258708741","error":""},"_links":{"self":[{"href":"https:\/\/www.europesays.com\/fr\/wp-json\/wp\/v2\/posts\/491680","targetHints":{"allow":["GET"]}}],"collection":[{"href":"https:\/\/www.europesays.com\/fr\/wp-json\/wp\/v2\/posts"}],"about":[{"href":"https:\/\/www.europesays.com\/fr\/wp-json\/wp\/v2\/types\/post"}],"author":[{"embeddable":true,"href":"https:\/\/www.europesays.com\/fr\/wp-json\/wp\/v2\/users\/2"}],"replies":[{"embeddable":true,"href":"https:\/\/www.europesays.com\/fr\/wp-json\/wp\/v2\/comments?post=491680"}],"version-history":[{"count":0,"href":"https:\/\/www.europesays.com\/fr\/wp-json\/wp\/v2\/posts\/491680\/revisions"}],"wp:featuredmedia":[{"embeddable":true,"href":"https:\/\/www.europesays.com\/fr\/wp-json\/wp\/v2\/media\/491681"}],"wp:attachment":[{"href":"https:\/\/www.europesays.com\/fr\/wp-json\/wp\/v2\/media?parent=491680"}],"wp:term":[{"taxonomy":"category","embeddable":true,"href":"https:\/\/www.europesays.com\/fr\/wp-json\/wp\/v2\/categories?post=491680"},{"taxonomy":"post_tag","embeddable":true,"href":"https:\/\/www.europesays.com\/fr\/wp-json\/wp\/v2\/tags?post=491680"}],"curies":[{"name":"wp","href":"https:\/\/api.w.org\/{rel}","templated":true}]}}